{"id":784814,"date":"2026-02-05T14:39:59","date_gmt":"2026-02-05T13:39:59","guid":{"rendered":"https:\/\/www.hashtag.al\/?p=784814"},"modified":"2026-02-05T14:39:59","modified_gmt":"2026-02-05T13:39:59","slug":"protesta-e-opozites-berisha-beteje-deri-ne-rrezimin-e-rames","status":"publish","type":"post","link":"https:\/\/www.hashtag.al\/index.php\/2026\/02\/05\/protesta-e-opozites-berisha-beteje-deri-ne-rrezimin-e-rames\/","title":{"rendered":"Protesta e opozit\u00ebs, Berisha: Betej\u00eb, deri n\u00eb rr\u00ebzimin e Ram\u00ebs","gt_translate_keys":[{"key":"rendered","format":"text"}]},"content":{"rendered":"<p><span style=\"color: #000000;\"><img loading=\"lazy\" decoding=\"async\" class=\"alignnone size-full wp-image-779943\" src=\"https:\/\/www.hashtag.al\/wp-content\/uploads\/2026\/01\/berisha-768x406-1.jpg\" alt=\"\" width=\"768\" height=\"406\" srcset=\"https:\/\/www.hashtag.al\/wp-content\/uploads\/2026\/01\/berisha-768x406-1.jpg 768w, https:\/\/www.hashtag.al\/wp-content\/uploads\/2026\/01\/berisha-768x406-1-300x159.jpg 300w\" sizes=\"auto, (max-width: 768px) 100vw, 768px\" \/><\/span><\/p>\n<p><span style=\"color: #000000;\">Kryetari i PD-s\u00eb, n\u00eb nj\u00eb dalje p\u00ebr mediat, deklaroi se strategjia e opozit\u00ebs \u00ebsht\u00eb e qart\u00eb, betej\u00eb deri n\u00eb rr\u00ebzimin nga pushteti t\u00eb Edi Ram\u00ebs.<\/span><\/p>\n<p><span style=\"color: #000000;\">Duke u ndalur te protesta e 10 shkurtit, Berisha pohoi se qytetar\u00ebt kan\u00eb shum\u00eb motive p\u00ebr t\u00eb protestuar kund\u00ebr qeveris\u00eb.<\/span><\/p>\n<p><span style=\"color: #000000;\">\u201c<em>Strategjia e PD \u00ebsht\u00eb betej\u00eb gjer n\u00eb rr\u00ebzimin e Ram\u00ebs. Ai nuk ka legjitimitet. Jemi shum\u00eb mir\u00ebnjoh\u00ebs sepse nj\u00eb qytetar q\u00eb t\u00eb zem\u00ebrohet ndaj pushtetit t\u00eb vendit tij, duhet t\u00eb ket\u00eb motive t\u00eb forta. Ndaj qytetar\u00ebt e kan\u00eb motivet. Qeveria nuk ka legjitimitet, ka shnd\u00ebrruar zgjedhjet n\u00eb fars\u00eb, ka vjedhur qindra mln euro, nuk do drejt\u00ebsin\u00eb. Shqiptar\u00ebt jan\u00eb t\u00eb vendosur.\u201d,<\/em> pohoi ai.<\/span><\/p>\n","protected":false,"gt_translate_keys":[{"key":"rendered","format":"html"}]},"excerpt":{"rendered":"<p>Kryetari i PD-s\u00eb, n\u00eb nj\u00eb dalje p\u00ebr mediat, deklaroi se strategjia e opozit\u00ebs \u00ebsht\u00eb e qart\u00eb, betej\u00eb deri n\u00eb rr\u00ebzimin nga pushteti t\u00eb Edi Ram\u00ebs. Duke u ndalur te protesta e 10 shkurtit, Berisha pohoi se qytetar\u00ebt kan\u00eb shum\u00eb motive p\u00ebr t\u00eb protestuar kund\u00ebr qeveris\u00eb. \u201cStrategjia e PD \u00ebsht\u00eb betej\u00eb gjer n\u00eb rr\u00ebzimin e Ram\u00ebs. [&hellip;]<\/p>\n","protected":false,"gt_translate_keys":[{"key":"rendered","format":"html"}]},"author":32,"featured_media":779943,"comment_status":"closed","ping_status":"open","sticky":false,"template":"","format":"standard","meta":{"footnotes":""},"categories":[65],"tags":[],"class_list":["post-784814","post","type-post","status-publish","format-standard","has-post-thumbnail","hentry","category-lajme"],"gt_translate_keys":[{"key":"link","format":"url"}],"_links":{"self":[{"href":"https:\/\/www.hashtag.al\/index.php\/wp-json\/wp\/v2\/posts\/784814","targetHints":{"allow":["GET"]}}],"collection":[{"href":"https:\/\/www.hashtag.al\/index.php\/wp-json\/wp\/v2\/posts"}],"about":[{"href":"https:\/\/www.hashtag.al\/index.php\/wp-json\/wp\/v2\/types\/post"}],"author":[{"embeddable":true,"href":"https:\/\/www.hashtag.al\/index.php\/wp-json\/wp\/v2\/users\/32"}],"replies":[{"embeddable":true,"href":"https:\/\/www.hashtag.al\/index.php\/wp-json\/wp\/v2\/comments?post=784814"}],"version-history":[{"count":99999,"href":"https:\/\/www.hashtag.al\/index.php\/wp-json\/wp\/v2\/posts\/784814\/revisions"}],"predecessor-version":[{"id":784815,"href":"https:\/\/www.hashtag.al\/index.php\/wp-json\/wp\/v2\/posts\/784814\/revisions\/784815"}],"wp:featuredmedia":[{"embeddable":true,"href":"https:\/\/www.hashtag.al\/index.php\/wp-json\/wp\/v2\/media\/779943"}],"wp:attachment":[{"href":"https:\/\/www.hashtag.al\/index.php\/wp-json\/wp\/v2\/media?parent=784814"}],"wp:term":[{"taxonomy":"category","embeddable":true,"href":"https:\/\/www.hashtag.al\/index.php\/wp-json\/wp\/v2\/categories?post=784814"},{"taxonomy":"post_tag","embeddable":true,"href":"https:\/\/www.hashtag.al\/index.php\/wp-json\/wp\/v2\/tags?post=784814"}],"curies":[{"name":"wp","href":"https:\/\/api.w.org\/{rel}","templated":true}]}}