{"id":784698,"date":"2026-02-04T17:59:12","date_gmt":"2026-02-04T16:59:12","guid":{"rendered":"https:\/\/www.hashtag.al\/?p=784698"},"modified":"2026-02-04T17:59:12","modified_gmt":"2026-02-04T16:59:12","slug":"qeveria-gati-amnistine-penale-kush-perfiton-lirine-ulje-te-denimit-dhe-shpeton-nga-hetimi","status":"publish","type":"post","link":"https:\/\/www.hashtag.al\/index.php\/2026\/02\/04\/qeveria-gati-amnistine-penale-kush-perfiton-lirine-ulje-te-denimit-dhe-shpeton-nga-hetimi\/","title":{"rendered":"Qeveria gati Amnistin\u00eb Penale &#8211; kush p\u00ebrfiton lirin\u00eb, ulje t\u00eb d\u00ebnimit dhe shp\u00ebton nga hetimi","gt_translate_keys":[{"key":"rendered","format":"text"}]},"content":{"rendered":"<p><span style=\"color: #000000;\"><img loading=\"lazy\" decoding=\"async\" class=\"alignnone size-full wp-image-473760\" src=\"https:\/\/www.hashtag.al\/wp-content\/uploads\/2021\/09\/burgje.jpg\" alt=\"\" width=\"664\" height=\"450\" srcset=\"https:\/\/www.hashtag.al\/wp-content\/uploads\/2021\/09\/burgje.jpg 664w, https:\/\/www.hashtag.al\/wp-content\/uploads\/2021\/09\/burgje-300x203.jpg 300w\" sizes=\"auto, (max-width: 664px) 100vw, 664px\" \/><\/span><\/p>\n<p><span style=\"color: #000000;\">Burra q\u00eb deri m\u00eb 31 dhjetor 2025 jan\u00eb d\u00ebnuar me vendim t\u00eb form\u00ebs s\u00eb prer\u00eb apo u ka mbetur edhe 3 vite burg dhe vendimi ka marr\u00eb form\u00eb t\u00eb prer\u00eb dhe gra q\u00eb jan\u00eb d\u00ebnuar me 4 vite burg me vendim t\u00eb form\u00ebs s\u00eb prer\u00eb deri n\u00eb fund t\u00eb vitit t\u00eb kaluar, me p\u00ebrjashtim t\u00eb disa kategorive t\u00eb veprave penale, do t\u00eb lirohen menj\u00ebher\u00eb n\u00ebse Kuvendi do t\u2019i jap\u00eb drit\u00ebn jeshile k\u00ebtij drafti amnistie penale q\u00eb qeveria ka p\u00ebrgatitur.<\/span><\/p>\n<p><span style=\"color: #000000;\">Report Tv ka siguruar ekskluzivisht draftin q\u00eb do t\u00eb kaloj\u00eb nga K\u00ebshilli i Ministrave n\u00eb Kuvend, nga i cili pritet t\u00eb p\u00ebrfitojn\u00eb mbi 10 mij\u00eb persona, me 380 t\u00eb burgosur q\u00eb pritet t\u00eb lirohen menj\u00ebher\u00eb dhe 980 t\u00eb tjer\u00eb q\u00eb p\u00ebrfitojn\u00eb ulje d\u00ebnimi.<\/span><\/p>\n<p><img decoding=\"async\" src=\"https:\/\/shqiptarja.com\/uploads\/ckeditor\/69836ab777ef8e2c793f3-8e42-4bc5-9e12-74073273b401.jpg\" \/><\/p>\n<p><span style=\"color: #000000;\">Amnistia, kush p\u00ebrfiton lirim t\u00eb menj\u00ebhersh\u00ebm<\/span><\/p>\n<p><span style=\"color: #000000;\">Lirim t\u00eb menj\u00ebhersh\u00ebm do t\u00eb p\u00ebrfitojn\u00eb edhe t\u00eb gjitha grat\u00eb q\u00eb deri n\u00eb hyrjen n\u00eb fuqi t\u00eb k\u00ebtij ligji do t\u2019u ket\u00eb mbetur edhe 4 vite burg p\u00ebr t\u00eb vuajtur, pavar\u00ebsisht mas\u00ebs s\u00eb d\u00ebnimit, apo burrat q\u00eb\u00a0 deri n\u00eb hyrjen n\u00eb fuqi t\u00eb ligjit do t\u00eb ken\u00eb edhe 3 vite t\u00eb tjera burgim, pavar\u00ebsisht sa jan\u00eb d\u00ebnuar.<\/span><\/p>\n<p><span style=\"color: #000000;\">Duke p\u00ebrjashtuar t\u00eb gjith\u00eb t\u00eb d\u00ebnuarit p\u00ebr nj\u00eb s\u00ebr\u00eb veprash penale, do t\u00eb lirohen gjithashtu t\u00eb gjitha grat\u00eb q\u00eb n\u00eb momentin kur hyn ligji n\u00eb fuqi kan\u00eb mbushur 50 vje\u00e7 apo burrat mbi 60-vje\u00e7 apo edhe t\u00eb d\u00ebnuarit t\u00eb rinj, t\u00eb cil\u00ebt n\u00eb koh\u00ebn e kryerjes s\u00eb vepr\u00ebs penale kan\u00eb qen\u00eb 18 vje\u00e7 ose m\u00eb t\u00eb vegj\u00ebl.<\/span><\/p>\n<p>&nbsp;<\/p>\n<p><span style=\"color: #000000;\">LIROHEN MENJ\u00cbHER\u00cb NGA BURGU (me p\u00ebrjashtimet e ligjit)<\/span><\/p>\n<p><span style=\"color: #000000;\">Burrat e d\u00ebnuar deri n\u00eb 3 vite ose m\u00eb pak<\/span><\/p>\n<p><span style=\"color: #000000;\">Grat\u00eb e d\u00ebnuara deri n\u00eb 4 vite ose m\u00eb pak<\/span><\/p>\n<p><span style=\"color: #000000;\">Burrat q\u00eb u ka mbetur deri n\u00eb 3 vite burg<\/span><\/p>\n<p><span style=\"color: #000000;\">Grat\u00eb q\u00eb u ka mbetur deri n\u00eb 4 vite burg<\/span><\/p>\n<p><span style=\"color: #000000;\">Burrat q\u00eb jan\u00eb 60-vje\u00e7 ose m\u00eb shum\u00eb<\/span><\/p>\n<p><span style=\"color: #000000;\">Grat\u00eb q\u00eb jan\u00eb 50-vje\u00e7 ose m\u00eb shum\u00eb<\/span><\/p>\n<p><span style=\"color: #000000;\">T\u00eb gjith\u00eb ata q\u00eb ishin 18-vje\u00e7 kur kryen krimin<\/span><\/p>\n<p><span style=\"color: #000000;\">Ulje e d\u00ebnimit<\/span><\/p>\n<p><span style=\"color: #000000;\">P\u00ebrve\u00e7 rreth 380 t\u00eb burgosurve q\u00eb p\u00ebrfitojn\u00eb lirim t\u00eb menj\u00ebhersh\u00ebm, rreth 1000 t\u00eb tjer\u00eb do t\u00eb duhet t\u00eb k\u00ebnaqen me ulje t\u00eb d\u00ebnimit. N\u00eb draft \u00ebsht\u00eb parashikuar ulja e d\u00ebnimit me 1 vit p\u00ebr burrat dhe 1 vit e gjysm\u00eb p\u00ebr grat\u00eb dhe t\u00eb miturit. Por dhe k\u00ebtu p\u00ebrjashtohen t\u00eb gjith\u00eb personat e d\u00ebnuar nga GJKKO, t\u00eb d\u00ebnuarit me burgim t\u00eb p\u00ebrjetsh\u00ebm, ata q\u00eb i jan\u00eb shmangur drejt\u00ebsis\u00eb dhe t\u00eb d\u00ebnuar p\u00ebr vrasje n\u00eb rrethana cil\u00ebsuese, vrasja e funksionarit publik, vrasja e punonj\u00ebsit t\u00eb policis\u00eb dhe vrasja n\u00eb familje.<\/span><\/p>\n<p><img decoding=\"async\" src=\"https:\/\/shqiptarja.com\/uploads\/ckeditor\/69836afd8d5665962f24c-91a8-44fd-9148-f624610dce31.jpg\" \/><\/p>\n<p>&nbsp;<\/p>\n<p><span style=\"color: #000000;\">Kush nuk p\u00ebrfitonm nga ulja e d\u00ebnimit<\/span><\/p>\n<p><span style=\"color: #000000;\">Pushimi i ndjekjes penale<\/span><\/p>\n<p><span style=\"color: #000000;\">Gati 9000 qytetar\u00eb t\u00eb tjer\u00eb pritet t\u00eb p\u00ebrfitojn\u00eb nga amnistia penale p\u00ebrmes shuarjes s\u00eb hetimit apo gjykimit ndaj tyre. Pra ndaj tyre nuk do t\u00eb vijoj\u00eb m\u00eb hetimi apo gjykimi. Drafti parashikon p\u00ebrjashtimin nga ndjekja penale p\u00ebr t\u00eb gjitha \u00e7\u00ebshtjet n\u00eb hetim, \u00e7\u00ebshtjet e pashqyrtuara si dhe kall\u00ebzimet q\u00eb ndodhen n\u00eb k\u00ebto organe, pavar\u00ebsisht nga data e regjistrimit t\u00eb tyre, p\u00ebr krimet e b\u00ebra deri m\u00eb 31 dhjetor 2025. Kjo p\u00ebr veprat p\u00ebr t\u00eb cilat, Kodi Penal dhe Kodi Penal Ushtarak, parashikon d\u00ebnim deri n\u00eb 3 vjet burg, me p\u00ebrjashtim t\u00eb veprave q\u00eb kan\u00eb kriteret ndaluese.<\/span><\/p>\n<p>&nbsp;<\/p>\n<p><span style=\"color: #000000;\">Kush p\u00ebrjashtohet nga aministia<\/span><\/p>\n<p><span style=\"color: #000000;\">P\u00ebrjashtohen si p\u00ebrfitues t\u00eb k\u00ebsaj amnistie penale, p\u00ebrve\u00e7 uljes me nj\u00eb vit apo nj\u00eb vit e gjysm\u00eb t\u00eb d\u00ebnimet, t\u00eb gjith\u00eb t\u00eb d\u00ebnuarit p\u00ebr vepra t\u00eb r\u00ebnda penale, jan\u00eb plot 19 kategori t\u00eb tilla, duke filluar nga krimet kund\u00ebr njer\u00ebzimit, krime kund\u00ebr jet\u00ebs, krime seksuale, vepra kund\u00ebr f\u00ebmij\u00ebve, veprat penale q\u00eb prekin zgjedhjet e lira, bandat e armatosura dhe organizata kriminale, si dhe veprat e korrupsionit.<\/span><\/p>\n<p>&nbsp;<\/p>\n<p><span style=\"color: #000000;\">VEPRA PENALE Q\u00cb P\u00cbRJASHTOHEN NGA AMNISTIA<\/span><\/p>\n<p><span style=\"color: #000000;\">Krime kund\u00ebr njer\u00ebzimit<\/span><\/p>\n<p><span style=\"color: #000000;\">Krime kund\u00ebr jet\u00ebs<\/span><\/p>\n<p><span style=\"color: #000000;\">Krime kund\u00ebr sh\u00ebndetit<\/span><\/p>\n<p><span style=\"color: #000000;\">Krime seksuale<\/span><\/p>\n<p><span style=\"color: #000000;\">Krime kund\u00ebr liris\u00eb s\u00eb personit<\/span><\/p>\n<p><span style=\"color: #000000;\">Krime kund\u00ebr moralit dhe dinjitetit<\/span><\/p>\n<p><span style=\"color: #000000;\">Krime kund\u00ebr f\u00ebmij\u00ebve, martes\u00ebs e familjes<\/span><\/p>\n<p><span style=\"color: #000000;\">Krime kund\u00ebr pasuris\u00eb dhe n\u00eb sfer\u00ebn ekonomike<\/span><\/p>\n<p><span style=\"color: #000000;\">Krime t\u00eb falsifikimit t\u00eb dokumenteve<\/span><\/p>\n<p><span style=\"color: #000000;\">Krime kund\u00ebr t\u00eb tok\u00ebs e t\u00eb nd\u00ebrtimeve<\/span><\/p>\n<p><span style=\"color: #000000;\">Krime kund\u00ebr mjedisit<\/span><\/p>\n<p><span style=\"color: #000000;\">Krime kund\u00ebr pavar\u00ebsis\u00eb e rendit kushtetues<\/span><\/p>\n<p><span style=\"color: #000000;\">Krime q\u00eb cenojn\u00eb marr\u00ebdh\u00ebniet me shtetet e tjera<\/span><\/p>\n<p><span style=\"color: #000000;\">Krime me q\u00ebllime terroriste<\/span><\/p>\n<p><span style=\"color: #000000;\">Krime kund\u00ebr autoritetit t\u00eb shtetit<\/span><\/p>\n<p><span style=\"color: #000000;\">Krime kund\u00ebr drejt\u00ebsis\u00eb<\/span><\/p>\n<p><span style=\"color: #000000;\">Krime kund\u00ebr zgjedhjeve<\/span><\/p>\n<p><span style=\"color: #000000;\">Krimet nga banda t\u00eb armatosura dhe organizata kriminale<\/span><\/p>\n<p><span style=\"color: #000000;\">Krime q\u00eb gjykohen nga GJKKO<\/span><\/p>\n<p><span style=\"color: #000000;\">T\u00eb gjitha t\u00eb arratisur dhe q\u00eb i jan\u00eb shmangur drejt\u00ebsis\u00eb nuk p\u00ebrfitojn\u00eb asnj\u00eb kategori nga amnistia, duke p\u00ebrfshir\u00eb lirimin, uljen e d\u00ebnimit apo edhe pushimin e ndjekjes penale.<\/span><\/p>\n<p><span style=\"color: #000000;\">Ministria e Drejt\u00ebsis\u00eb thot\u00eb se e bazon k\u00ebt\u00eb ligj nd\u00ebr t\u00eb tjera me parimet i humanizmit; arritjen e q\u00ebllimit t\u00eb d\u00ebnimit; edukimin dhe rehabilitimin dhe mbrojtjen e interesit publik<\/span><\/p>\n<p>&nbsp;<\/p>\n<p><span style=\"color: #000000;\"><span style=\"color: #ff0000;\">VINI RE:<\/span> Ky material \u00ebsht\u00eb pron\u00ebsi intelektuale e <span style=\"color: #0000ff;\"><a style=\"color: #0000ff;\" href=\"https:\/\/shqiptarja.com\/lajm\/ekskluzive-qeveria-gati-amnistine-penale-kush-merr-lirine-ulje-denimi-e-shpeton-nga-hetimi-e-gjykimi-perfitojne-1400-te-burgosur-e-9000-nen-akuze-jo-subjeket-e-spak\">Shqiptarja.com<\/a><\/span><\/span><\/p>\n","protected":false,"gt_translate_keys":[{"key":"rendered","format":"html"}]},"excerpt":{"rendered":"<p>Burra q\u00eb deri m\u00eb 31 dhjetor 2025 jan\u00eb d\u00ebnuar me vendim t\u00eb form\u00ebs s\u00eb prer\u00eb apo u ka mbetur edhe 3 vite burg dhe vendimi ka marr\u00eb form\u00eb t\u00eb prer\u00eb dhe gra q\u00eb jan\u00eb d\u00ebnuar me 4 vite burg me vendim t\u00eb form\u00ebs s\u00eb prer\u00eb deri n\u00eb fund t\u00eb vitit t\u00eb kaluar, me p\u00ebrjashtim t\u00eb [&hellip;]<\/p>\n","protected":false,"gt_translate_keys":[{"key":"rendered","format":"html"}]},"author":32,"featured_media":473760,"comment_status":"closed","ping_status":"open","sticky":false,"template":"","format":"standard","meta":{"footnotes":""},"categories":[65],"tags":[],"class_list":["post-784698","post","type-post","status-publish","format-standard","has-post-thumbnail","hentry","category-lajme"],"gt_translate_keys":[{"key":"link","format":"url"}],"_links":{"self":[{"href":"https:\/\/www.hashtag.al\/index.php\/wp-json\/wp\/v2\/posts\/784698","targetHints":{"allow":["GET"]}}],"collection":[{"href":"https:\/\/www.hashtag.al\/index.php\/wp-json\/wp\/v2\/posts"}],"about":[{"href":"https:\/\/www.hashtag.al\/index.php\/wp-json\/wp\/v2\/types\/post"}],"author":[{"embeddable":true,"href":"https:\/\/www.hashtag.al\/index.php\/wp-json\/wp\/v2\/users\/32"}],"replies":[{"embeddable":true,"href":"https:\/\/www.hashtag.al\/index.php\/wp-json\/wp\/v2\/comments?post=784698"}],"version-history":[{"count":99999,"href":"https:\/\/www.hashtag.al\/index.php\/wp-json\/wp\/v2\/posts\/784698\/revisions"}],"predecessor-version":[{"id":784699,"href":"https:\/\/www.hashtag.al\/index.php\/wp-json\/wp\/v2\/posts\/784698\/revisions\/784699"}],"wp:featuredmedia":[{"embeddable":true,"href":"https:\/\/www.hashtag.al\/index.php\/wp-json\/wp\/v2\/media\/473760"}],"wp:attachment":[{"href":"https:\/\/www.hashtag.al\/index.php\/wp-json\/wp\/v2\/media?parent=784698"}],"wp:term":[{"taxonomy":"category","embeddable":true,"href":"https:\/\/www.hashtag.al\/index.php\/wp-json\/wp\/v2\/categories?post=784698"},{"taxonomy":"post_tag","embeddable":true,"href":"https:\/\/www.hashtag.al\/index.php\/wp-json\/wp\/v2\/tags?post=784698"}],"curies":[{"name":"wp","href":"https:\/\/api.w.org\/{rel}","templated":true}]}}