{"id":784628,"date":"2026-02-04T09:01:05","date_gmt":"2026-02-04T08:01:05","guid":{"rendered":"https:\/\/www.hashtag.al\/?p=784628"},"modified":"2026-02-04T09:01:05","modified_gmt":"2026-02-04T08:01:05","slug":"unikale-ne-europe-rama-per-kerkesen-e-gjyqtareve-per-rritje-pagash","status":"publish","type":"post","link":"https:\/\/www.hashtag.al\/index.php\/2026\/02\/04\/unikale-ne-europe-rama-per-kerkesen-e-gjyqtareve-per-rritje-pagash\/","title":{"rendered":"\u201cUnikale n\u00eb Europ\u00eb\u201d \u2013 Rama p\u00ebr k\u00ebrkes\u00ebn e gjyqtar\u00ebve p\u00ebr rritje pagash","gt_translate_keys":[{"key":"rendered","format":"text"}]},"content":{"rendered":"<p data-start=\"83\" data-end=\"471\"><span style=\"color: #000000;\"><img loading=\"lazy\" decoding=\"async\" class=\"size-full wp-image-781852 aligncenter\" src=\"https:\/\/www.hashtag.al\/wp-content\/uploads\/2026\/01\/rama-1.jpg\" alt=\"\" width=\"1276\" height=\"748\" srcset=\"https:\/\/www.hashtag.al\/wp-content\/uploads\/2026\/01\/rama-1.jpg 1276w, https:\/\/www.hashtag.al\/wp-content\/uploads\/2026\/01\/rama-1-300x176.jpg 300w, https:\/\/www.hashtag.al\/wp-content\/uploads\/2026\/01\/rama-1-1024x600.jpg 1024w, https:\/\/www.hashtag.al\/wp-content\/uploads\/2026\/01\/rama-1-768x450.jpg 768w\" sizes=\"auto, (max-width: 1276px) 100vw, 1276px\" \/><br \/>\nKryeministri Edi Rama ka reaguar s\u00ebrish ashp\u00ebr ndaj k\u00ebrkes\u00ebs s\u00eb shoqat\u00ebs s\u00eb gjyqtar\u00ebve p\u00ebr rritjen e pagave, duke e cil\u00ebsuar at\u00eb si t\u00eb papranueshme dhe t\u00eb paprecedent\u00eb n\u00eb historin\u00eb europiane. N\u00eb nj\u00eb komunikim p\u00ebr mediat, kreu i qeveris\u00eb tha se \u00ebsht\u00eb i habitur nga reagimi i gjyqtar\u00ebve dhe nga, sipas tij, tentativa p\u00ebr t\u2019i imponuar Kuvendit dhe qeveris\u00eb vendime p\u00ebrmes pushtetit gjyq\u00ebsor.<\/span><\/p>\n<p data-start=\"473\" data-end=\"868\"><span style=\"color: #000000;\">Rama deklaroi se k\u00ebrkesa p\u00ebrfshin rreth 37 milion\u00eb euro nga buxheti i shtetit dhe parashikon rritje t\u00eb ndjeshme t\u00eb pagave p\u00ebr gjyqtar\u00ebt, duke p\u00ebrmendur se paga e nj\u00eb gjyqtari Apeli synohet t\u00eb rritet nga rreth 3,480 euro n\u00eb mbi 5,000 euro, nd\u00ebrsa p\u00ebr gjyqtar\u00ebt e Gjykat\u00ebs s\u00eb Lart\u00eb dhe strukturave t\u00eb tjera rritja do t\u00eb ishte edhe m\u00eb e lart\u00eb. Ai theksoi se SPAK nuk i \u00ebsht\u00eb bashkuar k\u00ebsaj k\u00ebrkese.<\/span><\/p>\n<p data-start=\"870\" data-end=\"1186\"><span style=\"color: #000000;\">Sipas kryeministrit, pagat aktuale t\u00eb gjyqtar\u00ebve jan\u00eb tashm\u00eb n\u00eb nivele t\u00eb krahasueshme me ato t\u00eb vendeve t\u00eb rajonit dhe t\u00eb Greqis\u00eb, duke shtuar se rritje t\u00eb tilla nuk justifikohen nga ligji apo Kushtetuta. Rama akuzoi shoqat\u00ebn e gjyqtar\u00ebve p\u00ebr populiz\u00ebm dhe p\u00ebr p\u00ebrpjekje q\u00eb, sipas tij, cenojn\u00eb ndarjen e pushteteve.<\/span><\/p>\n<p data-start=\"1188\" data-end=\"1538\"><span style=\"color: #000000;\">Ai rikujtoi se n\u00eb vitin 2016, n\u00eb kuad\u00ebr t\u00eb reform\u00ebs n\u00eb drejt\u00ebsi, qeveria kishte miratuar rritje t\u00eb konsiderueshme pagash p\u00ebr gjyqtar\u00ebt, me synimin p\u00ebr t\u00eb garantuar pavar\u00ebsin\u00eb e tyre dhe forcimin e sistemit t\u00eb drejt\u00ebsis\u00eb. Sipas Ram\u00ebs, k\u00ebto vendime u mor\u00ebn n\u00eb nj\u00eb kontekst tjet\u00ebr ekonomik dhe politik, nd\u00ebrsa sot k\u00ebrkesat e reja nuk jan\u00eb t\u00eb arsyetuara.<\/span><\/p>\n<p data-start=\"1540\" data-end=\"1722\" data-is-last-node=\"\" data-is-only-node=\"\"><span style=\"color: #000000;\">Kryeministri theksoi se q\u00ebndrimi i tij nuk synon t\u00eb nxis\u00eb debat publik, por t\u00eb sqaroj\u00eb, sipas tij, t\u00eb v\u00ebrtet\u00ebn mbi k\u00ebt\u00eb \u00e7\u00ebshtje dhe t\u00eb mbroj\u00eb interesin publik dhe buxhetin e shtetit.<\/span><\/p>\n","protected":false,"gt_translate_keys":[{"key":"rendered","format":"html"}]},"excerpt":{"rendered":"<p>Kryeministri Edi Rama ka reaguar s\u00ebrish ashp\u00ebr ndaj k\u00ebrkes\u00ebs s\u00eb shoqat\u00ebs s\u00eb gjyqtar\u00ebve p\u00ebr rritjen e pagave, duke e cil\u00ebsuar at\u00eb si t\u00eb papranueshme dhe t\u00eb paprecedent\u00eb n\u00eb historin\u00eb europiane. N\u00eb nj\u00eb komunikim p\u00ebr mediat, kreu i qeveris\u00eb tha se \u00ebsht\u00eb i habitur nga reagimi i gjyqtar\u00ebve dhe nga, sipas tij, tentativa p\u00ebr t\u2019i imponuar [&hellip;]<\/p>\n","protected":false,"gt_translate_keys":[{"key":"rendered","format":"html"}]},"author":32,"featured_media":781852,"comment_status":"closed","ping_status":"open","sticky":false,"template":"","format":"standard","meta":{"footnotes":""},"categories":[65],"tags":[],"class_list":["post-784628","post","type-post","status-publish","format-standard","has-post-thumbnail","hentry","category-lajme"],"gt_translate_keys":[{"key":"link","format":"url"}],"_links":{"self":[{"href":"https:\/\/www.hashtag.al\/index.php\/wp-json\/wp\/v2\/posts\/784628","targetHints":{"allow":["GET"]}}],"collection":[{"href":"https:\/\/www.hashtag.al\/index.php\/wp-json\/wp\/v2\/posts"}],"about":[{"href":"https:\/\/www.hashtag.al\/index.php\/wp-json\/wp\/v2\/types\/post"}],"author":[{"embeddable":true,"href":"https:\/\/www.hashtag.al\/index.php\/wp-json\/wp\/v2\/users\/32"}],"replies":[{"embeddable":true,"href":"https:\/\/www.hashtag.al\/index.php\/wp-json\/wp\/v2\/comments?post=784628"}],"version-history":[{"count":99999,"href":"https:\/\/www.hashtag.al\/index.php\/wp-json\/wp\/v2\/posts\/784628\/revisions"}],"predecessor-version":[{"id":784631,"href":"https:\/\/www.hashtag.al\/index.php\/wp-json\/wp\/v2\/posts\/784628\/revisions\/784631"}],"wp:featuredmedia":[{"embeddable":true,"href":"https:\/\/www.hashtag.al\/index.php\/wp-json\/wp\/v2\/media\/781852"}],"wp:attachment":[{"href":"https:\/\/www.hashtag.al\/index.php\/wp-json\/wp\/v2\/media?parent=784628"}],"wp:term":[{"taxonomy":"category","embeddable":true,"href":"https:\/\/www.hashtag.al\/index.php\/wp-json\/wp\/v2\/categories?post=784628"},{"taxonomy":"post_tag","embeddable":true,"href":"https:\/\/www.hashtag.al\/index.php\/wp-json\/wp\/v2\/tags?post=784628"}],"curies":[{"name":"wp","href":"https:\/\/api.w.org\/{rel}","templated":true}]}}