{"id":784470,"date":"2026-02-03T11:14:16","date_gmt":"2026-02-03T10:14:16","guid":{"rendered":"https:\/\/www.hashtag.al\/?p=784470"},"modified":"2026-02-03T11:14:27","modified_gmt":"2026-02-03T10:14:27","slug":"balla-opozites-cfare-thoni-ne-darke-nuk-e-thoni-ne-mengjes","status":"publish","type":"post","link":"https:\/\/www.hashtag.al\/index.php\/2026\/02\/03\/balla-opozites-cfare-thoni-ne-darke-nuk-e-thoni-ne-mengjes\/","title":{"rendered":"Balla &#8211; opozit\u00ebs: \u00c7far\u00eb thoni n\u00eb dark\u00eb nuk e thoni n\u00eb m\u00ebngjes","gt_translate_keys":[{"key":"rendered","format":"text"}]},"content":{"rendered":"<p><span style=\"color: #000000;\"><img loading=\"lazy\" decoding=\"async\" class=\"aligncenter size-full wp-image-784472\" src=\"https:\/\/www.hashtag.al\/wp-content\/uploads\/2026\/02\/IMG_4335.jpeg\" alt=\"\" width=\"780\" height=\"440\" srcset=\"https:\/\/www.hashtag.al\/wp-content\/uploads\/2026\/02\/IMG_4335.jpeg 780w, https:\/\/www.hashtag.al\/wp-content\/uploads\/2026\/02\/IMG_4335-300x169.jpeg 300w, https:\/\/www.hashtag.al\/wp-content\/uploads\/2026\/02\/IMG_4335-768x433.jpeg 768w\" sizes=\"auto, (max-width: 780px) 100vw, 780px\" \/><\/span><br \/>\n<span style=\"color: #000000;\">Kreu i grupit t\u00eb PS, Taulant Balla i la afat opozit\u00ebs deri n\u00eb mbr\u00ebmje p\u00ebr t\u00eb vendosur n\u00ebse do shkojn\u00eb apo jo n\u00eb komisionin p\u00ebr Reform\u00ebn Territoriale.<\/span><\/p>\n<p><span style=\"color: #000000;\"><em>\u201cCa thoni n\u00eb dark\u00eb nuk e thoni n\u00eb m\u00ebngjes. M\u00eb komunikuan mbr\u00ebm\u00eb q\u00eb ju jeni t\u00ebrhequr nga bojkoti, t\u00eb pakt\u00ebn k\u00ebt\u00eb haber na keni sjell dje. <\/em><\/span><\/p>\n<p><span style=\"color: #000000;\"><em>Sot shoh q\u00eb jeni t\u00ebrhequr nga ajo q\u00eb keni vendos dje. K\u00ebta nuk jan\u00eb t\u00ebrhequr nga bojkoti. Jeni aq kakafonik sa p\u00ebr nj\u00eb \u00e7\u00ebshtje \u00e7oheni 2 veta.<\/em><\/span><\/p>\n<p><span style=\"color: #000000;\"><em> Tani jeni shpartalluar se ca kan\u00eb ik, ca jan\u00eb pa qejf, ca nuk vin\u00eb. <\/em><\/span><\/p>\n<p><span style=\"color: #000000;\"><em>Zonja dhe zot\u00ebrinj t\u00eb PD-s\u00eb, ju angazhoheni q\u00eb t\u00eb merrni pjes\u00eb rregullisht n\u00eb mbledhje t\u00eb Komisionit, ta dim\u00eb.<\/em><\/span><\/p>\n<p><span style=\"color: #000000;\"><em> K\u00ebt\u00eb \u00a0gj\u00eb e keni deri n\u00eb darke, kur t\u00eb vij\u00eb vendimi. N\u00eb rast se na thoni do vijm\u00eb n\u00eb mbledhje, jo kjo historia q\u00eb i thash\u00eb bashk\u00ebkryetarit, se un\u00eb nuk isha, nuk b\u00ebhet mbledhja e komisionit me 8, se 8 e do dhe nj\u00eb t\u00eb b\u00ebhet 9 dhe t\u00eb jet\u00eb 1 m\u00eb shum\u00eb se gjysma. <\/em><\/span><\/p>\n<p><span style=\"color: #000000;\"><em>Ne po ju themi, n\u00ebse ju vini nuk ka nevoj\u00eb ta ndryshojm\u00eb, na e thoni deri n\u00eb dark\u00eb, se n\u00eb m\u00ebngjes keni mend t\u00eb tjera, n\u00eb dark\u00eb mend t\u00eb tjera\u201d<\/em>, tha Balla.<\/span><\/p>\n<p><span style=\"color: #000000;\">P\u00ebrgjigjen e mori nga Lu\u00e7iano Bo\u00e7i, i cili tha se PD nuk ka bojkotuar, por mbledhjet jan\u00eb thirrur n\u00eb m\u00ebnyr\u00eb t\u00eb nj\u00ebanshme.<\/span><\/p>\n<p><span style=\"color: #000000;\"><em>\u201cNuk ka pasur mbledhje t\u00eb vlefshme, mbledhja thirret n\u00eb konsultim me kryesin\u00eb e komisionit. Nuk mund t\u00eb dilni dot n\u00eb konkluzion q\u00eb kemi qen\u00eb ne apo jo, prandaj keni nevoj\u00eb p\u00ebr Chat GPT. Mos vendosni ultimatume, ne jemi parti q\u00eb vendimet i marrim vet\u00eb, keni p\u00ebr detyr\u00eb t\u00eb zbatoni rregulloren dhe kushtetut\u00ebn\u201d<\/em>, tha Bo\u00e7i.<\/span><\/p>\n","protected":false,"gt_translate_keys":[{"key":"rendered","format":"html"}]},"excerpt":{"rendered":"<p>Kreu i grupit t\u00eb PS, Taulant Balla i la afat opozit\u00ebs deri n\u00eb mbr\u00ebmje p\u00ebr t\u00eb vendosur n\u00ebse do shkojn\u00eb apo jo n\u00eb komisionin p\u00ebr Reform\u00ebn Territoriale. \u201cCa thoni n\u00eb dark\u00eb nuk e thoni n\u00eb m\u00ebngjes. M\u00eb komunikuan mbr\u00ebm\u00eb q\u00eb ju jeni t\u00ebrhequr nga bojkoti, t\u00eb pakt\u00ebn k\u00ebt\u00eb haber na keni sjell dje. Sot shoh [&hellip;]<\/p>\n","protected":false,"gt_translate_keys":[{"key":"rendered","format":"html"}]},"author":49,"featured_media":784472,"comment_status":"closed","ping_status":"open","sticky":false,"template":"","format":"standard","meta":{"footnotes":""},"categories":[65],"tags":[],"class_list":["post-784470","post","type-post","status-publish","format-standard","has-post-thumbnail","hentry","category-lajme"],"gt_translate_keys":[{"key":"link","format":"url"}],"_links":{"self":[{"href":"https:\/\/www.hashtag.al\/index.php\/wp-json\/wp\/v2\/posts\/784470","targetHints":{"allow":["GET"]}}],"collection":[{"href":"https:\/\/www.hashtag.al\/index.php\/wp-json\/wp\/v2\/posts"}],"about":[{"href":"https:\/\/www.hashtag.al\/index.php\/wp-json\/wp\/v2\/types\/post"}],"author":[{"embeddable":true,"href":"https:\/\/www.hashtag.al\/index.php\/wp-json\/wp\/v2\/users\/49"}],"replies":[{"embeddable":true,"href":"https:\/\/www.hashtag.al\/index.php\/wp-json\/wp\/v2\/comments?post=784470"}],"version-history":[{"count":99999,"href":"https:\/\/www.hashtag.al\/index.php\/wp-json\/wp\/v2\/posts\/784470\/revisions"}],"predecessor-version":[{"id":784474,"href":"https:\/\/www.hashtag.al\/index.php\/wp-json\/wp\/v2\/posts\/784470\/revisions\/784474"}],"wp:featuredmedia":[{"embeddable":true,"href":"https:\/\/www.hashtag.al\/index.php\/wp-json\/wp\/v2\/media\/784472"}],"wp:attachment":[{"href":"https:\/\/www.hashtag.al\/index.php\/wp-json\/wp\/v2\/media?parent=784470"}],"wp:term":[{"taxonomy":"category","embeddable":true,"href":"https:\/\/www.hashtag.al\/index.php\/wp-json\/wp\/v2\/categories?post=784470"},{"taxonomy":"post_tag","embeddable":true,"href":"https:\/\/www.hashtag.al\/index.php\/wp-json\/wp\/v2\/tags?post=784470"}],"curies":[{"name":"wp","href":"https:\/\/api.w.org\/{rel}","templated":true}]}}