{"id":784438,"date":"2026-02-03T08:42:36","date_gmt":"2026-02-03T07:42:36","guid":{"rendered":"https:\/\/www.hashtag.al\/?p=784438"},"modified":"2026-02-03T08:42:36","modified_gmt":"2026-02-03T07:42:36","slug":"franca-miraton-buxhetin-e-vitit-2026-pas-muajsh-krize-politike","status":"publish","type":"post","link":"https:\/\/www.hashtag.al\/index.php\/2026\/02\/03\/franca-miraton-buxhetin-e-vitit-2026-pas-muajsh-krize-politike\/","title":{"rendered":"Franca miraton buxhetin e vitit 2026 pas muajsh kriz\u00eb politike","gt_translate_keys":[{"key":"rendered","format":"text"}]},"content":{"rendered":"<p><span style=\"color: #000000;\"><img loading=\"lazy\" decoding=\"async\" class=\"size-full wp-image-765143 aligncenter\" src=\"https:\/\/www.hashtag.al\/wp-content\/uploads\/2025\/10\/250909-france-emmanuel-macron-sebastien-lecornu-mn-1415-32cc34.jpg\" alt=\"\" width=\"1500\" height=\"1000\" srcset=\"https:\/\/www.hashtag.al\/wp-content\/uploads\/2025\/10\/250909-france-emmanuel-macron-sebastien-lecornu-mn-1415-32cc34.jpg 1500w, https:\/\/www.hashtag.al\/wp-content\/uploads\/2025\/10\/250909-france-emmanuel-macron-sebastien-lecornu-mn-1415-32cc34-300x200.jpg 300w, https:\/\/www.hashtag.al\/wp-content\/uploads\/2025\/10\/250909-france-emmanuel-macron-sebastien-lecornu-mn-1415-32cc34-1024x683.jpg 1024w, https:\/\/www.hashtag.al\/wp-content\/uploads\/2025\/10\/250909-france-emmanuel-macron-sebastien-lecornu-mn-1415-32cc34-768x512.jpg 768w\" sizes=\"auto, (max-width: 1500px) 100vw, 1500px\" \/><br \/>\nFranca ka miratuar t\u00eb h\u00ebn\u00ebn buxhetin qeveritar p\u00ebr vitin 2026, pas muajsh negociatash t\u00eb v\u00ebshtira dhe mocionesh mosbesimi ndaj qeveris\u00eb minoritare t\u00eb kryeministrit S\u00e9bastien Lecornu, p\u00ebrcjell <span style=\"color: #0000ff;\"><a style=\"color: #0000ff;\" href=\"https:\/\/www.dw.com\/en\/frances-2026-budget-finally-gets-passed\/a-75777189\">DW<\/a><\/span>.<\/span><\/p>\n<p><span style=\"color: #000000;\">\u201cFranca m\u00eb n\u00eb fund ka nj\u00eb buxhet\u201d, shkroi Lecornu n\u00eb platform\u00ebn X pas miratimit, duke e cil\u00ebsuar at\u00eb si nj\u00eb kompromis parlamentar q\u00eb synon t\u00eb frenoj\u00eb shpenzimet publike dhe q\u00eb, sipas tij, nuk rrit taksat p\u00ebr familjet dhe bizneset.<\/span><\/p>\n<p><span style=\"color: #000000;\">Kryeministri i ka mbijetuar disa tentativave p\u00ebr rr\u00ebzim nga e majta ekstreme dhe e djathta ekstreme, duke p\u00ebrdorur kompetenca kushtetuese p\u00ebr t\u00eb anashkaluar nj\u00eb votim t\u00eb drejtp\u00ebrdrejt\u00eb n\u00eb parlament. N\u00eb dy mocionet e fundit t\u00eb mosbesimit, vet\u00ebm 260 deputet\u00eb nga e majta dhe 135 nga e djathta votuan kund\u00ebr qeveris\u00eb, shum\u00eb m\u00eb pak se 289 votat e nevojshme p\u00ebr ta rr\u00ebzuar at\u00eb n\u00eb Asamblen\u00eb Komb\u00ebtare me 577 vende.<\/span><\/p>\n<p><span style=\"color: #000000;\">Lecornu \u00ebsht\u00eb kryeministri i kat\u00ebrt i Franc\u00ebs n\u00eb dy vitet e fundit dhe ka p\u00ebrballuar tet\u00eb mocione mosbesimi q\u00eb nga marrja e detyr\u00ebs.<\/span><\/p>\n<p><span style=\"color: #000000;\">Sipas buxhetit t\u00eb miratuar, deficiti buxhetor parashikohet t\u00eb ulet n\u00eb 5% t\u00eb Prodhimit t\u00eb Brendsh\u00ebm Bruto. Dokumenti parashikon rritje t\u00eb taksave p\u00ebr disa biznese, p\u00ebrfshir\u00eb nj\u00eb taks\u00eb shtes\u00eb mbi fitimet e kompanive t\u00eb m\u00ebdha, nga e cila pritet t\u00eb mblidhen rreth 7.3 miliard\u00eb euro gjat\u00eb vitit 2026.<\/span><\/p>\n<p><span style=\"color: #000000;\">Nj\u00eb tjet\u00ebr pik\u00eb ky\u00e7e e buxhetit \u00ebsht\u00eb rritja e shpenzimeve ushtarake me 6.5 miliard\u00eb euro, t\u00eb cil\u00ebn kryeministri e ka quajtur \u201czemra e buxhetit\u201d. Presidenti Emmanuel Macron ka theksuar vazhdimisht nevoj\u00ebn p\u00ebr forcimin e mbrojtjes s\u00eb Franc\u00ebs p\u00ebrball\u00eb k\u00ebrc\u00ebnimeve n\u00eb rritje, p\u00ebrfshir\u00eb Rusin\u00eb, p\u00ebrhapjen b\u00ebrthamore, terrorizmin dhe sulmet kibernetike.<\/span><\/p>\n<p><span style=\"color: #000000;\">Franca ndodhet n\u00eb nj\u00eb kriz\u00eb t\u00eb zgjatur politike q\u00eb nga zgjedhjet e vitit 2024, kur Macron humbi shumic\u00ebn parlamentare, duke e b\u00ebr\u00eb miratimin e reformave dhe buxheteve gjithnj\u00eb e m\u00eb t\u00eb v\u00ebshtir\u00eb.<\/span><\/p>\n","protected":false,"gt_translate_keys":[{"key":"rendered","format":"html"}]},"excerpt":{"rendered":"<p>Franca ka miratuar t\u00eb h\u00ebn\u00ebn buxhetin qeveritar p\u00ebr vitin 2026, pas muajsh negociatash t\u00eb v\u00ebshtira dhe mocionesh mosbesimi ndaj qeveris\u00eb minoritare t\u00eb kryeministrit S\u00e9bastien Lecornu, p\u00ebrcjell DW. \u201cFranca m\u00eb n\u00eb fund ka nj\u00eb buxhet\u201d, shkroi Lecornu n\u00eb platform\u00ebn X pas miratimit, duke e cil\u00ebsuar at\u00eb si nj\u00eb kompromis parlamentar q\u00eb synon t\u00eb frenoj\u00eb shpenzimet publike [&hellip;]<\/p>\n","protected":false,"gt_translate_keys":[{"key":"rendered","format":"html"}]},"author":32,"featured_media":765143,"comment_status":"closed","ping_status":"open","sticky":false,"template":"","format":"standard","meta":{"footnotes":""},"categories":[53],"tags":[],"class_list":["post-784438","post","type-post","status-publish","format-standard","has-post-thumbnail","hentry","category-fast-foodi"],"gt_translate_keys":[{"key":"link","format":"url"}],"_links":{"self":[{"href":"https:\/\/www.hashtag.al\/index.php\/wp-json\/wp\/v2\/posts\/784438","targetHints":{"allow":["GET"]}}],"collection":[{"href":"https:\/\/www.hashtag.al\/index.php\/wp-json\/wp\/v2\/posts"}],"about":[{"href":"https:\/\/www.hashtag.al\/index.php\/wp-json\/wp\/v2\/types\/post"}],"author":[{"embeddable":true,"href":"https:\/\/www.hashtag.al\/index.php\/wp-json\/wp\/v2\/users\/32"}],"replies":[{"embeddable":true,"href":"https:\/\/www.hashtag.al\/index.php\/wp-json\/wp\/v2\/comments?post=784438"}],"version-history":[{"count":99999,"href":"https:\/\/www.hashtag.al\/index.php\/wp-json\/wp\/v2\/posts\/784438\/revisions"}],"predecessor-version":[{"id":784439,"href":"https:\/\/www.hashtag.al\/index.php\/wp-json\/wp\/v2\/posts\/784438\/revisions\/784439"}],"wp:featuredmedia":[{"embeddable":true,"href":"https:\/\/www.hashtag.al\/index.php\/wp-json\/wp\/v2\/media\/765143"}],"wp:attachment":[{"href":"https:\/\/www.hashtag.al\/index.php\/wp-json\/wp\/v2\/media?parent=784438"}],"wp:term":[{"taxonomy":"category","embeddable":true,"href":"https:\/\/www.hashtag.al\/index.php\/wp-json\/wp\/v2\/categories?post=784438"},{"taxonomy":"post_tag","embeddable":true,"href":"https:\/\/www.hashtag.al\/index.php\/wp-json\/wp\/v2\/tags?post=784438"}],"curies":[{"name":"wp","href":"https:\/\/api.w.org\/{rel}","templated":true}]}}