{"id":784135,"date":"2026-02-01T10:56:16","date_gmt":"2026-02-01T09:56:16","guid":{"rendered":"https:\/\/www.hashtag.al\/?p=784135"},"modified":"2026-02-01T10:56:16","modified_gmt":"2026-02-01T09:56:16","slug":"bardhi-balluku-po-nderton-nje-shtet-paralel-per-te-penguar-drejtesine","status":"publish","type":"post","link":"https:\/\/www.hashtag.al\/index.php\/2026\/02\/01\/bardhi-balluku-po-nderton-nje-shtet-paralel-per-te-penguar-drejtesine\/","title":{"rendered":"Bardhi: Balluku po nd\u00ebrton nj\u00eb \u201cshtet paralel\u201d p\u00ebr t\u00eb penguar drejt\u00ebsin\u00eb","gt_translate_keys":[{"key":"rendered","format":"text"}]},"content":{"rendered":"<p data-start=\"80\" data-end=\"378\"><span style=\"color: #000000;\"><img loading=\"lazy\" decoding=\"async\" class=\"size-full wp-image-783474 aligncenter\" src=\"https:\/\/www.hashtag.al\/wp-content\/uploads\/2026\/01\/bardhi.jpg\" alt=\"\" width=\"1140\" height=\"656\" srcset=\"https:\/\/www.hashtag.al\/wp-content\/uploads\/2026\/01\/bardhi.jpg 1140w, https:\/\/www.hashtag.al\/wp-content\/uploads\/2026\/01\/bardhi-300x173.jpg 300w, https:\/\/www.hashtag.al\/wp-content\/uploads\/2026\/01\/bardhi-1024x589.jpg 1024w, https:\/\/www.hashtag.al\/wp-content\/uploads\/2026\/01\/bardhi-768x442.jpg 768w, https:\/\/www.hashtag.al\/wp-content\/uploads\/2026\/01\/bardhi-250x145.jpg 250w\" sizes=\"auto, (max-width: 1140px) 100vw, 1140px\" \/><br \/>\nKryetari i Grupit Parlamentar t\u00eb PD, Gazment Bardhi, ka akuzuar zv\/kryeministren Belinda Balluku, e cila aktualisht \u00ebsht\u00eb n\u00ebn hetim nga SPAK p\u00ebr 11 tendera me vler\u00eb rreth 1.1 miliard\u00eb euro, se po p\u00ebrdor pushtetin politik p\u00ebr t\u00eb bler\u00eb heshtjen e bashk\u00ebpun\u00ebtor\u00ebve t\u00eb saj t\u00eb implikuar n\u00eb korrupsion.<\/span><\/p>\n<p data-start=\"380\" data-end=\"857\"><span style=\"color: #000000;\">Bardhi theksoi se, nd\u00ebrsa Gjykata Kushtetuese zvarrit vendimmarrjen dhe Kuvendi p\u00ebrdoret si alibi p\u00ebr t\u00eb mos vepruar, Balluku po shfryt\u00ebzon k\u00ebt\u00eb koh\u00eb p\u00ebr t\u00eb nd\u00ebrtuar nj\u00eb \u201cshtet paralel\u201d me q\u00ebllim q\u00eb t\u2019u siguroj\u00eb garanci bashk\u00ebpun\u00ebtor\u00ebve t\u00eb saj q\u00eb t\u00eb mos flasin.<br \/>\n<\/span><\/p>\n<p data-start=\"380\" data-end=\"857\"><span style=\"color: #000000;\">Ai deklaroi: <em data-start=\"655\" data-end=\"855\">\u201cBelinda Balluku, e pandehur dhe n\u00ebn hetim p\u00ebr 11 tendera me vler\u00eb rreth 1.1 miliard\u00eb euro, po e p\u00ebrdor pushtetin politik p\u00ebr t\u00eb bler\u00eb heshtjen e bashk\u00ebpun\u00ebtor\u00ebve t\u00eb saj t\u00eb implikuar n\u00eb korrupsion.\u201d<\/em><\/span><\/p>\n<p data-start=\"859\" data-end=\"1361\"><span style=\"color: #000000;\">Bardhi p\u00ebrmendi si shembuj t\u00eb qart\u00eb t\u00eb pengimit t\u00eb drejt\u00ebsis\u00eb em\u00ebrimet e personave n\u00ebn hetim n\u00eb krye t\u00eb institucioneve strategjike. Ai vuri n\u00eb dukje vendosjen e Viola Haxhiademit n\u00eb krye t\u00eb KESH-it dhe t\u00eb Irma Drobonikut n\u00eb Komisionin e Prokurimeve Publike, duke deklaruar se k\u00ebto em\u00ebrime synojn\u00eb t\u00eb garantojn\u00eb mbrojtje politike dhe qet\u00ebsi p\u00ebr rrethin e ngusht\u00eb t\u00eb Ballukut.<br \/>\n<\/span><\/p>\n<p data-start=\"859\" data-end=\"1361\"><span style=\"color: #000000;\"><em data-start=\"1245\" data-end=\"1359\">\u201cVendosja e nj\u00eb personi n\u00ebn hetim n\u00eb krye t\u00eb k\u00ebtij institucioni \u00ebsht\u00eb mesazh shp\u00ebrblyes p\u00ebr heshtje dhe bindje\u201d,\u00a0<\/em>u shpreh ai.<\/span><\/p>\n<p data-start=\"1363\" data-end=\"1981\" data-is-last-node=\"\" data-is-only-node=\"\"><span style=\"color: #000000;\">Bardhi theksoi gjithashtu se k\u00ebto veprime vijn\u00eb pas arrestimit t\u00eb ish-drejtorit t\u00eb Drejtoris\u00eb s\u00eb Rrug\u00ebve, Ervis Berberi, dhe jan\u00eb pjes\u00eb e nj\u00eb strategjie p\u00ebr t\u00eb bllokuar hetimet e SPAK dhe p\u00ebr t\u00eb zgjatur proceset p\u00ebrmes institucioneve si Gjykata Kushtetuese dhe Parlamenti.<br \/>\n<\/span><\/p>\n<p data-start=\"1363\" data-end=\"1981\" data-is-last-node=\"\" data-is-only-node=\"\"><span style=\"color: #000000;\">Ai p\u00ebrfundoi duke th\u00ebn\u00eb se \u00e7do heshtje institucionale \u00ebsht\u00eb bashk\u00ebpunim me korrupsionin dhe e konsideroi k\u00ebt\u00eb si nj\u00eb rast t\u00eb kapjes s\u00eb shtetit: <em data-start=\"1780\" data-end=\"1981\" data-is-last-node=\"\">\u201cKy \u00ebsht\u00eb nd\u00ebrtim i q\u00ebllimsh\u00ebm i nj\u00eb shteti paralel, p\u00ebr t\u00eb penguar drejt\u00ebsin\u00eb dhe p\u00ebr t\u00eb mbytur SPAK-un. N\u00eb \u00e7do demokraci, kjo quhet kapje e shtetit. N\u00eb Shqip\u00ebri, po ndodh para syve t\u00eb t\u00eb gjith\u00ebve.\u201d<\/em><\/span><\/p>\n","protected":false,"gt_translate_keys":[{"key":"rendered","format":"html"}]},"excerpt":{"rendered":"<p>Kryetari i Grupit Parlamentar t\u00eb PD, Gazment Bardhi, ka akuzuar zv\/kryeministren Belinda Balluku, e cila aktualisht \u00ebsht\u00eb n\u00ebn hetim nga SPAK p\u00ebr 11 tendera me vler\u00eb rreth 1.1 miliard\u00eb euro, se po p\u00ebrdor pushtetin politik p\u00ebr t\u00eb bler\u00eb heshtjen e bashk\u00ebpun\u00ebtor\u00ebve t\u00eb saj t\u00eb implikuar n\u00eb korrupsion. Bardhi theksoi se, nd\u00ebrsa Gjykata Kushtetuese zvarrit vendimmarrjen [&hellip;]<\/p>\n","protected":false,"gt_translate_keys":[{"key":"rendered","format":"html"}]},"author":32,"featured_media":783474,"comment_status":"closed","ping_status":"open","sticky":false,"template":"","format":"standard","meta":{"footnotes":""},"categories":[65],"tags":[],"class_list":["post-784135","post","type-post","status-publish","format-standard","has-post-thumbnail","hentry","category-lajme"],"gt_translate_keys":[{"key":"link","format":"url"}],"_links":{"self":[{"href":"https:\/\/www.hashtag.al\/index.php\/wp-json\/wp\/v2\/posts\/784135","targetHints":{"allow":["GET"]}}],"collection":[{"href":"https:\/\/www.hashtag.al\/index.php\/wp-json\/wp\/v2\/posts"}],"about":[{"href":"https:\/\/www.hashtag.al\/index.php\/wp-json\/wp\/v2\/types\/post"}],"author":[{"embeddable":true,"href":"https:\/\/www.hashtag.al\/index.php\/wp-json\/wp\/v2\/users\/32"}],"replies":[{"embeddable":true,"href":"https:\/\/www.hashtag.al\/index.php\/wp-json\/wp\/v2\/comments?post=784135"}],"version-history":[{"count":99999,"href":"https:\/\/www.hashtag.al\/index.php\/wp-json\/wp\/v2\/posts\/784135\/revisions"}],"predecessor-version":[{"id":784136,"href":"https:\/\/www.hashtag.al\/index.php\/wp-json\/wp\/v2\/posts\/784135\/revisions\/784136"}],"wp:featuredmedia":[{"embeddable":true,"href":"https:\/\/www.hashtag.al\/index.php\/wp-json\/wp\/v2\/media\/783474"}],"wp:attachment":[{"href":"https:\/\/www.hashtag.al\/index.php\/wp-json\/wp\/v2\/media?parent=784135"}],"wp:term":[{"taxonomy":"category","embeddable":true,"href":"https:\/\/www.hashtag.al\/index.php\/wp-json\/wp\/v2\/categories?post=784135"},{"taxonomy":"post_tag","embeddable":true,"href":"https:\/\/www.hashtag.al\/index.php\/wp-json\/wp\/v2\/tags?post=784135"}],"curies":[{"name":"wp","href":"https:\/\/api.w.org\/{rel}","templated":true}]}}