{"id":784116,"date":"2026-02-01T08:22:28","date_gmt":"2026-02-01T07:22:28","guid":{"rendered":"https:\/\/www.hashtag.al\/?p=784116"},"modified":"2026-02-01T08:22:28","modified_gmt":"2026-02-01T07:22:28","slug":"starmer-ish-princi-andrew-duhet-te-deshmoje-para-kongresit-amerikan-per-ceshtjen-epstein","status":"publish","type":"post","link":"https:\/\/www.hashtag.al\/index.php\/2026\/02\/01\/starmer-ish-princi-andrew-duhet-te-deshmoje-para-kongresit-amerikan-per-ceshtjen-epstein\/","title":{"rendered":"Starmer: Ish-princi Andrew duhet t\u00eb d\u00ebshmoj\u00eb para Kongresit amerikan p\u00ebr \u00e7\u00ebshtjen Epstein","gt_translate_keys":[{"key":"rendered","format":"text"}]},"content":{"rendered":"<p data-start=\"195\" data-end=\"480\"><span style=\"color: #000000;\"><img loading=\"lazy\" decoding=\"async\" class=\"size-full wp-image-768651 aligncenter\" src=\"https:\/\/www.hashtag.al\/wp-content\/uploads\/2025\/10\/andrew2-ezgif.com-avif-to-jpg-converter.jpg\" alt=\"\" width=\"960\" height=\"624\" srcset=\"https:\/\/www.hashtag.al\/wp-content\/uploads\/2025\/10\/andrew2-ezgif.com-avif-to-jpg-converter.jpg 960w, https:\/\/www.hashtag.al\/wp-content\/uploads\/2025\/10\/andrew2-ezgif.com-avif-to-jpg-converter-300x195.jpg 300w, https:\/\/www.hashtag.al\/wp-content\/uploads\/2025\/10\/andrew2-ezgif.com-avif-to-jpg-converter-768x499.jpg 768w\" sizes=\"auto, (max-width: 960px) 100vw, 960px\" \/><br \/>\nKryeministri britanik Keir Starmer deklaroi t\u00eb shtun\u00ebn se ish-princi Andrew duhet t\u00eb d\u00ebshmoj\u00eb para nj\u00eb komiteti t\u00eb Kongresit t\u00eb SHBA-s\u00eb, pas publikimit t\u00eb dokumenteve t\u00eb reja q\u00eb hedhin drit\u00eb mbi lidhjet e tij me financierin dhe t\u00eb d\u00ebnuarin p\u00ebr krime seksuale, Jeffrey Epstein.<\/span><\/p>\n<p data-start=\"482\" data-end=\"886\"><span style=\"color: #000000;\">Dokumentet, t\u00eb publikuara nga Departamenti amerikan i Drejt\u00ebsis\u00eb, p\u00ebrfshijn\u00eb email-e q\u00eb tregojn\u00eb se v\u00ebllai i mbretit Charles ka mbajtur kontakte t\u00eb rregullta me Epstein p\u00ebr m\u00eb shum\u00eb se dy vite, edhe pas d\u00ebnimit t\u00eb k\u00ebtij t\u00eb fundit p\u00ebr krime seksuale ndaj t\u00eb miturve. N\u00eb dosje p\u00ebrfshihen edhe fotografi t\u00eb redaktuara, ku Andrew shihet duke prekur belin e nj\u00eb gruaje t\u00eb paidentifikuar, e shtrir\u00eb n\u00eb dysheme, p\u00ebrcjell <span style=\"color: #0000ff;\"><a style=\"color: #0000ff;\" href=\"https:\/\/www.reuters.com\/world\/uk\/uks-starmer-says-ex-prince-andrew-should-testify-before-congress-over-epstein-2026-01-31\/\">Reuters<\/a><\/span>.<\/span><\/p>\n<p data-start=\"888\" data-end=\"1062\"><span style=\"color: #000000;\">Pas zbulimeve t\u00eb m\u00ebparshme mbi k\u00ebto lidhje, Mbreti Charles i hoqi Andrew-it titullin e princit dhe e largoi nga rezidenca e tij n\u00eb ambientet e K\u00ebshtjell\u00ebs Windsor, n\u00eb n\u00ebntor.<\/span><\/p>\n<p data-start=\"1064\" data-end=\"1358\"><span style=\"color: #000000;\">Ish-princi, 65 vje\u00e7, i cili tani p\u00ebrdor emrin Andrew Mountbatten-Windsor, ka mohuar \u00e7do p\u00ebrfshirje n\u00eb shkelje ligjore dhe ka deklaruar m\u00eb her\u00ebt se nuk ka mbajtur marr\u00ebdh\u00ebnie me Epstein pas d\u00ebnimit t\u00eb vitit 2008, p\u00ebrve\u00e7 nj\u00eb vizite n\u00eb Nju Jork n\u00eb vitin 2010 p\u00ebr t\u2019i dh\u00ebn\u00eb fund kontaktit mes tyre.<\/span><\/p>\n<p data-start=\"1360\" data-end=\"1551\"><span style=\"color: #000000;\">Duke folur p\u00ebr gazetar\u00ebt gjat\u00eb nj\u00eb udh\u00ebtimi zyrtar drejt Japonis\u00eb, Starmer theksoi se \u00e7do person q\u00eb ka informacion lidhur me Epstein duhet t\u00eb bashk\u00ebpunoj\u00eb me autoritetet p\u00ebr hir t\u00eb viktimave.<\/span><\/p>\n<p data-start=\"1553\" data-end=\"1756\"><span style=\"color: #000000;\">\u201c\u00c7do njeri q\u00eb ka informacion duhet t\u00eb jet\u00eb i gatsh\u00ebm ta ndaj\u00eb at\u00eb, n\u00eb \u00e7far\u00ebdo forme q\u00eb i k\u00ebrkohet. Nuk mund t\u00eb pretendosh se je n\u00eb an\u00ebn e viktimave, n\u00ebse nuk je i gatsh\u00ebm t\u00eb b\u00ebsh k\u00ebt\u00eb,\u201d u shpreh Starmer.<\/span><\/p>\n<p data-start=\"1758\" data-end=\"1884\"><span style=\"color: #000000;\">Nd\u00ebrkoh\u00eb, ish-princi Andrew nuk ka reaguar ndaj k\u00ebrkesave p\u00ebr koment, nd\u00ebrsa Pallati Buckingham ka refuzuar t\u00eb jap\u00eb deklarata.<\/span><\/p>\n<p data-start=\"1886\" data-end=\"2072\"><span style=\"color: #000000;\">Jeffrey Epstein vdiq n\u00eb vitin 2019 n\u00eb nj\u00eb burg n\u00eb Nju Jork, nd\u00ebrsa priste gjykimin p\u00ebr trafikim seksual. Ai ishte d\u00ebnuar m\u00eb her\u00ebt, n\u00eb vitin 2008, p\u00ebr shfryt\u00ebzim seksual t\u00eb nj\u00eb t\u00eb miture.<\/span><\/p>\n","protected":false,"gt_translate_keys":[{"key":"rendered","format":"html"}]},"excerpt":{"rendered":"<p>Kryeministri britanik Keir Starmer deklaroi t\u00eb shtun\u00ebn se ish-princi Andrew duhet t\u00eb d\u00ebshmoj\u00eb para nj\u00eb komiteti t\u00eb Kongresit t\u00eb SHBA-s\u00eb, pas publikimit t\u00eb dokumenteve t\u00eb reja q\u00eb hedhin drit\u00eb mbi lidhjet e tij me financierin dhe t\u00eb d\u00ebnuarin p\u00ebr krime seksuale, Jeffrey Epstein. Dokumentet, t\u00eb publikuara nga Departamenti amerikan i Drejt\u00ebsis\u00eb, p\u00ebrfshijn\u00eb email-e q\u00eb tregojn\u00eb [&hellip;]<\/p>\n","protected":false,"gt_translate_keys":[{"key":"rendered","format":"html"}]},"author":32,"featured_media":768651,"comment_status":"closed","ping_status":"open","sticky":false,"template":"","format":"standard","meta":{"footnotes":""},"categories":[53],"tags":[],"class_list":["post-784116","post","type-post","status-publish","format-standard","has-post-thumbnail","hentry","category-fast-foodi"],"gt_translate_keys":[{"key":"link","format":"url"}],"_links":{"self":[{"href":"https:\/\/www.hashtag.al\/index.php\/wp-json\/wp\/v2\/posts\/784116","targetHints":{"allow":["GET"]}}],"collection":[{"href":"https:\/\/www.hashtag.al\/index.php\/wp-json\/wp\/v2\/posts"}],"about":[{"href":"https:\/\/www.hashtag.al\/index.php\/wp-json\/wp\/v2\/types\/post"}],"author":[{"embeddable":true,"href":"https:\/\/www.hashtag.al\/index.php\/wp-json\/wp\/v2\/users\/32"}],"replies":[{"embeddable":true,"href":"https:\/\/www.hashtag.al\/index.php\/wp-json\/wp\/v2\/comments?post=784116"}],"version-history":[{"count":99999,"href":"https:\/\/www.hashtag.al\/index.php\/wp-json\/wp\/v2\/posts\/784116\/revisions"}],"predecessor-version":[{"id":784117,"href":"https:\/\/www.hashtag.al\/index.php\/wp-json\/wp\/v2\/posts\/784116\/revisions\/784117"}],"wp:featuredmedia":[{"embeddable":true,"href":"https:\/\/www.hashtag.al\/index.php\/wp-json\/wp\/v2\/media\/768651"}],"wp:attachment":[{"href":"https:\/\/www.hashtag.al\/index.php\/wp-json\/wp\/v2\/media?parent=784116"}],"wp:term":[{"taxonomy":"category","embeddable":true,"href":"https:\/\/www.hashtag.al\/index.php\/wp-json\/wp\/v2\/categories?post=784116"},{"taxonomy":"post_tag","embeddable":true,"href":"https:\/\/www.hashtag.al\/index.php\/wp-json\/wp\/v2\/tags?post=784116"}],"curies":[{"name":"wp","href":"https:\/\/api.w.org\/{rel}","templated":true}]}}