{"id":784014,"date":"2026-01-31T08:42:55","date_gmt":"2026-01-31T07:42:55","guid":{"rendered":"https:\/\/www.hashtag.al\/?p=784014"},"modified":"2026-01-31T08:42:55","modified_gmt":"2026-01-31T07:42:55","slug":"i-denuar-me-8-vite-ne-shqiperi-per-aferen-e-inceneratoreve-vdes-ne-spital-ish-ministri-peruan","status":"publish","type":"post","link":"https:\/\/www.hashtag.al\/index.php\/2026\/01\/31\/i-denuar-me-8-vite-ne-shqiperi-per-aferen-e-inceneratoreve-vdes-ne-spital-ish-ministri-peruan\/","title":{"rendered":"I d\u00ebnuar me 8 vite n\u00eb Shqip\u00ebri p\u00ebr afer\u00ebn e incenerator\u00ebve, vdes n\u00eb spital ish-ministri peruan","gt_translate_keys":[{"key":"rendered","format":"text"}]},"content":{"rendered":"<p><span style=\"color: #000000;\"><img loading=\"lazy\" decoding=\"async\" class=\"alignnone size-full wp-image-784015\" src=\"https:\/\/www.hashtag.al\/wp-content\/uploads\/2026\/01\/Screenshot-2026-01-30-233840.png\" alt=\"\" width=\"957\" height=\"550\" srcset=\"https:\/\/www.hashtag.al\/wp-content\/uploads\/2026\/01\/Screenshot-2026-01-30-233840.png 957w, https:\/\/www.hashtag.al\/wp-content\/uploads\/2026\/01\/Screenshot-2026-01-30-233840-300x172.png 300w, https:\/\/www.hashtag.al\/wp-content\/uploads\/2026\/01\/Screenshot-2026-01-30-233840-768x441.png 768w, https:\/\/www.hashtag.al\/wp-content\/uploads\/2026\/01\/Screenshot-2026-01-30-233840-250x145.png 250w\" sizes=\"auto, (max-width: 957px) 100vw, 957px\" \/>Ish-ministri i Jasht\u00ebm i Perus\u00eb, Manuel Augusto Blacker Miller, i d\u00ebnuar n\u00eb Shqip\u00ebri p\u00ebr afer\u00ebn e incenerator\u00ebve, ka nd\u00ebrruar jet\u00eb n\u00eb mosh\u00ebn 80-vje\u00e7are \u00eb Spitalin Penal Hamilton Agostinho, m\u00eb 23 janar t\u00eb k\u00ebtij viti.<\/span><\/p>\n<p><span style=\"color: #000000;\">Blacker Miller ishte n\u00eb paraburgim t\u00eb autoriteteve braziliane pasi u arrestua n\u00eb dhjetor me urdh\u00ebr t\u00eb Gjykat\u00ebs Supreme t\u00eb Brazilit, n\u00eb p\u00ebrgjigje t\u00eb nj\u00eb k\u00ebrkese p\u00ebr ekstradim t\u00eb paraqitur nga Shqip\u00ebria, nj\u00eb vend q\u00eb i k\u00ebrkonte atij t\u00eb p\u00ebrgjigjej p\u00ebr nj\u00eb mashtrim t\u00eb dyshuar financiar, raporton Info Bae.<\/span><\/p>\n<p><span style=\"color: #000000;\">Ekipi ligjor i ish-ministrit kishte raportuar vazhdimisht gjendjen e tij delikate sh\u00ebndet\u00ebsore, duke deklaruar se ai vuante nga nj\u00eb tromboz\u00eb serioze dhe k\u00ebrkuan revokimin e arrestit t\u00eb tij n\u00eb m\u00ebnyr\u00eb q\u00eb t\u00eb mund t\u00eb merrte kujdes mjek\u00ebsor n\u00eb sht\u00ebpi .<\/span><\/p>\n<p><span style=\"color: #000000;\">Ata e paraqit\u00ebn k\u00ebrkes\u00ebn tri her\u00eb dhe k\u00ebmb\u00ebngul\u00ebn q\u00eb Zyra e Prokurorit t\u00eb P\u00ebrgjithsh\u00ebm t\u00eb vendoste p\u00ebr k\u00ebt\u00eb \u00e7\u00ebshtje, pa marr\u00eb nj\u00eb p\u00ebrgjigje t\u00eb favorshme.<\/span><\/p>\n<p><span style=\"color: #000000;\">Ai u d\u00ebnua fillimisht nga Gjykata e Tiran\u00ebs n\u00eb maj 2017, vendim i konfirmuar nga Apeli n\u00eb n\u00ebntor 2018 dhe m\u00eb pas nga Gjykata e Lart\u00eb n\u00eb n\u00ebntor 2023, duke e b\u00ebr\u00eb vendimin p\u00ebrfundimtar. \u00c7\u00ebshtja lidhet me marr\u00ebveshje biznesi t\u00eb viteve 2012 &#8211; 2013, kur Blecker Miller regjistroi n\u00eb Shqip\u00ebri kompanin\u00eb \u201cApollon Investment\u201d dhe u premtoi dy biznesmen\u00ebve shqiptar\u00eb, Iljaz Fisheku dhe Arben Shuaipi, investime t\u00eb m\u00ebdha n\u00eb projekte p\u00ebrpunimi mbetjesh dhe tregtimi hidrokarburesh.<\/span><\/p>\n<p><span style=\"color: #000000;\">Sipas hetimeve, ai mori mbi 170 mij\u00eb euro prej tyre, pa realizuar investimet e premtuara. Pas denoncimit penal t\u00eb b\u00ebr\u00eb n\u00eb vitin 2014 nga dy biznesmen\u00ebt, hetimet \u00e7uan n\u00eb d\u00ebnimin e ish-ministrit peruan, i cili tashm\u00eb pritet t\u00eb ekstradohet n\u00eb Shqip\u00ebri p\u00ebr vuajtjen e d\u00ebnimit.<\/span><\/p>\n<p><span style=\"color: #000000;\">Ai ka qen\u00eb Minist\u00ebr i Jasht\u00ebm n\u00eb vitin 1992, kur Alberto Fujimori udh\u00ebhoqi nj\u00eb \u201cgrusht shteti\u201d p\u00ebr marrjen e pushtetit n\u00eb Peru. Blecker-Miller u akuzua s\u00eb bashku me 10 koleg\u00eb t\u00eb tij ministra si pjes\u00ebmarr\u00ebs n\u00eb at\u00eb grusht shteti. Por, deri n\u00eb vitin 2009, t\u00eb gjith\u00eb t\u00eb akuzuarit ishin liruar nga akuzat. Prej vitit 2002, Blecker-Miller kishte jetuar lirisht n\u00eb Shtetet e Bashkuara, ku ishte shnd\u00ebrruar n\u00eb biznesmen.<\/span><\/p>\n<p>&nbsp;<\/p>\n<p><span style=\"color: #000000;\">Ardhja e tij n\u00eb Shqip\u00ebri<\/span><\/p>\n<p><span style=\"color: #000000;\">N\u00eb korrik t\u00eb vitit 2013, n\u00eb median shqiptare u p\u00ebrhap informacioni se Policia kishte arrestuar fillimisht ish-ministrin peruan Blecker-Miller, t\u00eb k\u00ebrkuar nga vendi i tij n\u00ebp\u00ebrmjet Interpol-it dhe m\u00eb tej ishte liruar, pas procedurave t\u00eb dyshimta.<\/span><\/p>\n<p><span style=\"color: #000000;\">Megjithat\u00eb, pas lajmeve t\u00eb p\u00ebrhapura n\u00eb median shqiptare p\u00ebr nj\u00eb arrestim t\u00eb mundsh\u00ebm t\u00eb tij n\u00eb ver\u00ebn e vitit 2013, deputeti socialist opozitar i asaj kohe, Erion Bra\u00e7e, akuzoi ish-kryeministrin Sali Berisha se kishte ndikuar p\u00ebr lirimin e ish-politikanit t\u00eb lart\u00eb peruan, pasi \u201cbashk\u00eb po kryejn\u00eb nj\u00eb biznes p\u00ebr p\u00ebrpunimin e mbetjeve n\u00eb Fier\u201d..<\/span><\/p>\n<p><span style=\"color: #000000;\">Po ashtu, edhe vet\u00eb Manuel Augusto Blecker-Miller mohoi q\u00eb ndaj tij t\u00eb kishte urdh\u00ebr-k\u00ebrkimi nd\u00ebrkomb\u00ebtar. Madje, ai deklaroi se kishte ardhur n\u00eb Shqip\u00ebri q\u00eb n\u00eb vitin 2012 p\u00ebr t\u00eb zhvilluar projektin e tij p\u00ebr p\u00ebrpunimin e mbetjeve.<\/span><\/p>\n<p><span style=\"color: #000000;\">Pas k\u00ebsaj zhurme, Manuel Augusto Blecker-Miller fitoi azil politik n\u00eb Shqip\u00ebri, n\u00eb shtator 2013, nd\u00ebrkoh\u00eb q\u00eb vijoi t\u00eb avanconte iden\u00eb e projektit n\u00eb Fier, n\u00ebp\u00ebrmjet shoq\u00ebris\u00eb s\u00eb tij \u201cApollon Investment\u201d.<\/span><\/p>\n","protected":false,"gt_translate_keys":[{"key":"rendered","format":"html"}]},"excerpt":{"rendered":"<p>Ish-ministri i Jasht\u00ebm i Perus\u00eb, Manuel Augusto Blacker Miller, i d\u00ebnuar n\u00eb Shqip\u00ebri p\u00ebr afer\u00ebn e incenerator\u00ebve, ka nd\u00ebrruar jet\u00eb n\u00eb mosh\u00ebn 80-vje\u00e7are \u00eb Spitalin Penal Hamilton Agostinho, m\u00eb 23 janar t\u00eb k\u00ebtij viti. Blacker Miller ishte n\u00eb paraburgim t\u00eb autoriteteve braziliane pasi u arrestua n\u00eb dhjetor me urdh\u00ebr t\u00eb Gjykat\u00ebs Supreme t\u00eb Brazilit, n\u00eb [&hellip;]<\/p>\n","protected":false,"gt_translate_keys":[{"key":"rendered","format":"html"}]},"author":32,"featured_media":0,"comment_status":"closed","ping_status":"open","sticky":false,"template":"","format":"standard","meta":{"footnotes":""},"categories":[1],"tags":[],"class_list":["post-784014","post","type-post","status-publish","format-standard","hentry","category-uncategorized"],"gt_translate_keys":[{"key":"link","format":"url"}],"_links":{"self":[{"href":"https:\/\/www.hashtag.al\/index.php\/wp-json\/wp\/v2\/posts\/784014","targetHints":{"allow":["GET"]}}],"collection":[{"href":"https:\/\/www.hashtag.al\/index.php\/wp-json\/wp\/v2\/posts"}],"about":[{"href":"https:\/\/www.hashtag.al\/index.php\/wp-json\/wp\/v2\/types\/post"}],"author":[{"embeddable":true,"href":"https:\/\/www.hashtag.al\/index.php\/wp-json\/wp\/v2\/users\/32"}],"replies":[{"embeddable":true,"href":"https:\/\/www.hashtag.al\/index.php\/wp-json\/wp\/v2\/comments?post=784014"}],"version-history":[{"count":99999,"href":"https:\/\/www.hashtag.al\/index.php\/wp-json\/wp\/v2\/posts\/784014\/revisions"}],"predecessor-version":[{"id":784016,"href":"https:\/\/www.hashtag.al\/index.php\/wp-json\/wp\/v2\/posts\/784014\/revisions\/784016"}],"wp:attachment":[{"href":"https:\/\/www.hashtag.al\/index.php\/wp-json\/wp\/v2\/media?parent=784014"}],"wp:term":[{"taxonomy":"category","embeddable":true,"href":"https:\/\/www.hashtag.al\/index.php\/wp-json\/wp\/v2\/categories?post=784014"},{"taxonomy":"post_tag","embeddable":true,"href":"https:\/\/www.hashtag.al\/index.php\/wp-json\/wp\/v2\/tags?post=784014"}],"curies":[{"name":"wp","href":"https:\/\/api.w.org\/{rel}","templated":true}]}}