{"id":784004,"date":"2026-01-30T23:52:38","date_gmt":"2026-01-30T22:52:38","guid":{"rendered":"https:\/\/www.hashtag.al\/?p=784004"},"modified":"2026-01-30T23:52:38","modified_gmt":"2026-01-30T22:52:38","slug":"po-lexoj-shume-libra-po-nuk-ua-tregoj-titujt-shefja-e-diplomacise-e-be-se-video","status":"publish","type":"post","link":"https:\/\/www.hashtag.al\/index.php\/2026\/01\/30\/po-lexoj-shume-libra-po-nuk-ua-tregoj-titujt-shefja-e-diplomacise-e-be-se-video\/","title":{"rendered":"\u201cPo lexoj shum\u00eb libra, po nuk ua tregoj titujt\u201d &#8211; Shefja e diplomacis\u00eb e BE-s\u00eb (Video)","gt_translate_keys":[{"key":"rendered","format":"text"}]},"content":{"rendered":"<p><img loading=\"lazy\" decoding=\"async\" class=\"aligncenter size-full wp-image-784006\" src=\"https:\/\/www.hashtag.al\/wp-content\/uploads\/2026\/01\/kallas-1.jpg\" alt=\"\" width=\"768\" height=\"432\" srcset=\"https:\/\/www.hashtag.al\/wp-content\/uploads\/2026\/01\/kallas-1.jpg 768w, https:\/\/www.hashtag.al\/wp-content\/uploads\/2026\/01\/kallas-1-300x169.jpg 300w\" sizes=\"auto, (max-width: 768px) 100vw, 768px\" \/><\/p>\n<p><span style=\"color: #000000;\">Shefja e politik\u00ebs s\u00eb jashtme t\u00eb BE-s\u00eb, Kaja Kallas, ka deklaruar se do t\u00eb jet\u00eb \u201cshum\u00eb e men\u00e7ur\u201d deri n\u00eb fund t\u00eb mandatit t\u00eb saj, fal\u00eb zakoneve t\u00eb saj t\u00eb leximit.<\/span><\/p>\n<p><span style=\"color: #000000;\">Kallas e b\u00ebri k\u00ebt\u00eb koment n\u00eb nj\u00eb konferenc\u00eb p\u00ebr shtyp t\u00eb enjten, pasi nj\u00eb gazetar i ofroi t&#8217;i jepte nj\u00eb lib\u00ebr mbi historin\u00eb kurde nga Masoud Barzani, presidenti i par\u00eb i rajonit autonom t\u00eb Kurdistanit n\u00eb Irak.<\/span><\/p>\n<p><span style=\"color: #000000;\"><em>\u201cLista ime e leximit \u00ebsht\u00eb mjaft e gjat\u00eb,\u201d<\/em> u p\u00ebrgjigj ajo.<\/span><\/p>\n<p><span style=\"color: #000000;\"><em>\u201cNuk po ju tregoj se \u00e7far\u00eb po lexoj tani, por ka t\u00eb b\u00ebj\u00eb edhe me historin\u00eb e rajoneve t\u00eb ndryshme. Pra, n\u00eb fund, kur t\u00eb p\u00ebrfundoj k\u00ebt\u00eb pun\u00eb, do t\u00eb jem shum\u00eb e men\u00e7ur.\u201d<\/em><\/span><\/p>\n<p><span style=\"color: #000000;\">Kallas, ish-kryeministre e Estonis\u00eb, ka ndar\u00eb m\u00eb par\u00eb interesat e saj t\u00eb leximit, t\u00eb cilat p\u00ebrfshijn\u00eb vepra nga Margaret Thatcher, Tony Blair dhe Henry Kissinger, histori t\u00eb operacioneve t\u00eb inteligjenc\u00ebs dhe konflikteve rajonale, si dhe nj\u00eb biografi t\u00eb Vladimir Zelensky-t t\u00eb Ukrain\u00ebs, shkruan <a href=\"https:\/\/www.rt.com\/news\/631748-kallas-reading-very-smart\/\">Rt<\/a>.<\/span><\/p>\n<div style=\"width: 640px;\" class=\"wp-video\"><video class=\"wp-video-shortcode\" id=\"video-784004-1\" width=\"640\" height=\"360\" preload=\"metadata\" controls=\"controls\"><source type=\"video\/mp4\" src=\"https:\/\/www.hashtag.al\/wp-content\/uploads\/2026\/01\/ssstwitter.com_1769813335944.mp4?_=1\" \/><a href=\"https:\/\/www.hashtag.al\/wp-content\/uploads\/2026\/01\/ssstwitter.com_1769813335944.mp4\">https:\/\/www.hashtag.al\/wp-content\/uploads\/2026\/01\/ssstwitter.com_1769813335944.mp4<\/a><\/video><\/div>\n","protected":false,"gt_translate_keys":[{"key":"rendered","format":"html"}]},"excerpt":{"rendered":"<p>Shefja e politik\u00ebs s\u00eb jashtme t\u00eb BE-s\u00eb, Kaja Kallas, ka deklaruar se do t\u00eb jet\u00eb \u201cshum\u00eb e men\u00e7ur\u201d deri n\u00eb fund t\u00eb mandatit t\u00eb saj, fal\u00eb zakoneve t\u00eb saj t\u00eb leximit. Kallas e b\u00ebri k\u00ebt\u00eb koment n\u00eb nj\u00eb konferenc\u00eb p\u00ebr shtyp t\u00eb enjten, pasi nj\u00eb gazetar i ofroi t&#8217;i jepte nj\u00eb lib\u00ebr mbi historin\u00eb kurde [&hellip;]<\/p>\n","protected":false,"gt_translate_keys":[{"key":"rendered","format":"html"}]},"author":51,"featured_media":784006,"comment_status":"closed","ping_status":"open","sticky":false,"template":"","format":"standard","meta":{"footnotes":""},"categories":[53],"tags":[],"class_list":["post-784004","post","type-post","status-publish","format-standard","has-post-thumbnail","hentry","category-fast-foodi"],"gt_translate_keys":[{"key":"link","format":"url"}],"_links":{"self":[{"href":"https:\/\/www.hashtag.al\/index.php\/wp-json\/wp\/v2\/posts\/784004","targetHints":{"allow":["GET"]}}],"collection":[{"href":"https:\/\/www.hashtag.al\/index.php\/wp-json\/wp\/v2\/posts"}],"about":[{"href":"https:\/\/www.hashtag.al\/index.php\/wp-json\/wp\/v2\/types\/post"}],"author":[{"embeddable":true,"href":"https:\/\/www.hashtag.al\/index.php\/wp-json\/wp\/v2\/users\/51"}],"replies":[{"embeddable":true,"href":"https:\/\/www.hashtag.al\/index.php\/wp-json\/wp\/v2\/comments?post=784004"}],"version-history":[{"count":99999,"href":"https:\/\/www.hashtag.al\/index.php\/wp-json\/wp\/v2\/posts\/784004\/revisions"}],"predecessor-version":[{"id":784007,"href":"https:\/\/www.hashtag.al\/index.php\/wp-json\/wp\/v2\/posts\/784004\/revisions\/784007"}],"wp:featuredmedia":[{"embeddable":true,"href":"https:\/\/www.hashtag.al\/index.php\/wp-json\/wp\/v2\/media\/784006"}],"wp:attachment":[{"href":"https:\/\/www.hashtag.al\/index.php\/wp-json\/wp\/v2\/media?parent=784004"}],"wp:term":[{"taxonomy":"category","embeddable":true,"href":"https:\/\/www.hashtag.al\/index.php\/wp-json\/wp\/v2\/categories?post=784004"},{"taxonomy":"post_tag","embeddable":true,"href":"https:\/\/www.hashtag.al\/index.php\/wp-json\/wp\/v2\/tags?post=784004"}],"curies":[{"name":"wp","href":"https:\/\/api.w.org\/{rel}","templated":true}]}}