{"id":783963,"date":"2026-01-30T20:11:13","date_gmt":"2026-01-30T19:11:13","guid":{"rendered":"https:\/\/www.hashtag.al\/?p=783963"},"modified":"2026-01-30T20:11:32","modified_gmt":"2026-01-30T19:11:32","slug":"kryebashkiaket-franceze-u-shpallin-lufte-bandave-te-droges","status":"publish","type":"post","link":"https:\/\/www.hashtag.al\/index.php\/2026\/01\/30\/kryebashkiaket-franceze-u-shpallin-lufte-bandave-te-droges\/","title":{"rendered":"Kryebashkiak\u00ebt francez\u00eb u shpallin luft\u00eb bandave t\u00eb drog\u00ebs","gt_translate_keys":[{"key":"rendered","format":"text"}]},"content":{"rendered":"<p><img loading=\"lazy\" decoding=\"async\" class=\"aligncenter size-full wp-image-783964\" src=\"https:\/\/www.hashtag.al\/wp-content\/uploads\/2026\/01\/montpellier.png\" alt=\"\" width=\"700\" height=\"394\" srcset=\"https:\/\/www.hashtag.al\/wp-content\/uploads\/2026\/01\/montpellier.png 700w, https:\/\/www.hashtag.al\/wp-content\/uploads\/2026\/01\/montpellier-300x169.png 300w\" sizes=\"auto, (max-width: 700px) 100vw, 700px\" \/><\/p>\n<p><span style=\"color: #000000;\">Kryebashkiaku i Monpeljes\u00eb, Micha\u00ebl Delafosse, ka zgjedhur nj\u00eb qasje t\u00eb pazakont\u00eb p\u00ebr t\u00eb goditur rrjetet e trafikut t\u00eb drog\u00ebs: shembjen e bizneseve t\u00eb dyshuara p\u00ebr pastrim parash dhe z\u00ebvend\u00ebsimin e tyre me korsi bi\u00e7ikletash.<\/span><\/p>\n<p><span style=\"color: #000000;\">N\u00eb nj\u00eb m\u00ebngjes t\u00eb lag\u00ebsht dhjetori n\u00eb qytetin jugor francez, ekskavator\u00ebt nis\u00ebn shkat\u00ebrrimin e nj\u00eb vargu rrojtoreje dhe dyqanesh t\u00eb hapura 24 or\u00eb, p\u00ebr t\u2019i hapur vendin nj\u00eb shtegu p\u00ebr bi\u00e7ikleta. Sipas Delafosse, dhjet\u00eb prej k\u00ebtyre lokaleve sh\u00ebrbenin si fasada p\u00ebr pastrimin e parave t\u00eb drog\u00ebs.<\/span><\/p>\n<p><span style=\"color: #000000;\"><em>\u201cU detyruam t\u00eb veprojm\u00eb,\u201d<\/em> tha kryebashkiaku socialist n\u00eb vendngjarje, duke theksuar se procesi ligjor p\u00ebr rimarrjen e pronave dhe d\u00ebbimin e qiramarr\u00ebsve kishte zgjatur me muaj.<\/span><\/p>\n<p><strong><span style=\"color: #000000;\">Nj\u00eb problem n\u00eb p\u00ebrhapje n\u00eb gjith\u00eb Franc\u00ebn<\/span><\/strong><\/p>\n<p><span style=\"color: #000000;\">Narkotrafiku po shnd\u00ebrrohet n\u00eb nj\u00eb k\u00ebrc\u00ebnim komb\u00ebtar, nga p\u00ebrplasjet vdekjeprur\u00ebse mes bandave n\u00eb Marsej\u00eb, deri te shp\u00ebrthimet e dhun\u00ebs n\u00eb qytete m\u00eb t\u00eb vogla, ku m\u00eb par\u00eb konflikte t\u00eb tilla ishin t\u00eb rralla. Autoritetet jan\u00eb gjithnj\u00eb e m\u00eb t\u00eb alarmuara nga forcimi i rrjeteve kriminale, i nxitur nga rritja e ndjeshme e konsumit t\u00eb kokain\u00ebs.<\/span><\/p>\n<p><span style=\"color: #000000;\">\u00c7\u00ebshtja ka marr\u00eb pesh\u00eb politike p\u00ebrpara zgjedhjeve lokale t\u00eb marsit, t\u00eb cilat shihen si prov\u00eb e r\u00ebnd\u00ebsishme p\u00ebrpara zgjedhjeve presidenciale t\u00eb vitit 2027. Sondazhet tregojn\u00eb se siguria \u00ebsht\u00eb shqet\u00ebsimi kryesor i votuesve, p\u00ebrpara strehimit dhe sh\u00ebndet\u00ebsis\u00eb \u2013 nj\u00eb terren q\u00eb tradicionalisht favorizon t\u00eb djatht\u00ebn dhe q\u00eb mund t\u00eb forcoj\u00eb partin\u00eb e ekstremit t\u00eb djatht\u00eb t\u00eb Marine Le Pen, Rassemblement National.<\/span><\/p>\n<p><span style=\"color: #000000;\"><strong>Kund\u00ebrp\u00ebrgjigjia e qeveris\u00eb<\/strong><\/span><\/p>\n<p><span style=\"color: #000000;\">Qeveria franceze mbron qasjen e saj. Po at\u00eb m\u00ebngjes dhjetori, Presidenti Emmanuel Macron zhvilloi nj\u00eb tjet\u00ebr vizit\u00eb n\u00eb Marsej\u00eb p\u00ebr t\u00eb mbik\u00ebqyrur nj\u00eb operacion kund\u00ebr drog\u00ebs. Vizita pasoi vrasjen e 19-vje\u00e7arit Mehdi Kessaci, v\u00ebllai i nj\u00eb aktivisti kund\u00ebr dhun\u00ebs s\u00eb bandave \u2013 nj\u00eb ngjarje q\u00eb tronditi opinionin publik.<\/span><\/p>\n<p><span style=\"color: #000000;\">Macron shpalli rritjen e gjobave p\u00ebr p\u00ebrdorimin e drog\u00ebs nga 200 n\u00eb 500 euro, duke e quajtur k\u00ebt\u00eb pjes\u00eb t\u00eb nj\u00eb \u201clufte\u201d t\u00eb drejtp\u00ebrdrejt\u00eb kund\u00ebr trafikant\u00ebve. Ai rikujtoi gjithashtu investimet prej 5 miliard\u00eb eurosh n\u00eb Marsej\u00eb q\u00eb nga viti 2021, t\u00eb fokusuara n\u00eb infrastruktur\u00eb, arsim, siguri dhe prani m\u00eb t\u00eb fort\u00eb policore.<\/span><\/p>\n<p><span style=\"color: #000000;\"><strong>\u201cNuk ka m\u00eb zona t\u00eb paprekshme\u201d<\/strong><\/span><\/p>\n<p><span style=\"color: #000000;\">Fenomeni nuk kufizohet vet\u00ebm n\u00eb Franc\u00eb. Paralajm\u00ebrime p\u00ebr fuqin\u00eb dhe pasurin\u00eb e kartelave po vijn\u00eb nga Spanja, Belgjika dhe vende t\u00eb tjera evropiane. Megjithat\u00eb, kryebashkiak\u00ebt francez\u00eb theksojn\u00eb se burimet lokale jan\u00eb t\u00eb pamjaftueshme p\u00ebr t\u00eb p\u00ebrballuar k\u00ebt\u00eb sfid\u00eb.<\/span><\/p>\n<p><span style=\"color: #000000;\">N\u00eb Monpelje, nj\u00eb seri zjarrv\u00ebniesh ndaj dyqaneve t\u00eb dyshuara kulmoi me nj\u00eb incident vdekjeprur\u00ebs n\u00eb n\u00ebntor, i hetuar si hakmarrje mes bandave. Nd\u00ebrkoh\u00eb, qytete si Nantes, Clermont-Ferrand, Grenoble dhe Nice, dikur relativisht t\u00eb qeta, po raportojn\u00eb rritje t\u00eb dhun\u00ebs s\u00eb lidhur me drog\u00ebn.<\/span><\/p>\n<p><span style=\"color: #000000;\"><em>\u201cNuk ka m\u00eb zona t\u00eb mbrojtura,\u201d<\/em> tha Ludovic Friat, kreu i nj\u00eb sindikate t\u00eb magjistrat\u00ebve, duke shtuar se droga \u00ebsht\u00eb b\u00ebr\u00eb m\u00eb e p\u00ebrhapur dhe m\u00eb e leht\u00eb p\u00ebr t\u2019u siguruar.<\/span><\/p>\n<p><span style=\"color: #000000;\"><strong>Zgjidhje \u201cartizanale\u201d<\/strong><\/span><\/p>\n<p><span style=\"color: #000000;\">Delafosse pranon se shum\u00eb kryebashkiak\u00eb jan\u00eb t\u00eb detyruar t\u00eb p\u00ebrdorin metoda improvizuese (DIY) dhe b\u00ebn thirrje p\u00ebr nj\u00eb arsenal ligjor shum\u00eb m\u00eb t\u00eb fort\u00eb. Bashkia e Monpeljes\u00eb shpenzoi rreth 800,000 euro p\u00ebr t\u00eb bler\u00eb 14 dyqane, p\u00ebr t\u00eb projektuar korsin\u00eb e bi\u00e7ikletave dhe p\u00ebr t\u00eb pastruar zon\u00ebn nga azbesti.<\/span><\/p>\n<p><span style=\"color: #000000;\"><em>\u201c\u00cbsht\u00eb nj\u00eb projekt mjedisor jasht\u00ebzakonisht i kushtuesh\u00ebm,\u201d<\/em> tha ai me ironi. <em>\u201cPor n\u00eb k\u00ebmbim, u rikthejm\u00eb qet\u00ebsin\u00eb mij\u00ebra banor\u00ebve. Po b\u00ebj at\u00eb q\u00eb mundem me mjetet q\u00eb m\u00eb jep ligji.\u201d<\/em><\/span><\/p>\n<p><span style=\"color: #000000;\">Ai ka angazhuar edhe agjent\u00eb privat\u00eb sigurie, pa arm\u00eb, p\u00ebr t\u00eb larguar persona t\u00eb d\u00ebnuar p\u00ebr drog\u00eb nga banesat sociale dhe k\u00ebrkon q\u00eb kryebashkiak\u00ebve t\u2019u jepet e drejta e vetos p\u00ebr hapjen e bizneseve t\u00eb reja.<\/span><\/p>\n<p><span style=\"color: #000000;\"><strong>Dyqane pa klient\u00eb, por me xhiro t\u00eb dyshimt\u00eb<\/strong><\/span><\/p>\n<p><span style=\"color: #000000;\">Shum\u00eb rrojtore dhe dyqane t\u00eb vogla dyshohen se ekzistojn\u00eb vet\u00ebm p\u00ebr pastrim parash.<\/span><\/p>\n<p><span style=\"color: #000000;\"><em> \u201cJan\u00eb hapur gjith\u00eb dit\u00ebn e diel dhe nuk sheh asnj\u00eb klient,\u201d<\/em> tha Yves Martinot, nj\u00eb pensionist vendas. <em>\u201cNuk b\u00ebhen shum\u00eb qethje aty.\u201d<\/em><\/span><\/p>\n<p><span style=\"color: #000000;\">Qeveria njoftoi se nj\u00eb ligj i ri anti-drog\u00eb do t\u00eb lejoj\u00eb mbylljen e p\u00ebrkohshme t\u00eb bizneseve p\u00ebr deri n\u00eb gjasht\u00eb muaj n\u00eb rast dyshimesh p\u00ebr pastrim parash, nd\u00ebrsa kontrollet tatimore po intensifikohen, shkruan <span style=\"color: #0000ff;\"><a style=\"color: #0000ff;\" href=\"https:\/\/www.ft.com\/content\/3b85a319-14f1-4e55-bff4-facaa0abefeb\">FT<\/a><\/span>.<\/span><\/p>\n<p><span style=\"color: #000000;\"><strong>Presion elektoral<\/strong><\/span><\/p>\n<p><span style=\"color: #000000;\">N\u00eb Marsej\u00eb, dhuna e lidhur me drog\u00ebn po shtyn nj\u00eb pjes\u00eb t\u00eb elektoratit drejt ekstremit t\u00eb djatht\u00eb. Edhe n\u00eb Monpelje, Delafosse tha se vepron pik\u00ebrisht p\u00ebr t\u00eb mos i l\u00ebn\u00eb k\u00ebto \u00e7\u00ebshtje n\u00eb duart e populist\u00ebve.<\/span><\/p>\n<p><span style=\"color: #000000;\"><em>\u201cNuk dua t\u2019ua dor\u00ebzoj k\u00ebto probleme atyre q\u00eb i shfryt\u00ebzojn\u00eb politikisht,\u201d<\/em> tha ai.<\/span><\/p>\n<p><em><span style=\"color: #000000;\">&#8220;Detyra jon\u00eb \u00ebsht\u00eb t\u2019u tregojm\u00eb qytetar\u00ebve se ekzistojn\u00eb zgjidhje reale.\u201d<\/span><\/em><\/p>\n","protected":false,"gt_translate_keys":[{"key":"rendered","format":"html"}]},"excerpt":{"rendered":"<p>Kryebashkiaku i Monpeljes\u00eb, Micha\u00ebl Delafosse, ka zgjedhur nj\u00eb qasje t\u00eb pazakont\u00eb p\u00ebr t\u00eb goditur rrjetet e trafikut t\u00eb drog\u00ebs: shembjen e bizneseve t\u00eb dyshuara p\u00ebr pastrim parash dhe z\u00ebvend\u00ebsimin e tyre me korsi bi\u00e7ikletash. N\u00eb nj\u00eb m\u00ebngjes t\u00eb lag\u00ebsht dhjetori n\u00eb qytetin jugor francez, ekskavator\u00ebt nis\u00ebn shkat\u00ebrrimin e nj\u00eb vargu rrojtoreje dhe dyqanesh t\u00eb hapura [&hellip;]<\/p>\n","protected":false,"gt_translate_keys":[{"key":"rendered","format":"html"}]},"author":51,"featured_media":783964,"comment_status":"closed","ping_status":"open","sticky":false,"template":"","format":"standard","meta":{"footnotes":""},"categories":[53],"tags":[],"class_list":["post-783963","post","type-post","status-publish","format-standard","has-post-thumbnail","hentry","category-fast-foodi"],"gt_translate_keys":[{"key":"link","format":"url"}],"_links":{"self":[{"href":"https:\/\/www.hashtag.al\/index.php\/wp-json\/wp\/v2\/posts\/783963","targetHints":{"allow":["GET"]}}],"collection":[{"href":"https:\/\/www.hashtag.al\/index.php\/wp-json\/wp\/v2\/posts"}],"about":[{"href":"https:\/\/www.hashtag.al\/index.php\/wp-json\/wp\/v2\/types\/post"}],"author":[{"embeddable":true,"href":"https:\/\/www.hashtag.al\/index.php\/wp-json\/wp\/v2\/users\/51"}],"replies":[{"embeddable":true,"href":"https:\/\/www.hashtag.al\/index.php\/wp-json\/wp\/v2\/comments?post=783963"}],"version-history":[{"count":99999,"href":"https:\/\/www.hashtag.al\/index.php\/wp-json\/wp\/v2\/posts\/783963\/revisions"}],"predecessor-version":[{"id":783971,"href":"https:\/\/www.hashtag.al\/index.php\/wp-json\/wp\/v2\/posts\/783963\/revisions\/783971"}],"wp:featuredmedia":[{"embeddable":true,"href":"https:\/\/www.hashtag.al\/index.php\/wp-json\/wp\/v2\/media\/783964"}],"wp:attachment":[{"href":"https:\/\/www.hashtag.al\/index.php\/wp-json\/wp\/v2\/media?parent=783963"}],"wp:term":[{"taxonomy":"category","embeddable":true,"href":"https:\/\/www.hashtag.al\/index.php\/wp-json\/wp\/v2\/categories?post=783963"},{"taxonomy":"post_tag","embeddable":true,"href":"https:\/\/www.hashtag.al\/index.php\/wp-json\/wp\/v2\/tags?post=783963"}],"curies":[{"name":"wp","href":"https:\/\/api.w.org\/{rel}","templated":true}]}}