{"id":783931,"date":"2026-01-30T16:22:32","date_gmt":"2026-01-30T15:22:32","guid":{"rendered":"https:\/\/www.hashtag.al\/?p=783931"},"modified":"2026-01-30T16:22:32","modified_gmt":"2026-01-30T15:22:32","slug":"telefoni-i-berberit-jo-prove-balluku-rekurs-ne-gjykate-te-shpallen-nul-provat-e-nxjerra-nga-celulari-i-tij","status":"publish","type":"post","link":"https:\/\/www.hashtag.al\/index.php\/2026\/01\/30\/telefoni-i-berberit-jo-prove-balluku-rekurs-ne-gjykate-te-shpallen-nul-provat-e-nxjerra-nga-celulari-i-tij\/","title":{"rendered":"\u201cTelefoni i Berberit, jo prov\u00eb\u201d\/ Balluku rekurs n\u00eb gjykat\u00eb: T\u00eb shpallen nul provat e nxjerra nga celulari i tij","gt_translate_keys":[{"key":"rendered","format":"text"}]},"content":{"rendered":"<p><span style=\"color: #000000;\"><img loading=\"lazy\" decoding=\"async\" class=\"alignnone size-full wp-image-783549\" src=\"https:\/\/www.hashtag.al\/wp-content\/uploads\/2026\/01\/1763639608_belindaballuku.jpg\" alt=\"\" width=\"780\" height=\"440\" srcset=\"https:\/\/www.hashtag.al\/wp-content\/uploads\/2026\/01\/1763639608_belindaballuku.jpg 780w, https:\/\/www.hashtag.al\/wp-content\/uploads\/2026\/01\/1763639608_belindaballuku-300x169.jpg 300w, https:\/\/www.hashtag.al\/wp-content\/uploads\/2026\/01\/1763639608_belindaballuku-768x433.jpg 768w\" sizes=\"auto, (max-width: 780px) 100vw, 780px\" \/><\/span><\/p>\n<p><span style=\"color: #000000;\">Rrug\u00ebt e z\u00ebvend\u00ebs kryeministres Belinda Balluku dhe ish z\u00ebvend\u00ebs kryeministrit Arben Ahmetaj jan\u00eb bashkuar n\u00eb SPAK.<\/span><\/p>\n<p><span style=\"color: #000000;\">Si\u00e7 m\u00ebson TCH rekursin e depozituar n\u00eb gjykat\u00ebn e lart\u00eb avokat\u00ebt e funksionares s\u00eb lart\u00eb kan\u00eb p\u00ebrdorur si arm\u00eb mbrojt\u00ebse nj\u00eb vendim t\u00eb gjykat\u00ebs kushtetuese n\u00eb t\u00eb cilin gjykata tha se nuk mund t\u00eb sekuestrohet telefoni pa nj\u00eb vendim gjykate.<\/span><\/p>\n<p><span style=\"color: #000000;\">Telefoni n\u00eb fakt i p\u00ebrkiste Onejda Ymerit, e cila dit\u00ebn q\u00eb u thirr n\u00eb kuad\u00ebr t\u00eb hetimeve ndaj ish-z\u00ebvend\u00ebskryeministrit Arben Ahmetaj iu bllokua dhe telefoni.<\/span><\/p>\n<p><span style=\"color: #000000;\">\u00a0Ky precedent \u00ebsht\u00eb marr\u00eb si shembull nga mbrojtja e zv.kryeministres dhe ministres Belinda Balluku, t\u00eb dh\u00ebnat p\u00ebr t\u00eb cil\u00ebn u p\u00ebrftuan nga telefoni i Ervis Berberit, q\u00eb \u00ebsht\u00eb b\u00ebr\u00eb shkak p\u00ebr hapjen e disa fraksioneve hetimore nj\u00eb nd\u00ebr to edhe tenderat ku Balluku ka marr\u00eb statusin e t\u00eb pandehur\u00ebs dhe mbahet n\u00eb mas\u00ebn ndalim p\u00ebr t\u00eb dal\u00eb jasht\u00eb vendit.<\/span><\/p>\n<p><span style=\"color: #000000;\">Me shpjegimin e tyre avokat\u00ebt thon\u00eb se n\u00eb respekt t\u00eb gjykat\u00ebs kushtetuese dhe precedentit Ymeraj, duhen cil\u00ebsuar si \u00a0t\u00eb pap\u00ebrdorshme provat.<\/span><\/p>\n<p><span style=\"color: #000000;\">N\u00eb ver\u00ebn e 2025 gjykata i vendosi kufi SPAK p\u00ebr m\u00ebnyr\u00ebn si sekuestrohen telefonat, me arsyetimin se ju prek komunikimi i post\u00ebs dhe komunikimeve elektronike.<\/span><\/p>\n<p><span style=\"color: #000000;\">Momenti I dyt\u00eb q\u00eb ndalen avokat\u00ebt e Ballukut \u00ebsht\u00eb arsyetimi se nuk ka asnj\u00eb rrezik q\u00eb Belinda Balluku t\u00eb arratiset nga Shqip\u00ebria dhe ndaj duhet hequr masa e ndalimit p\u00ebr t\u00eb dal\u00eb jasht\u00eb vendit.<\/span><\/p>\n<p><span style=\"color: #000000;\">Si prov\u00eb sillen tre udh\u00ebtimet mbas muajit tetor 2025 kur Belinda ishte thirrur p\u00ebr tu pyetur nga SPAK dhe ku ju komunikua akuz\u00eb . Nj\u00eb nd\u00ebr k\u00ebto udh\u00ebtime \u00ebsht\u00eb edhe udh\u00ebtimi n\u00eb Zvic\u00ebr.<\/span><\/p>\n<p><span style=\"color: #000000;\">Por n\u00eb pritje p\u00ebr nj\u00eb vendim nga gjykata kushtetuese dhe nga k\u00ebshilli i mandateve, SPAK ka kryer sekuestro dhe k\u00ebqyrje t\u00eb shumta mes tyre edhe biznesmen\u00ebsh t\u00eb p\u00ebrmendur n\u00eb tendera.<\/span><\/p>\n<p><span style=\"color: #000000;\">Derisa gjykata kushtetuese t\u00eb jap\u00eb vendim n\u00eb themel p\u00ebr \u00e7\u00ebshtjen masa tjet\u00ebr e gjykat\u00ebs s\u00eb posa\u00e7me, \u00ebsht\u00eb pezulluar prej gjyqtar\u00ebve kushtetues q\u00eb e kan\u00eb rikthyer n\u00eb detyr\u00eb<\/span><\/p>\n<p>&nbsp;<\/p>\n<p><span style=\"color: #000000;\"><span style=\"color: #ff0000;\">VINI RE:<\/span> Ky material \u00ebsht\u00eb pron\u00ebsi intelektuale e<span style=\"color: #0000ff;\"><a style=\"color: #0000ff;\" href=\"https:\/\/top-channel.tv\/2026\/01\/30\/telefoni-i-berberit-jo-prove-balluku-rekurs-ne-gjykate-te-shpallen-nul-provat-e-nxjerra-nga-celulari-i-tij\/\"> Top Channel<\/a><\/span><\/span><\/p>\n","protected":false,"gt_translate_keys":[{"key":"rendered","format":"html"}]},"excerpt":{"rendered":"<p>Rrug\u00ebt e z\u00ebvend\u00ebs kryeministres Belinda Balluku dhe ish z\u00ebvend\u00ebs kryeministrit Arben Ahmetaj jan\u00eb bashkuar n\u00eb SPAK. Si\u00e7 m\u00ebson TCH rekursin e depozituar n\u00eb gjykat\u00ebn e lart\u00eb avokat\u00ebt e funksionares s\u00eb lart\u00eb kan\u00eb p\u00ebrdorur si arm\u00eb mbrojt\u00ebse nj\u00eb vendim t\u00eb gjykat\u00ebs kushtetuese n\u00eb t\u00eb cilin gjykata tha se nuk mund t\u00eb sekuestrohet telefoni pa nj\u00eb vendim [&hellip;]<\/p>\n","protected":false,"gt_translate_keys":[{"key":"rendered","format":"html"}]},"author":32,"featured_media":783549,"comment_status":"closed","ping_status":"open","sticky":false,"template":"","format":"standard","meta":{"footnotes":""},"categories":[65],"tags":[],"class_list":["post-783931","post","type-post","status-publish","format-standard","has-post-thumbnail","hentry","category-lajme"],"gt_translate_keys":[{"key":"link","format":"url"}],"_links":{"self":[{"href":"https:\/\/www.hashtag.al\/index.php\/wp-json\/wp\/v2\/posts\/783931","targetHints":{"allow":["GET"]}}],"collection":[{"href":"https:\/\/www.hashtag.al\/index.php\/wp-json\/wp\/v2\/posts"}],"about":[{"href":"https:\/\/www.hashtag.al\/index.php\/wp-json\/wp\/v2\/types\/post"}],"author":[{"embeddable":true,"href":"https:\/\/www.hashtag.al\/index.php\/wp-json\/wp\/v2\/users\/32"}],"replies":[{"embeddable":true,"href":"https:\/\/www.hashtag.al\/index.php\/wp-json\/wp\/v2\/comments?post=783931"}],"version-history":[{"count":99999,"href":"https:\/\/www.hashtag.al\/index.php\/wp-json\/wp\/v2\/posts\/783931\/revisions"}],"predecessor-version":[{"id":783932,"href":"https:\/\/www.hashtag.al\/index.php\/wp-json\/wp\/v2\/posts\/783931\/revisions\/783932"}],"wp:featuredmedia":[{"embeddable":true,"href":"https:\/\/www.hashtag.al\/index.php\/wp-json\/wp\/v2\/media\/783549"}],"wp:attachment":[{"href":"https:\/\/www.hashtag.al\/index.php\/wp-json\/wp\/v2\/media?parent=783931"}],"wp:term":[{"taxonomy":"category","embeddable":true,"href":"https:\/\/www.hashtag.al\/index.php\/wp-json\/wp\/v2\/categories?post=783931"},{"taxonomy":"post_tag","embeddable":true,"href":"https:\/\/www.hashtag.al\/index.php\/wp-json\/wp\/v2\/tags?post=783931"}],"curies":[{"name":"wp","href":"https:\/\/api.w.org\/{rel}","templated":true}]}}