{"id":783928,"date":"2026-01-30T16:02:57","date_gmt":"2026-01-30T15:02:57","guid":{"rendered":"https:\/\/www.hashtag.al\/?p=783928"},"modified":"2026-01-30T16:02:57","modified_gmt":"2026-01-30T15:02:57","slug":"bashkepunimi-ekonomik-shqiperi-greqi-begaj-kemi-nje-rritje-te-vazhdueshme-te-eksporteve-reciproke","status":"publish","type":"post","link":"https:\/\/www.hashtag.al\/index.php\/2026\/01\/30\/bashkepunimi-ekonomik-shqiperi-greqi-begaj-kemi-nje-rritje-te-vazhdueshme-te-eksporteve-reciproke\/","title":{"rendered":"Bashk\u00ebpunimi ekonomik Shqip\u00ebri-Greqi, Begaj: Kemi nj\u00eb rritje t\u00eb vazhdueshme t\u00eb eksporteve reciproke","gt_translate_keys":[{"key":"rendered","format":"text"}]},"content":{"rendered":"<p><span style=\"color: #000000;\"><img loading=\"lazy\" decoding=\"async\" class=\"alignnone size-full wp-image-783929\" src=\"https:\/\/www.hashtag.al\/wp-content\/uploads\/2026\/01\/1769783581_bajrambegaj.jpg\" alt=\"\" width=\"780\" height=\"440\" srcset=\"https:\/\/www.hashtag.al\/wp-content\/uploads\/2026\/01\/1769783581_bajrambegaj.jpg 780w, https:\/\/www.hashtag.al\/wp-content\/uploads\/2026\/01\/1769783581_bajrambegaj-300x169.jpg 300w, https:\/\/www.hashtag.al\/wp-content\/uploads\/2026\/01\/1769783581_bajrambegaj-768x433.jpg 768w\" sizes=\"auto, (max-width: 780px) 100vw, 780px\" \/><\/span><\/p>\n<p><span style=\"color: #000000;\">Presidenti, Bajram Begaj, mori pjes\u00eb sot n\u00eb takimin e Shoqat\u00ebs s\u00eb Biznesit Grek n\u00eb Shqip\u00ebri me rastin e \u201cDit\u00ebs s\u00eb Vasilopit\u00ebs\u201d.<\/span><\/p>\n<p><span style=\"color: #000000;\">N\u00eb k\u00ebt\u00eb takim me sip\u00ebrmarr\u00ebsit grek\u00eb n\u00eb Tiran\u00eb, Begaj u shpreh p\u00ebr nj\u00eb dinamik\u00eb t\u00eb re t\u00eb bashk\u00ebpunimit ekonomik mes Shqip\u00ebris\u00eb dhe Greqis\u00eb p\u00ebrmes nxitjes s\u00eb projekteve t\u00eb p\u00ebrbashk\u00ebta.<\/span><\/p>\n<p><span style=\"color: #000000;\"><em>\u201cUn\u00eb mendoj se ka mund\u00ebsi p\u00ebr m\u00eb shum\u00eb dhe ka ende hap\u00ebsira t\u00eb m\u00ebdha p\u00ebr t\u00eb rritur investimet e nd\u00ebrsjella\u201d,<\/em> &#8211; theksoi ai nd\u00ebrsa garantoi se \u201cShqip\u00ebria ofron nj\u00eb terren solid p\u00ebr \u00e7do investitor\u201d.<\/span><\/p>\n<p><span style=\"color: #000000;\">Presidenti renditi leht\u00ebsit\u00eb q\u00eb ofron Shqip\u00ebria, me theks n\u00eb ekonomin\u00eb dinamike, monedh\u00ebn e q\u00ebndrueshme, sektor\u00eb t\u00eb sh\u00ebndetsh\u00ebm bankar dhe borxh publik q\u00eb po menaxhohet me kujdes.<\/span><\/p>\n<p><span style=\"color: #000000;\">Kreu i Shtetit vler\u00ebsoi rolin e kompanive elitare q\u00eb operojn\u00eb n\u00eb sektor\u00ebt m\u00eb strategjik\u00eb t\u00eb vendit ton\u00eb, teksa n\u00ebnvizoi se prania e investitor\u00ebve grek\u00eb n\u00eb fusha, si: sistemi bankar, energjia, industria, nd\u00ebrtimi dhe tregtia, p\u00ebrb\u00ebn nj\u00eb shtyll\u00eb t\u00eb r\u00ebnd\u00ebsishme p\u00ebr q\u00ebndrueshm\u00ebrin\u00eb ton\u00eb ekonomike dhe d\u00ebshmon p\u00ebr besimin e nd\u00ebrsjell\u00eb t\u00eb nd\u00ebrtuar nd\u00ebr vite.<\/span><\/p>\n<p><span style=\"color: #000000;\"><em>\u201cMb\u00ebshtetja e Greqis\u00eb mike n\u00eb procesin ton\u00eb t\u00eb integrimit \u00ebsht\u00eb d\u00ebshmi e nj\u00eb miq\u00ebsie t\u00eb sinqert\u00eb, e cila po p\u00ebrkthehet n\u00eb nj\u00eb bashk\u00ebpunim gjithnj\u00eb e m\u00eb t\u00eb ngusht\u00eb ekonomik\u201d,<\/em> &#8211; theksoi Presidenti.<\/span><\/p>\n<p><span style=\"color: #000000;\"><em>\u201cN\u00eb fush\u00ebn e tregtis\u00eb, zhvillimet jan\u00eb inkurajuese. Greqia vijon t\u00eb mbetet nj\u00eb nga partner\u00ebt tan\u00eb kryesor\u00eb, duke u renditur n\u00eb radh\u00ebt e para t\u00eb shk\u00ebmbimeve t\u00eb mallrave dhe sh\u00ebrbimeve. Kemi nj\u00eb rritje t\u00eb vazhdueshme t\u00eb eksporteve reciproke, \u00e7ka tregon se tregjet tona po b\u00ebhen gjithnj\u00eb e m\u00eb plot\u00ebsuese p\u00ebr nj\u00ebri-tjetrin\u201d,<\/em> shtoi ai.<\/span><\/p>\n","protected":false,"gt_translate_keys":[{"key":"rendered","format":"html"}]},"excerpt":{"rendered":"<p>Presidenti, Bajram Begaj, mori pjes\u00eb sot n\u00eb takimin e Shoqat\u00ebs s\u00eb Biznesit Grek n\u00eb Shqip\u00ebri me rastin e \u201cDit\u00ebs s\u00eb Vasilopit\u00ebs\u201d. N\u00eb k\u00ebt\u00eb takim me sip\u00ebrmarr\u00ebsit grek\u00eb n\u00eb Tiran\u00eb, Begaj u shpreh p\u00ebr nj\u00eb dinamik\u00eb t\u00eb re t\u00eb bashk\u00ebpunimit ekonomik mes Shqip\u00ebris\u00eb dhe Greqis\u00eb p\u00ebrmes nxitjes s\u00eb projekteve t\u00eb p\u00ebrbashk\u00ebta. \u201cUn\u00eb mendoj se ka mund\u00ebsi [&hellip;]<\/p>\n","protected":false,"gt_translate_keys":[{"key":"rendered","format":"html"}]},"author":32,"featured_media":783929,"comment_status":"closed","ping_status":"open","sticky":false,"template":"","format":"standard","meta":{"footnotes":""},"categories":[65],"tags":[],"class_list":["post-783928","post","type-post","status-publish","format-standard","has-post-thumbnail","hentry","category-lajme"],"gt_translate_keys":[{"key":"link","format":"url"}],"_links":{"self":[{"href":"https:\/\/www.hashtag.al\/index.php\/wp-json\/wp\/v2\/posts\/783928","targetHints":{"allow":["GET"]}}],"collection":[{"href":"https:\/\/www.hashtag.al\/index.php\/wp-json\/wp\/v2\/posts"}],"about":[{"href":"https:\/\/www.hashtag.al\/index.php\/wp-json\/wp\/v2\/types\/post"}],"author":[{"embeddable":true,"href":"https:\/\/www.hashtag.al\/index.php\/wp-json\/wp\/v2\/users\/32"}],"replies":[{"embeddable":true,"href":"https:\/\/www.hashtag.al\/index.php\/wp-json\/wp\/v2\/comments?post=783928"}],"version-history":[{"count":99999,"href":"https:\/\/www.hashtag.al\/index.php\/wp-json\/wp\/v2\/posts\/783928\/revisions"}],"predecessor-version":[{"id":783930,"href":"https:\/\/www.hashtag.al\/index.php\/wp-json\/wp\/v2\/posts\/783928\/revisions\/783930"}],"wp:featuredmedia":[{"embeddable":true,"href":"https:\/\/www.hashtag.al\/index.php\/wp-json\/wp\/v2\/media\/783929"}],"wp:attachment":[{"href":"https:\/\/www.hashtag.al\/index.php\/wp-json\/wp\/v2\/media?parent=783928"}],"wp:term":[{"taxonomy":"category","embeddable":true,"href":"https:\/\/www.hashtag.al\/index.php\/wp-json\/wp\/v2\/categories?post=783928"},{"taxonomy":"post_tag","embeddable":true,"href":"https:\/\/www.hashtag.al\/index.php\/wp-json\/wp\/v2\/tags?post=783928"}],"curies":[{"name":"wp","href":"https:\/\/api.w.org\/{rel}","templated":true}]}}