{"id":783925,"date":"2026-01-30T15:34:12","date_gmt":"2026-01-30T14:34:12","guid":{"rendered":"https:\/\/www.hashtag.al\/?p=783925"},"modified":"2026-01-30T15:34:12","modified_gmt":"2026-01-30T14:34:12","slug":"serbia-sekuestron-5-tone-marihuane","status":"publish","type":"post","link":"https:\/\/www.hashtag.al\/index.php\/2026\/01\/30\/serbia-sekuestron-5-tone-marihuane\/","title":{"rendered":"Serbia sekuestron 5 ton\u00eb marihuan\u00eb","gt_translate_keys":[{"key":"rendered","format":"text"}]},"content":{"rendered":"<p><span style=\"color: #000000;\"><img loading=\"lazy\" decoding=\"async\" class=\"alignnone size-full wp-image-783926\" src=\"https:\/\/www.hashtag.al\/wp-content\/uploads\/2026\/01\/Screenshot-2026-01-30-062340.png\" alt=\"\" width=\"1252\" height=\"685\" srcset=\"https:\/\/www.hashtag.al\/wp-content\/uploads\/2026\/01\/Screenshot-2026-01-30-062340.png 1252w, https:\/\/www.hashtag.al\/wp-content\/uploads\/2026\/01\/Screenshot-2026-01-30-062340-300x164.png 300w, https:\/\/www.hashtag.al\/wp-content\/uploads\/2026\/01\/Screenshot-2026-01-30-062340-1024x560.png 1024w, https:\/\/www.hashtag.al\/wp-content\/uploads\/2026\/01\/Screenshot-2026-01-30-062340-768x420.png 768w\" sizes=\"auto, (max-width: 1252px) 100vw, 1252px\" \/><\/span><\/p>\n<p><span style=\"color: #000000;\">Policia e Serbis\u00eb, n\u00eb bashk\u00ebpunim me Prokurorin\u00eb Publike p\u00ebr Krimin e Organizuar, sekuestroi pes\u00eb ton\u00eb drog\u00eb, t\u00eb llojit marihuan\u00eb. Operacioni u zhvillua n\u00eb fshatin Konjuh, af\u00ebr Krushevcit n\u00eb Serbin\u00eb qendrore m\u00eb 29 janar.<\/span><\/p>\n<p><span style=\"color: #000000;\">Sipas ministrit t\u00eb Pun\u00ebve t\u00eb Brendshme t\u00eb Serbis\u00eb, Ivica Da\u00e7iq, ky \u00ebsht\u00eb sekuestrimi m\u00eb i madh i drog\u00ebs n\u00eb Serbi deri m\u00eb tani. Vlera e drog\u00ebs s\u00eb kapur vler\u00ebsohet t\u00eb jet\u00eb nga 7 deri n\u00eb 10 milion\u00eb euro.<\/span><\/p>\n<p><span style=\"color: #000000;\">Da\u00e7i\u00e7 tha se n\u00eb k\u00ebt\u00eb aksion jan\u00eb arrestuar N.S. (1986) dhe R.S. (1958), nd\u00ebrsa p\u00ebr nj\u00eb person tjet\u00ebr vazhdojn\u00eb k\u00ebrkimet mbi dyshime se kan\u00eb kryer vepra penale p\u00ebr prodhimin dhe posedimin e paautorizuar t\u00eb narkotik\u00ebve dhe p\u00ebr posedim dhe tregtim t\u00eb paligjsh\u00ebm t\u00eb arm\u00ebve dhe mjeteve plas\u00ebse.<\/span><\/p>\n<p><span style=\"color: #000000;\">P\u00ebrve\u00e7 drog\u00ebs, jan\u00eb gjetur edhe arm\u00eb zjarri, t\u00eb pakt\u00ebn kat\u00ebr pushk\u00eb automatike dhe nj\u00eb raket\u00eb q\u00eb hidhet nga krahu, si dhe para n\u00eb vler\u00eb prej rreth 12.700 eurosh.<\/span><\/p>\n<p><span style=\"color: #000000;\">Prokuroria Publike p\u00ebr Krimin e Organizuar n\u00eb Serbi njoftoi se t\u00eb arrestuarit dyshohen se jan\u00eb pjes\u00ebtar\u00eb t\u00eb nj\u00eb grupi t\u00eb organizuar kriminal.<\/span><\/p>\n<p><span style=\"color: #000000;\">N\u00eb njoftimin e prokuroris\u00eb serbe u tha po ashtu se ky grup i organizuar kriminal e kishte magazinuar marihuan\u00ebn n\u00eb hap\u00ebsirat e kompanis\u00eb Florakom d.o.o., prej nga ajo shp\u00ebrndahej n\u00eb Beograd, ku shitjen.<\/span><\/p>\n<p><span style=\"color: #000000;\">Autoritetet n\u00eb Serbi than\u00eb se po vazhdoj\u00eb kontrollet, nd\u00ebrsa t\u00eb dyshuarit, pas ndalimit policor do t\u00eb d\u00ebrgohen n\u00eb prokurori p\u00ebr t\u2019u marr\u00eb n\u00eb pyetje.\/<span style=\"color: #0000ff;\"><a style=\"color: #0000ff;\" href=\"https:\/\/www.evropaelire.org\/a\/serbia-sekuestrim-droge-\/33664222.html\">REL<\/a><\/span><\/span><\/p>\n","protected":false,"gt_translate_keys":[{"key":"rendered","format":"html"}]},"excerpt":{"rendered":"<p>Policia e Serbis\u00eb, n\u00eb bashk\u00ebpunim me Prokurorin\u00eb Publike p\u00ebr Krimin e Organizuar, sekuestroi pes\u00eb ton\u00eb drog\u00eb, t\u00eb llojit marihuan\u00eb. Operacioni u zhvillua n\u00eb fshatin Konjuh, af\u00ebr Krushevcit n\u00eb Serbin\u00eb qendrore m\u00eb 29 janar. Sipas ministrit t\u00eb Pun\u00ebve t\u00eb Brendshme t\u00eb Serbis\u00eb, Ivica Da\u00e7iq, ky \u00ebsht\u00eb sekuestrimi m\u00eb i madh i drog\u00ebs n\u00eb Serbi deri m\u00eb [&hellip;]<\/p>\n","protected":false,"gt_translate_keys":[{"key":"rendered","format":"html"}]},"author":32,"featured_media":783926,"comment_status":"closed","ping_status":"open","sticky":false,"template":"","format":"standard","meta":{"footnotes":""},"categories":[149],"tags":[],"class_list":["post-783925","post","type-post","status-publish","format-standard","has-post-thumbnail","hentry","category-kosoverajon"],"gt_translate_keys":[{"key":"link","format":"url"}],"_links":{"self":[{"href":"https:\/\/www.hashtag.al\/index.php\/wp-json\/wp\/v2\/posts\/783925","targetHints":{"allow":["GET"]}}],"collection":[{"href":"https:\/\/www.hashtag.al\/index.php\/wp-json\/wp\/v2\/posts"}],"about":[{"href":"https:\/\/www.hashtag.al\/index.php\/wp-json\/wp\/v2\/types\/post"}],"author":[{"embeddable":true,"href":"https:\/\/www.hashtag.al\/index.php\/wp-json\/wp\/v2\/users\/32"}],"replies":[{"embeddable":true,"href":"https:\/\/www.hashtag.al\/index.php\/wp-json\/wp\/v2\/comments?post=783925"}],"version-history":[{"count":99999,"href":"https:\/\/www.hashtag.al\/index.php\/wp-json\/wp\/v2\/posts\/783925\/revisions"}],"predecessor-version":[{"id":783927,"href":"https:\/\/www.hashtag.al\/index.php\/wp-json\/wp\/v2\/posts\/783925\/revisions\/783927"}],"wp:featuredmedia":[{"embeddable":true,"href":"https:\/\/www.hashtag.al\/index.php\/wp-json\/wp\/v2\/media\/783926"}],"wp:attachment":[{"href":"https:\/\/www.hashtag.al\/index.php\/wp-json\/wp\/v2\/media?parent=783925"}],"wp:term":[{"taxonomy":"category","embeddable":true,"href":"https:\/\/www.hashtag.al\/index.php\/wp-json\/wp\/v2\/categories?post=783925"},{"taxonomy":"post_tag","embeddable":true,"href":"https:\/\/www.hashtag.al\/index.php\/wp-json\/wp\/v2\/tags?post=783925"}],"curies":[{"name":"wp","href":"https:\/\/api.w.org\/{rel}","templated":true}]}}