{"id":783922,"date":"2026-01-30T15:21:35","date_gmt":"2026-01-30T14:21:35","guid":{"rendered":"https:\/\/www.hashtag.al\/?p=783922"},"modified":"2026-01-30T15:21:35","modified_gmt":"2026-01-30T14:21:35","slug":"i-denuar-me-burg-perjete-per-vrasjen-e-nje-9-vjecari-ne-97-en-arrestohet-ne-greqi-59-vjecari","status":"publish","type":"post","link":"https:\/\/www.hashtag.al\/index.php\/2026\/01\/30\/i-denuar-me-burg-perjete-per-vrasjen-e-nje-9-vjecari-ne-97-en-arrestohet-ne-greqi-59-vjecari\/","title":{"rendered":"I d\u00ebnuar me burg p\u00ebrjet\u00eb p\u00ebr vrasjen e nj\u00eb 9-vje\u00e7ari n\u00eb \u201997-\u00ebn, arrestohet n\u00eb Greqi 59-vje\u00e7ari","gt_translate_keys":[{"key":"rendered","format":"text"}]},"content":{"rendered":"<p><span style=\"color: #000000;\"><img loading=\"lazy\" decoding=\"async\" class=\"alignnone size-full wp-image-783923\" src=\"https:\/\/www.hashtag.al\/wp-content\/uploads\/2026\/01\/hysen-ramaj.jpg\" alt=\"\" width=\"614\" height=\"360\" srcset=\"https:\/\/www.hashtag.al\/wp-content\/uploads\/2026\/01\/hysen-ramaj.jpg 614w, https:\/\/www.hashtag.al\/wp-content\/uploads\/2026\/01\/hysen-ramaj-300x176.jpg 300w\" sizes=\"auto, (max-width: 614px) 100vw, 614px\" \/><\/span><\/p>\n<p><span style=\"color: #000000;\">Arrestohet nj\u00eb Greqi nj\u00eb 59-vje\u00e7ar, i cili ishte d\u00ebnuar me burg p\u00ebrjet\u00eb p\u00ebr vrasjen e nj\u00eb 9-vje\u00e7ari n\u00eb vitin 1997.<\/span><\/p>\n<p><span style=\"color: #000000;\">\u00a0Kostandin Nishku alias Baki Duzha alias H. V., 59 vje\u00e7, lindur n\u00eb Gramsh ishte d\u00ebnuar n\u00eb vitin 1998, me burgim t\u00eb p\u00ebrjetsh\u00ebm, p\u00ebr vepr\u00ebn penale \u201cVrasja p\u00ebr shkak t\u00eb cil\u00ebsive t\u00eb ve\u00e7anta\u201d, iu fshihej autoriteteve, n\u00eb Greqi, ku p\u00ebrdorte nj\u00eb identitet shqiptar t\u00eb falsifikuar (H. V.).<\/span><\/p>\n<p>&nbsp;<\/p>\n<p><span style=\"color: #000000;\"><strong>NJOFTIMI I POLICISE<\/strong><\/span><\/p>\n<p><em><span style=\"color: #000000;\">Policia e Shtetit\/Vijon fal\u00eb partneritetit t\u00eb ngusht\u00eb me homolog\u00ebt nd\u00ebrkomb\u00ebtar\u00eb, operacioni i koduar \u201cThe wanted\u201d. Kjo faz\u00eb e operacionit, rezultat i bashk\u00ebpunimit disavje\u00e7ar nd\u00ebrmjet Departamentit p\u00ebr Marr\u00ebdh\u00ebniet Nd\u00ebrkomb\u00ebtare t\u00eb DPPSh-s\u00eb, Interpol Tiran\u00ebs, Oficerit Nd\u00ebrlidh\u00ebs t\u00eb Policis\u00eb shqiptare n\u00eb Athin\u00eb, Sektorit t\u00eb Identifikimit dhe Krahasimit t\u00eb fytyr\u00ebs (Facial Recognition) dhe Interpol Athin\u00ebs.<\/span><\/em><\/p>\n<p><em><span style=\"color: #000000;\">Kapet n\u00eb Greqi, nj\u00eb shtetas i d\u00ebnuar me burgim t\u00eb p\u00ebrjetsh\u00ebm, p\u00ebr vrasjen e nj\u00eb 9-vje\u00e7ari, n\u00eb muajin mars, 1997, me motivin se xhaxhai i t\u00eb miturit i kishte vrar\u00eb v\u00ebllan\u00eb dhe ishte arratisur nga IEVP-ja. Ky shtetas fshihej n\u00eb Greqi, duke p\u00ebrdorur nj\u00eb identitet shqiptar fals.<\/span><\/em><\/p>\n<p><em><span style=\"color: #000000;\">N\u00eb kuad\u00ebr t\u00eb k\u00ebsaj faze t\u00eb operacionit nd\u00ebrkomb\u00ebtar \u201cThe wanted\u201d, koordinimi operacional i realizuar n\u00ebp\u00ebrmjet Oficerit Nd\u00ebrlidh\u00ebs t\u00eb Policis\u00eb shqiptare n\u00eb Athin\u00eb, shk\u00ebmbimi intensiv i informacionit nd\u00ebrmjet Interpol Tiran\u00ebs dhe Interpol Athin\u00ebs dhe verifikimet disavje\u00e7are, mund\u00ebsuan lokalizimin, kapjen dhe arrestimin me q\u00ebllim ekstradimin n\u00eb Shqip\u00ebri, t\u00eb shtetasit t\u00eb shpallur n\u00eb k\u00ebrkim nd\u00ebrkomb\u00ebtar:<\/span><\/em><\/p>\n<p><em><span style=\"color: #000000;\">-Kostandin Nishku alias Baki Duzha alias H. V., 59 vje\u00e7, lindur n\u00eb Gramsh.<\/span><\/em><\/p>\n","protected":false,"gt_translate_keys":[{"key":"rendered","format":"html"}]},"excerpt":{"rendered":"<p>Arrestohet nj\u00eb Greqi nj\u00eb 59-vje\u00e7ar, i cili ishte d\u00ebnuar me burg p\u00ebrjet\u00eb p\u00ebr vrasjen e nj\u00eb 9-vje\u00e7ari n\u00eb vitin 1997. \u00a0Kostandin Nishku alias Baki Duzha alias H. V., 59 vje\u00e7, lindur n\u00eb Gramsh ishte d\u00ebnuar n\u00eb vitin 1998, me burgim t\u00eb p\u00ebrjetsh\u00ebm, p\u00ebr vepr\u00ebn penale \u201cVrasja p\u00ebr shkak t\u00eb cil\u00ebsive t\u00eb ve\u00e7anta\u201d, iu fshihej autoriteteve, [&hellip;]<\/p>\n","protected":false,"gt_translate_keys":[{"key":"rendered","format":"html"}]},"author":32,"featured_media":783923,"comment_status":"closed","ping_status":"open","sticky":false,"template":"","format":"standard","meta":{"footnotes":""},"categories":[65],"tags":[],"class_list":["post-783922","post","type-post","status-publish","format-standard","has-post-thumbnail","hentry","category-lajme"],"gt_translate_keys":[{"key":"link","format":"url"}],"_links":{"self":[{"href":"https:\/\/www.hashtag.al\/index.php\/wp-json\/wp\/v2\/posts\/783922","targetHints":{"allow":["GET"]}}],"collection":[{"href":"https:\/\/www.hashtag.al\/index.php\/wp-json\/wp\/v2\/posts"}],"about":[{"href":"https:\/\/www.hashtag.al\/index.php\/wp-json\/wp\/v2\/types\/post"}],"author":[{"embeddable":true,"href":"https:\/\/www.hashtag.al\/index.php\/wp-json\/wp\/v2\/users\/32"}],"replies":[{"embeddable":true,"href":"https:\/\/www.hashtag.al\/index.php\/wp-json\/wp\/v2\/comments?post=783922"}],"version-history":[{"count":99999,"href":"https:\/\/www.hashtag.al\/index.php\/wp-json\/wp\/v2\/posts\/783922\/revisions"}],"predecessor-version":[{"id":783924,"href":"https:\/\/www.hashtag.al\/index.php\/wp-json\/wp\/v2\/posts\/783922\/revisions\/783924"}],"wp:featuredmedia":[{"embeddable":true,"href":"https:\/\/www.hashtag.al\/index.php\/wp-json\/wp\/v2\/media\/783923"}],"wp:attachment":[{"href":"https:\/\/www.hashtag.al\/index.php\/wp-json\/wp\/v2\/media?parent=783922"}],"wp:term":[{"taxonomy":"category","embeddable":true,"href":"https:\/\/www.hashtag.al\/index.php\/wp-json\/wp\/v2\/categories?post=783922"},{"taxonomy":"post_tag","embeddable":true,"href":"https:\/\/www.hashtag.al\/index.php\/wp-json\/wp\/v2\/tags?post=783922"}],"curies":[{"name":"wp","href":"https:\/\/api.w.org\/{rel}","templated":true}]}}