{"id":783896,"date":"2026-01-30T11:28:28","date_gmt":"2026-01-30T10:28:28","guid":{"rendered":"https:\/\/www.hashtag.al\/?p=783896"},"modified":"2026-01-30T11:28:28","modified_gmt":"2026-01-30T10:28:28","slug":"debat-mes-fermerit-dhe-rames-ne-divjake-jemi-shtresa-me-e-pambrojtur","status":"publish","type":"post","link":"https:\/\/www.hashtag.al\/index.php\/2026\/01\/30\/debat-mes-fermerit-dhe-rames-ne-divjake-jemi-shtresa-me-e-pambrojtur\/","title":{"rendered":"Debat mes fermerit dhe Ram\u00ebs n\u00eb Divjak\u00eb: Jemi shtresa m\u00eb e pambrojtur","gt_translate_keys":[{"key":"rendered","format":"text"}]},"content":{"rendered":"<p><img loading=\"lazy\" decoding=\"async\" class=\"size-full wp-image-783899\" src=\"https:\/\/www.hashtag.al\/wp-content\/uploads\/2026\/01\/IMG_6283.jpeg\" alt=\"\" width=\"1170\" height=\"613\" srcset=\"https:\/\/www.hashtag.al\/wp-content\/uploads\/2026\/01\/IMG_6283.jpeg 1170w, https:\/\/www.hashtag.al\/wp-content\/uploads\/2026\/01\/IMG_6283-300x157.jpeg 300w, https:\/\/www.hashtag.al\/wp-content\/uploads\/2026\/01\/IMG_6283-1024x537.jpeg 1024w, https:\/\/www.hashtag.al\/wp-content\/uploads\/2026\/01\/IMG_6283-768x402.jpeg 768w\" sizes=\"auto, (max-width: 1170px) 100vw, 1170px\" \/><\/p>\n<p data-start=\"213\" data-end=\"552\"><span style=\"color: #000000;\">Nj\u00eb fermer ka nd\u00ebrhyr\u00eb gjat\u00eb takimit t\u00eb kryeministrit Edi Rama n\u00eb Divjak\u00eb, duke ngritur shqet\u00ebsime p\u00ebr situat\u00ebn e bujq\u00ebsis\u00eb dhe v\u00ebshtir\u00ebsit\u00eb me t\u00eb cilat p\u00ebrballen fermer\u00ebt n\u00eb vend. Ai theksoi se fermer\u00ebt jan\u00eb \u201cshtresa m\u00eb e pambrojtur\u201d, duke shtuar se nd\u00ebrhyrja e tij nuk kishte karakter politik, por lidhej me mbijetes\u00ebn e familjes s\u00eb tij.<\/span><\/p>\n<p data-start=\"554\" data-end=\"760\"><span style=\"color: #000000;\">\u201cNuk po b\u00ebj politik\u00eb, por kam familje. Disponoj deri n\u00eb 20 hektar\u00eb tok\u00eb dhe jemi n\u00eb hall\u201d, u shpreh fermeri gjat\u00eb diskutimit, duke theksuar se t\u00eb ardhurat nga bujq\u00ebsia nuk mjaftojn\u00eb p\u00ebr t\u00eb siguruar jetes\u00ebn.<\/span><\/p>\n<p data-start=\"762\" data-end=\"1047\"><span style=\"color: #000000;\">Nd\u00ebrhyrja e tij solli reagimin e kryeministrit Rama, i cili i k\u00ebrkoi t\u00eb respektonte radh\u00ebn dhe rregullat e takimit. \u201cMua njeri nuk m\u00eb imponohet me forc\u00eb. Ka radh\u00eb dhe edukat\u00eb, fjala nuk merret me zor\u201d, tha Rama, duke shtuar se nuk ishte e mundur q\u00eb t\u00eb fliste kushdo n\u00eb t\u00eb nj\u00ebjt\u00ebn koh\u00eb.<\/span><\/p>\n<p data-start=\"1049\" data-end=\"1312\"><span style=\"color: #000000;\">Debati vijoi edhe p\u00ebr \u00e7\u00ebshtjen e tregut dhe produkteve bujq\u00ebsore, ku kryeministri theksoi se \u201cnuk ekziston n\u00eb nj\u00eb ekonomi t\u00eb hapur mbyllja e kufijve t\u00eb produkteve sa her\u00eb q\u00eb do dikush\u201d, duke iu p\u00ebrgjigjur pretendimeve t\u00eb fermerit p\u00ebr mbrojtjen e prodhimit vendas.<\/span><\/p>\n<p data-start=\"1314\" data-end=\"1504\"><span style=\"color: #000000;\">Fermeri, nga ana e tij, k\u00ebmb\u00ebnguli se problematikat reale nuk mund t\u00eb zgjidhen vet\u00ebm me fjal\u00eb. \u201cFamilja nuk mbahet me fjal\u00eb\u201d, tha ai, duke k\u00ebrkuar zgjidhje konkrete p\u00ebr sektorin e bujq\u00ebsis\u00eb.<\/span><\/p>\n","protected":false,"gt_translate_keys":[{"key":"rendered","format":"html"}]},"excerpt":{"rendered":"<p>Nj\u00eb fermer ka nd\u00ebrhyr\u00eb gjat\u00eb takimit t\u00eb kryeministrit Edi Rama n\u00eb Divjak\u00eb, duke ngritur shqet\u00ebsime p\u00ebr situat\u00ebn e bujq\u00ebsis\u00eb dhe v\u00ebshtir\u00ebsit\u00eb me t\u00eb cilat p\u00ebrballen fermer\u00ebt n\u00eb vend. Ai theksoi se fermer\u00ebt jan\u00eb \u201cshtresa m\u00eb e pambrojtur\u201d, duke shtuar se nd\u00ebrhyrja e tij nuk kishte karakter politik, por lidhej me mbijetes\u00ebn e familjes s\u00eb tij. [&hellip;]<\/p>\n","protected":false,"gt_translate_keys":[{"key":"rendered","format":"html"}]},"author":32,"featured_media":783899,"comment_status":"closed","ping_status":"open","sticky":false,"template":"","format":"standard","meta":{"footnotes":""},"categories":[65],"tags":[],"class_list":["post-783896","post","type-post","status-publish","format-standard","has-post-thumbnail","hentry","category-lajme"],"gt_translate_keys":[{"key":"link","format":"url"}],"_links":{"self":[{"href":"https:\/\/www.hashtag.al\/index.php\/wp-json\/wp\/v2\/posts\/783896","targetHints":{"allow":["GET"]}}],"collection":[{"href":"https:\/\/www.hashtag.al\/index.php\/wp-json\/wp\/v2\/posts"}],"about":[{"href":"https:\/\/www.hashtag.al\/index.php\/wp-json\/wp\/v2\/types\/post"}],"author":[{"embeddable":true,"href":"https:\/\/www.hashtag.al\/index.php\/wp-json\/wp\/v2\/users\/32"}],"replies":[{"embeddable":true,"href":"https:\/\/www.hashtag.al\/index.php\/wp-json\/wp\/v2\/comments?post=783896"}],"version-history":[{"count":99999,"href":"https:\/\/www.hashtag.al\/index.php\/wp-json\/wp\/v2\/posts\/783896\/revisions"}],"predecessor-version":[{"id":783900,"href":"https:\/\/www.hashtag.al\/index.php\/wp-json\/wp\/v2\/posts\/783896\/revisions\/783900"}],"wp:featuredmedia":[{"embeddable":true,"href":"https:\/\/www.hashtag.al\/index.php\/wp-json\/wp\/v2\/media\/783899"}],"wp:attachment":[{"href":"https:\/\/www.hashtag.al\/index.php\/wp-json\/wp\/v2\/media?parent=783896"}],"wp:term":[{"taxonomy":"category","embeddable":true,"href":"https:\/\/www.hashtag.al\/index.php\/wp-json\/wp\/v2\/categories?post=783896"},{"taxonomy":"post_tag","embeddable":true,"href":"https:\/\/www.hashtag.al\/index.php\/wp-json\/wp\/v2\/tags?post=783896"}],"curies":[{"name":"wp","href":"https:\/\/api.w.org\/{rel}","templated":true}]}}