{"id":783887,"date":"2026-01-30T11:05:34","date_gmt":"2026-01-30T10:05:34","guid":{"rendered":"https:\/\/www.hashtag.al\/?p=783887"},"modified":"2026-01-30T11:05:34","modified_gmt":"2026-01-30T10:05:34","slug":"arrestohet-ne-shijak-53-vjecari-i-kerkuar-per-trafik-droge-dhe-shfrytezim-prostitucioni","status":"publish","type":"post","link":"https:\/\/www.hashtag.al\/index.php\/2026\/01\/30\/arrestohet-ne-shijak-53-vjecari-i-kerkuar-per-trafik-droge-dhe-shfrytezim-prostitucioni\/","title":{"rendered":"Arrestohet n\u00eb Shijak 53-vje\u00e7ari i k\u00ebrkuar p\u00ebr trafik droge dhe shfryt\u00ebzim prostitucioni","gt_translate_keys":[{"key":"rendered","format":"text"}]},"content":{"rendered":"<p><span style=\"color: #000000;\"><strong><img loading=\"lazy\" decoding=\"async\" class=\"aligncenter size-full wp-image-779348\" src=\"https:\/\/www.hashtag.al\/wp-content\/uploads\/2025\/12\/auto_policia1-1-770x4331767086922-1.jpg\" alt=\"\" width=\"900\" height=\"506\" srcset=\"https:\/\/www.hashtag.al\/wp-content\/uploads\/2025\/12\/auto_policia1-1-770x4331767086922-1.jpg 900w, https:\/\/www.hashtag.al\/wp-content\/uploads\/2025\/12\/auto_policia1-1-770x4331767086922-1-300x169.jpg 300w, https:\/\/www.hashtag.al\/wp-content\/uploads\/2025\/12\/auto_policia1-1-770x4331767086922-1-768x432.jpg 768w\" sizes=\"auto, (max-width: 900px) 100vw, 900px\" \/><\/strong><\/span><\/p>\n<p data-start=\"182\" data-end=\"366\"><span style=\"color: #000000;\">Policia e Durr\u00ebsit ka finalizuar operacionin e koduar \u201cDecision\u201d, duke arrestuar n\u00eb Shijak shtetasin Festim Keci, 53 vje\u00e7, i shpallur n\u00eb k\u00ebrkim nd\u00ebrkomb\u00ebtar nga autoritetet italiane.<\/span><\/p>\n<p data-start=\"368\" data-end=\"558\"><span style=\"color: #000000;\">Ai ishte d\u00ebnuar nga Gjykata e Apelit e Torinos me 9 vite burg p\u00ebr veprat penale t\u00eb trafikimit t\u00eb l\u00ebnd\u00ebve narkotike, pjes\u00ebmarrjes n\u00eb organizat\u00eb kriminale dhe shfryt\u00ebzimit t\u00eb prostitucionit.<\/span><\/p>\n<p><span style=\"color: #000000;\"><strong>Njoftimi:<\/strong><\/span><\/p>\n<p><span style=\"color: #000000;\">Shijak<\/span><\/p>\n<p><span style=\"color: #000000;\">Finalizohet operacioni policor i koduar \u201cDecision\u201d<\/span><\/p>\n<p><span style=\"color: #000000;\">Lokalizohet, kapet dhe vihet n\u00eb pranga nj\u00eb 53-vje\u00e7ar i k\u00ebrkuar nga autoritetet italiane.<\/span><\/p>\n<p><span style=\"color: #000000;\">53-vje\u00e7ari i d\u00ebnuar me 9 vite burg p\u00ebr veprimtari kriminale n\u00eb fush\u00ebn e narkotik\u00ebve dhe t\u00eb shfryt\u00ebzimit t\u00eb prostitucionit.<\/span><\/p>\n<p><span style=\"color: #000000;\">N\u00eb kuad\u00ebr t\u00eb pun\u00ebs p\u00ebr gjurmimin, lokalizimin dhe kapjen e personave n\u00eb k\u00ebrkim, bazuar edhe n\u00eb informacionet e marra n\u00eb rrug\u00eb operative, specialist\u00ebt e Seksionit p\u00ebr Hetimin e Narkotik\u00ebve, n\u00eb bashk\u00ebpunim me Komisariatin e Policis\u00eb Shijak dhe Forcat Operacionale t\u00eb DVP Durr\u00ebs, finalizuan me sukses operacionin policor t\u00eb koduar \u201cDecision\u201d.<\/span><\/p>\n<p><span style=\"color: #000000;\">Gjat\u00eb operacionit u b\u00eb e mundur kapja dhe arrestimi i p\u00ebrkohsh\u00ebm, me q\u00ebllim ekstradimi, i shtetasit Festim Keci, 53 vje\u00e7, banues n\u00eb Shijak.<\/span><\/p>\n<p><span style=\"color: #000000;\">Ky shtetas ishte i shpallur n\u00eb k\u00ebrkim nd\u00ebrkomb\u00ebtar, pasi Gjykata e Apelit e Torinos\/Itali, n\u00eb vitin 2023, e ka d\u00ebnuar me 9 vite burg, p\u00ebr veprat penale \u201cTrafikim t\u00eb l\u00ebnd\u00ebve narkotike\u201d, \u201cPjes\u00ebmarrje n\u00eb organizat\u00eb kriminale\u201d dhe \u201cShfryt\u00ebzim prostitucioni\u201d, parashikuar nga Kodi Penal italian.<\/span><\/p>\n<p><span style=\"color: #000000;\">Materialet hetimore u referuan n\u00eb Prokurorin\u00eb pran\u00eb Gjykat\u00ebs s\u00eb Shkall\u00ebs s\u00eb Par\u00eb t\u00eb Juridiksionit t\u00eb P\u00ebrgjithsh\u00ebm Durr\u00ebs, me q\u00ebllim ekstradimin drejt Italis\u00eb.<\/span><\/p>\n","protected":false,"gt_translate_keys":[{"key":"rendered","format":"html"}]},"excerpt":{"rendered":"<p>Policia e Durr\u00ebsit ka finalizuar operacionin e koduar \u201cDecision\u201d, duke arrestuar n\u00eb Shijak shtetasin Festim Keci, 53 vje\u00e7, i shpallur n\u00eb k\u00ebrkim nd\u00ebrkomb\u00ebtar nga autoritetet italiane. Ai ishte d\u00ebnuar nga Gjykata e Apelit e Torinos me 9 vite burg p\u00ebr veprat penale t\u00eb trafikimit t\u00eb l\u00ebnd\u00ebve narkotike, pjes\u00ebmarrjes n\u00eb organizat\u00eb kriminale dhe shfryt\u00ebzimit t\u00eb prostitucionit. [&hellip;]<\/p>\n","protected":false,"gt_translate_keys":[{"key":"rendered","format":"html"}]},"author":49,"featured_media":779348,"comment_status":"closed","ping_status":"open","sticky":false,"template":"","format":"standard","meta":{"footnotes":""},"categories":[65],"tags":[],"class_list":["post-783887","post","type-post","status-publish","format-standard","has-post-thumbnail","hentry","category-lajme"],"gt_translate_keys":[{"key":"link","format":"url"}],"_links":{"self":[{"href":"https:\/\/www.hashtag.al\/index.php\/wp-json\/wp\/v2\/posts\/783887","targetHints":{"allow":["GET"]}}],"collection":[{"href":"https:\/\/www.hashtag.al\/index.php\/wp-json\/wp\/v2\/posts"}],"about":[{"href":"https:\/\/www.hashtag.al\/index.php\/wp-json\/wp\/v2\/types\/post"}],"author":[{"embeddable":true,"href":"https:\/\/www.hashtag.al\/index.php\/wp-json\/wp\/v2\/users\/49"}],"replies":[{"embeddable":true,"href":"https:\/\/www.hashtag.al\/index.php\/wp-json\/wp\/v2\/comments?post=783887"}],"version-history":[{"count":99999,"href":"https:\/\/www.hashtag.al\/index.php\/wp-json\/wp\/v2\/posts\/783887\/revisions"}],"predecessor-version":[{"id":783888,"href":"https:\/\/www.hashtag.al\/index.php\/wp-json\/wp\/v2\/posts\/783887\/revisions\/783888"}],"wp:featuredmedia":[{"embeddable":true,"href":"https:\/\/www.hashtag.al\/index.php\/wp-json\/wp\/v2\/media\/779348"}],"wp:attachment":[{"href":"https:\/\/www.hashtag.al\/index.php\/wp-json\/wp\/v2\/media?parent=783887"}],"wp:term":[{"taxonomy":"category","embeddable":true,"href":"https:\/\/www.hashtag.al\/index.php\/wp-json\/wp\/v2\/categories?post=783887"},{"taxonomy":"post_tag","embeddable":true,"href":"https:\/\/www.hashtag.al\/index.php\/wp-json\/wp\/v2\/tags?post=783887"}],"curies":[{"name":"wp","href":"https:\/\/api.w.org\/{rel}","templated":true}]}}