{"id":783839,"date":"2026-01-29T22:30:29","date_gmt":"2026-01-29T21:30:29","guid":{"rendered":"https:\/\/www.hashtag.al\/?p=783839"},"modified":"2026-01-29T22:30:29","modified_gmt":"2026-01-29T21:30:29","slug":"zbulohet-ne-meksike-tumba-1400-vjecare","status":"publish","type":"post","link":"https:\/\/www.hashtag.al\/index.php\/2026\/01\/29\/zbulohet-ne-meksike-tumba-1400-vjecare\/","title":{"rendered":"Zbulohet n\u00eb Meksik\u00eb tumba 1,400-vje\u00e7are","gt_translate_keys":[{"key":"rendered","format":"text"}]},"content":{"rendered":"<p><img loading=\"lazy\" decoding=\"async\" class=\"aligncenter size-full wp-image-783840\" src=\"https:\/\/www.hashtag.al\/wp-content\/uploads\/2026\/01\/foto-gerardo-pena-inah-1.jpg\" alt=\"\" width=\"860\" height=\"574\" srcset=\"https:\/\/www.hashtag.al\/wp-content\/uploads\/2026\/01\/foto-gerardo-pena-inah-1.jpg 860w, https:\/\/www.hashtag.al\/wp-content\/uploads\/2026\/01\/foto-gerardo-pena-inah-1-300x200.jpg 300w, https:\/\/www.hashtag.al\/wp-content\/uploads\/2026\/01\/foto-gerardo-pena-inah-1-768x513.jpg 768w\" sizes=\"auto, (max-width: 860px) 100vw, 860px\" \/><\/p>\n<p><span style=\"color: #000000;\">Arkeolog\u00ebt kan\u00eb zbuluar n\u00eb jug t\u00eb Meksik\u00ebs nj\u00eb tumb\u00eb Zapotece 1,400-vje\u00e7are, e zbukuruar me gdhendje komplekse dhe nj\u00eb skulptur\u00eb t\u00eb bufit gjigant mbi hyrjen e dhom\u00ebs s\u00eb varrimit, nj\u00eb zbulim q\u00eb autoritetet e quajn\u00eb si m\u00eb dometh\u00ebn\u00ebsin arkeologjik t\u00eb dekad\u00ebs s\u00eb fundit.<\/span><\/p>\n<p><span style=\"color: #000000;\">Tumba, e vendosur n\u00eb San Pablo Huitzo n\u00eb shtetin Oaxaca, daton rreth vitit 600 dhe u nd\u00ebrtua nga kultura Zapotece, sipas deklarat\u00ebs s\u00eb Institutit Komb\u00ebtar t\u00eb Antropologjis\u00eb dhe Historis\u00eb t\u00eb Meksik\u00ebs (INAH).<\/span><\/p>\n<p><span style=\"color: #000000;\">Nj\u00eb detaj i ve\u00e7ant\u00eb \u00ebsht\u00eb skulptura e kok\u00ebs s\u00eb nj\u00eb njeriu brenda sqepit t\u00eb bufit, q\u00eb mund t\u00eb p\u00ebrfaq\u00ebsoj\u00eb individin e varrosur brenda dhom\u00ebs, thon\u00eb arkeolog\u00ebt. N\u00eb pragun e dhom\u00ebs s\u00eb varrimit, jan\u00eb gdhendur dy figura njer\u00ebzore q\u00eb mbajn\u00eb artifakte, t\u00eb cil\u00ebt mund t\u00eb ken\u00eb sh\u00ebrbyer si roje t\u00eb tumb\u00ebs.<\/span><\/p>\n<p><img loading=\"lazy\" decoding=\"async\" class=\"aligncenter size-full wp-image-783841\" src=\"https:\/\/www.hashtag.al\/wp-content\/uploads\/2026\/01\/foto-gerardo-pena-inah-4.webp\" alt=\"\" width=\"860\" height=\"1290\" srcset=\"https:\/\/www.hashtag.al\/wp-content\/uploads\/2026\/01\/foto-gerardo-pena-inah-4.webp 860w, https:\/\/www.hashtag.al\/wp-content\/uploads\/2026\/01\/foto-gerardo-pena-inah-4-200x300.webp 200w, https:\/\/www.hashtag.al\/wp-content\/uploads\/2026\/01\/foto-gerardo-pena-inah-4-683x1024.webp 683w, https:\/\/www.hashtag.al\/wp-content\/uploads\/2026\/01\/foto-gerardo-pena-inah-4-768x1152.webp 768w\" sizes=\"auto, (max-width: 860px) 100vw, 860px\" \/><\/p>\n<p><span style=\"color: #000000;\">Brenda dhom\u00ebs s\u00eb varrimit, muralet shum\u00ebngjyr\u00ebshe p\u00ebrshkruajn\u00eb nj\u00eb procesion njer\u00ebzish q\u00eb mbajn\u00eb thas\u00eb me kopal, nj\u00eb rr\u00ebshir\u00eb e p\u00ebrdorur si temjan gjat\u00eb ceremonive rituale. Ngjyrat ok\u00ebr, e bardh\u00eb, e gjelb\u00ebr, e kuqe dhe blu jan\u00eb ruajtur jasht\u00ebzakonisht mir\u00eb, duke ofruar detaje t\u00eb rralla mbi ritualet funerale Zapotece dhe sistemin e tyre t\u00eb besimit.<\/span><\/p>\n<p><span style=\"color: #000000;\">Presidentja e Meksik\u00ebs, Claudia Sheinbaum, e cil\u00ebsoi zbulimin si nj\u00eb nga m\u00eb t\u00eb r\u00ebnd\u00ebsishmit n\u00eb dekad\u00ebn e fundit p\u00ebr shkak t\u00eb nivelit t\u00eb jasht\u00ebzakonsh\u00ebm t\u00eb ruajtjes dhe informacionit q\u00eb ofron, shkruan <a href=\"https:\/\/edition.cnn.com\/2026\/01\/29\/science\/zapotec-tomb-mexico-scli-intl\">CNN<\/a>.<\/span><\/p>\n<p><span style=\"color: #000000;\"><img loading=\"lazy\" decoding=\"async\" class=\"aligncenter size-full wp-image-783842\" src=\"https:\/\/www.hashtag.al\/wp-content\/uploads\/2026\/01\/foto-gerardo-pena-inah-6.jpg\" alt=\"\" width=\"860\" height=\"573\" srcset=\"https:\/\/www.hashtag.al\/wp-content\/uploads\/2026\/01\/foto-gerardo-pena-inah-6.jpg 860w, https:\/\/www.hashtag.al\/wp-content\/uploads\/2026\/01\/foto-gerardo-pena-inah-6-300x200.jpg 300w, https:\/\/www.hashtag.al\/wp-content\/uploads\/2026\/01\/foto-gerardo-pena-inah-6-768x512.jpg 768w\" sizes=\"auto, (max-width: 860px) 100vw, 860px\" \/><\/span><\/p>\n<p><span style=\"color: #000000;\">Nd\u00ebrsa Sekretarja e Kultur\u00ebs, Claudia Curiel de Icaza, theksoi r\u00ebnd\u00ebsin\u00eb e tij p\u00ebr kuptimin e organizimit social, ceremonive funerale dhe besimeve t\u00eb kultur\u00ebs Zapotece, t\u00eb cilat jan\u00eb ruajtur p\u00ebrmes arkitektur\u00ebs dhe mural\u00ebve.<\/span><\/p>\n<p><span style=\"color: #000000;\">Nj\u00eb ekip multidisiplinar nga INAH po punon aktualisht p\u00ebr mbrojtjen e vendit dhe k\u00ebrkime t\u00eb m\u00ebtejshme, duke stabilizuar muralet q\u00eb ndodhen n\u00eb gjendje t\u00eb brisht\u00eb p\u00ebr shkak t\u00eb rr\u00ebnj\u00ebve t\u00eb pem\u00ebve, insekteve dhe ndryshimeve t\u00eb shpejta mjedisore.<\/span><\/p>\n<p><img loading=\"lazy\" decoding=\"async\" class=\"aligncenter size-full wp-image-783843\" src=\"https:\/\/www.hashtag.al\/wp-content\/uploads\/2026\/01\/skulpture.jpg\" alt=\"\" width=\"1544\" height=\"869\" srcset=\"https:\/\/www.hashtag.al\/wp-content\/uploads\/2026\/01\/skulpture.jpg 1544w, https:\/\/www.hashtag.al\/wp-content\/uploads\/2026\/01\/skulpture-300x169.jpg 300w, https:\/\/www.hashtag.al\/wp-content\/uploads\/2026\/01\/skulpture-1024x576.jpg 1024w, https:\/\/www.hashtag.al\/wp-content\/uploads\/2026\/01\/skulpture-768x432.jpg 768w, https:\/\/www.hashtag.al\/wp-content\/uploads\/2026\/01\/skulpture-1536x864.jpg 1536w\" sizes=\"auto, (max-width: 1544px) 100vw, 1544px\" \/><img loading=\"lazy\" decoding=\"async\" class=\"aligncenter size-full wp-image-783844\" src=\"https:\/\/www.hashtag.al\/wp-content\/uploads\/2026\/01\/foto-gerardo-pena-inah-3.jpg\" alt=\"\" width=\"860\" height=\"573\" srcset=\"https:\/\/www.hashtag.al\/wp-content\/uploads\/2026\/01\/foto-gerardo-pena-inah-3.jpg 860w, https:\/\/www.hashtag.al\/wp-content\/uploads\/2026\/01\/foto-gerardo-pena-inah-3-300x200.jpg 300w, https:\/\/www.hashtag.al\/wp-content\/uploads\/2026\/01\/foto-gerardo-pena-inah-3-768x512.jpg 768w\" sizes=\"auto, (max-width: 860px) 100vw, 860px\" \/><\/p>\n","protected":false,"gt_translate_keys":[{"key":"rendered","format":"html"}]},"excerpt":{"rendered":"<p>Arkeolog\u00ebt kan\u00eb zbuluar n\u00eb jug t\u00eb Meksik\u00ebs nj\u00eb tumb\u00eb Zapotece 1,400-vje\u00e7are, e zbukuruar me gdhendje komplekse dhe nj\u00eb skulptur\u00eb t\u00eb bufit gjigant mbi hyrjen e dhom\u00ebs s\u00eb varrimit, nj\u00eb zbulim q\u00eb autoritetet e quajn\u00eb si m\u00eb dometh\u00ebn\u00ebsin arkeologjik t\u00eb dekad\u00ebs s\u00eb fundit. Tumba, e vendosur n\u00eb San Pablo Huitzo n\u00eb shtetin Oaxaca, daton rreth vitit [&hellip;]<\/p>\n","protected":false,"gt_translate_keys":[{"key":"rendered","format":"html"}]},"author":51,"featured_media":783843,"comment_status":"closed","ping_status":"open","sticky":false,"template":"","format":"standard","meta":{"footnotes":""},"categories":[53],"tags":[],"class_list":["post-783839","post","type-post","status-publish","format-standard","has-post-thumbnail","hentry","category-fast-foodi"],"gt_translate_keys":[{"key":"link","format":"url"}],"_links":{"self":[{"href":"https:\/\/www.hashtag.al\/index.php\/wp-json\/wp\/v2\/posts\/783839","targetHints":{"allow":["GET"]}}],"collection":[{"href":"https:\/\/www.hashtag.al\/index.php\/wp-json\/wp\/v2\/posts"}],"about":[{"href":"https:\/\/www.hashtag.al\/index.php\/wp-json\/wp\/v2\/types\/post"}],"author":[{"embeddable":true,"href":"https:\/\/www.hashtag.al\/index.php\/wp-json\/wp\/v2\/users\/51"}],"replies":[{"embeddable":true,"href":"https:\/\/www.hashtag.al\/index.php\/wp-json\/wp\/v2\/comments?post=783839"}],"version-history":[{"count":99999,"href":"https:\/\/www.hashtag.al\/index.php\/wp-json\/wp\/v2\/posts\/783839\/revisions"}],"predecessor-version":[{"id":783846,"href":"https:\/\/www.hashtag.al\/index.php\/wp-json\/wp\/v2\/posts\/783839\/revisions\/783846"}],"wp:featuredmedia":[{"embeddable":true,"href":"https:\/\/www.hashtag.al\/index.php\/wp-json\/wp\/v2\/media\/783843"}],"wp:attachment":[{"href":"https:\/\/www.hashtag.al\/index.php\/wp-json\/wp\/v2\/media?parent=783839"}],"wp:term":[{"taxonomy":"category","embeddable":true,"href":"https:\/\/www.hashtag.al\/index.php\/wp-json\/wp\/v2\/categories?post=783839"},{"taxonomy":"post_tag","embeddable":true,"href":"https:\/\/www.hashtag.al\/index.php\/wp-json\/wp\/v2\/tags?post=783839"}],"curies":[{"name":"wp","href":"https:\/\/api.w.org\/{rel}","templated":true}]}}