{"id":783786,"date":"2026-01-29T18:31:55","date_gmt":"2026-01-29T17:31:55","guid":{"rendered":"https:\/\/www.hashtag.al\/?p=783786"},"modified":"2026-01-29T18:31:55","modified_gmt":"2026-01-29T17:31:55","slug":"berishes-iu-nderpre-fjala-ne-kie-ironizon-balla-bufi-eshte-mesuar-ne-foltoren-e-kuvendit","status":"publish","type":"post","link":"https:\/\/www.hashtag.al\/index.php\/2026\/01\/29\/berishes-iu-nderpre-fjala-ne-kie-ironizon-balla-bufi-eshte-mesuar-ne-foltoren-e-kuvendit\/","title":{"rendered":"Berish\u00ebs iu nd\u00ebrpre fjala n\u00eb KiE, ironizon Balla: Bufi \u00ebsht\u00eb m\u00ebsuar n\u00eb foltoren e Kuvendit","gt_translate_keys":[{"key":"rendered","format":"text"}]},"content":{"rendered":"<p><span style=\"color: #000000;\"><img loading=\"lazy\" decoding=\"async\" class=\"alignnone size-full wp-image-783787\" src=\"https:\/\/www.hashtag.al\/wp-content\/uploads\/2026\/01\/Screenshot-2026-01-29-092930.png\" alt=\"\" width=\"624\" height=\"361\" srcset=\"https:\/\/www.hashtag.al\/wp-content\/uploads\/2026\/01\/Screenshot-2026-01-29-092930.png 624w, https:\/\/www.hashtag.al\/wp-content\/uploads\/2026\/01\/Screenshot-2026-01-29-092930-300x174.png 300w, https:\/\/www.hashtag.al\/wp-content\/uploads\/2026\/01\/Screenshot-2026-01-29-092930-250x145.png 250w\" sizes=\"auto, (max-width: 624px) 100vw, 624px\" \/><\/span><\/p>\n<p><span style=\"color: #000000;\">Kreu i grupit parlamentar t\u00eb Partis\u00eb Socialiste, Taulant Balla ka postuar videon nga Asambleja Parlamentare e K\u00ebshillit t\u00eb Evrop\u00ebs ku kryetarit t\u00eb PD-s\u00eb Sali Berisha, i \u00ebsht\u00eb fikur mikrofoni.<\/span><\/p>\n<p><span style=\"color: #000000;\">Drejtuesja e seanc\u00ebs mbyll mikrofonin teksa Berisha akuzonte se Shqip\u00ebria \u00ebsht\u00eb kthyer n\u00eb nj\u00eb narkoshtet.\u00a0<\/span><\/p>\n<p><span style=\"color: #000000;\">Balla shkruan se Berisha \u00ebsht\u00eb m\u00ebsuar n\u00eb Kuvendin e Shqip\u00ebris\u00eb q\u00eb vjell vrer pa fund, nd\u00ebrsa n\u00eb KiE koha \u00ebsht\u00eb strikt. T\u00eb nj\u00ebjtat rregulla, shkruan Balla, do t\u00eb integrohen dhe n\u00eb parlamentin ton\u00eb.<\/span><\/p>\n<p><span style=\"color: #000000;\">Nd\u00ebrkoh\u00eb Balla nuk e anashkaloi faktin q\u00eb Berisha ka shkuar n\u00eb KiE duke i marr\u00eb vendin Albana Vokshit.<\/span><\/p>\n<p><span style=\"color: #000000;\"><em>\u201cBufi \u00ebsht\u00eb m\u00ebsuar q\u00eb p\u00ebrroin psiqik ta zbraz\u00eb p\u00ebr minuta pafund n\u00eb foltoren e Kuvendit. Nd\u00ebrkoh\u00eb q\u00eb n\u00eb Asamblen\u00eb Parlamentare apo parlamentet e Europ\u00ebs koha \u00ebsht\u00eb 1-2 minuta. Shikojeni si ja nd\u00ebrpret fjal\u00ebn drejtuesja e seanc\u00ebs. Nuk po komentoj edhe faktin q\u00eb ka shkuar atje fshehurazi. \u00cbsht\u00eb koha q\u00eb k\u00ebto rregulla t\u2019i kemi edhe n\u00eb Kuvend. E paimagjinueshme n\u00eb Europ\u00eb diskutime 10 minuta\u201d, shkruan Balla n\u00eb postimin e tij.<\/em><\/span><\/p>\n","protected":false,"gt_translate_keys":[{"key":"rendered","format":"html"}]},"excerpt":{"rendered":"<p>Kreu i grupit parlamentar t\u00eb Partis\u00eb Socialiste, Taulant Balla ka postuar videon nga Asambleja Parlamentare e K\u00ebshillit t\u00eb Evrop\u00ebs ku kryetarit t\u00eb PD-s\u00eb Sali Berisha, i \u00ebsht\u00eb fikur mikrofoni. Drejtuesja e seanc\u00ebs mbyll mikrofonin teksa Berisha akuzonte se Shqip\u00ebria \u00ebsht\u00eb kthyer n\u00eb nj\u00eb narkoshtet.\u00a0 Balla shkruan se Berisha \u00ebsht\u00eb m\u00ebsuar n\u00eb Kuvendin e Shqip\u00ebris\u00eb q\u00eb [&hellip;]<\/p>\n","protected":false,"gt_translate_keys":[{"key":"rendered","format":"html"}]},"author":32,"featured_media":783787,"comment_status":"closed","ping_status":"open","sticky":false,"template":"","format":"standard","meta":{"footnotes":""},"categories":[65],"tags":[],"class_list":["post-783786","post","type-post","status-publish","format-standard","has-post-thumbnail","hentry","category-lajme"],"gt_translate_keys":[{"key":"link","format":"url"}],"_links":{"self":[{"href":"https:\/\/www.hashtag.al\/index.php\/wp-json\/wp\/v2\/posts\/783786","targetHints":{"allow":["GET"]}}],"collection":[{"href":"https:\/\/www.hashtag.al\/index.php\/wp-json\/wp\/v2\/posts"}],"about":[{"href":"https:\/\/www.hashtag.al\/index.php\/wp-json\/wp\/v2\/types\/post"}],"author":[{"embeddable":true,"href":"https:\/\/www.hashtag.al\/index.php\/wp-json\/wp\/v2\/users\/32"}],"replies":[{"embeddable":true,"href":"https:\/\/www.hashtag.al\/index.php\/wp-json\/wp\/v2\/comments?post=783786"}],"version-history":[{"count":99999,"href":"https:\/\/www.hashtag.al\/index.php\/wp-json\/wp\/v2\/posts\/783786\/revisions"}],"predecessor-version":[{"id":783788,"href":"https:\/\/www.hashtag.al\/index.php\/wp-json\/wp\/v2\/posts\/783786\/revisions\/783788"}],"wp:featuredmedia":[{"embeddable":true,"href":"https:\/\/www.hashtag.al\/index.php\/wp-json\/wp\/v2\/media\/783787"}],"wp:attachment":[{"href":"https:\/\/www.hashtag.al\/index.php\/wp-json\/wp\/v2\/media?parent=783786"}],"wp:term":[{"taxonomy":"category","embeddable":true,"href":"https:\/\/www.hashtag.al\/index.php\/wp-json\/wp\/v2\/categories?post=783786"},{"taxonomy":"post_tag","embeddable":true,"href":"https:\/\/www.hashtag.al\/index.php\/wp-json\/wp\/v2\/tags?post=783786"}],"curies":[{"name":"wp","href":"https:\/\/api.w.org\/{rel}","templated":true}]}}