{"id":783709,"date":"2026-01-29T10:59:32","date_gmt":"2026-01-29T09:59:32","guid":{"rendered":"https:\/\/www.hashtag.al\/?p=783709"},"modified":"2026-01-29T10:59:32","modified_gmt":"2026-01-29T09:59:32","slug":"rama-me-ne-fund-do-te-kemi-stadium-te-ri-dhe-biblioteke-kombetare-moderne","status":"publish","type":"post","link":"https:\/\/www.hashtag.al\/index.php\/2026\/01\/29\/rama-me-ne-fund-do-te-kemi-stadium-te-ri-dhe-biblioteke-kombetare-moderne\/","title":{"rendered":"Rama: M\u00eb n\u00eb fund do t\u00eb kemi stadium t\u00eb ri dhe Bibliotek\u00eb Komb\u00ebtare moderne","gt_translate_keys":[{"key":"rendered","format":"text"}]},"content":{"rendered":"<p data-start=\"252\" data-end=\"504\"><span style=\"color: #000000;\"><img loading=\"lazy\" decoding=\"async\" class=\"size-full wp-image-780438 aligncenter\" src=\"https:\/\/www.hashtag.al\/wp-content\/uploads\/2026\/01\/1767944410_rama.jpg\" alt=\"\" width=\"780\" height=\"440\" srcset=\"https:\/\/www.hashtag.al\/wp-content\/uploads\/2026\/01\/1767944410_rama.jpg 780w, https:\/\/www.hashtag.al\/wp-content\/uploads\/2026\/01\/1767944410_rama-300x169.jpg 300w, https:\/\/www.hashtag.al\/wp-content\/uploads\/2026\/01\/1767944410_rama-768x433.jpg 768w\" sizes=\"auto, (max-width: 780px) 100vw, 780px\" \/><br \/>\nKryeministri Edi Rama ishte sot i pranish\u00ebm n\u00eb Konkursin Nd\u00ebrkomb\u00ebtar p\u00ebr projektin \u201cSht\u00ebpia e Re e F\u00ebmij\u00ebve dhe Kompleksi i Inspektorateve Shtet\u00ebrore\u201d, ku foli p\u00ebr projektet e reja madhore q\u00eb do t\u00eb sh\u00ebnojn\u00eb zhvillimin urban dhe arkitekturor t\u00eb vendit.<\/span><\/p>\n<p data-start=\"506\" data-end=\"712\"><span style=\"color: #000000;\">Gjat\u00eb fjal\u00ebs s\u00eb tij, Rama u shpreh se Shqip\u00ebria do t\u00eb ket\u00eb pas vitesh nj\u00eb stadium t\u00eb ri me p\u00ebrmasa europiane, si dhe vepra t\u00eb r\u00ebnd\u00ebsishme publike q\u00eb, sipas tij, do t\u00eb jen\u00eb pjes\u00eb e historis\u00eb s\u00eb re t\u00eb vendit.<\/span><\/p>\n<p data-start=\"714\" data-end=\"1050\"><span style=\"color: #000000;\">\u201cDo t\u00eb kemi m\u00eb n\u00eb fund, pas vitesh, nj\u00eb stadium t\u00eb ri t\u00eb p\u00ebrmasave europiane, nj\u00eb vep\u00ebr t\u00eb denj\u00eb p\u00ebr historin\u00eb e re q\u00eb po shkruajm\u00eb s\u00eb bashku me arkitekt\u00ebt. Do t\u00eb kemi Bibliotek\u00ebn e re Komb\u00ebtare, nj\u00eb mjedis shum\u00eb t\u00eb nevojsh\u00ebm dhe nj\u00eb vep\u00ebr t\u00eb spikatur n\u00eb historin\u00eb e vendit ton\u00eb dhe t\u00eb arkitektur\u00ebs bashk\u00ebkohore,\u201d deklaroi Kryeministri.<\/span><\/p>\n<p data-start=\"1052\" data-end=\"1254\"><span style=\"color: #000000;\">Ai shtoi se projektet p\u00ebrfshijn\u00eb edhe nd\u00ebrtimin e nj\u00eb kompleksi t\u00eb ri zyrash p\u00ebr administrat\u00ebn shtet\u00ebrore, ku do t\u00eb akomodohen nj\u00eb num\u00ebr i konsideruesh\u00ebm institucionesh, si dhe Pallatin e Ri t\u00eb Sportit.<\/span><\/p>\n<p data-start=\"1256\" data-end=\"1493\"><span style=\"color: #000000;\">\u201cSot i hapim rrug\u00eb dy drejtimeve t\u00eb reja p\u00ebr t\u00eb ardhmen, duke krijuar kushte t\u00ebr\u00ebsisht t\u00eb reja p\u00ebr f\u00ebmij\u00ebt q\u00eb jan\u00eb n\u00eb duart e solidaritetit t\u00eb shoq\u00ebris\u00eb, jetim\u00ebt, dhe nj\u00ebkoh\u00ebsisht edhe p\u00ebr korpusin e ri t\u00eb Inspektorateve,\u201d u shpreh Rama.<\/span><\/p>\n<p data-start=\"1495\" data-end=\"1662\"><span style=\"color: #000000;\">Kryeministri theksoi gjithashtu rolin e Shqip\u00ebris\u00eb si pik\u00eb referimi n\u00eb bot\u00ebn arkitekturore, duke e cil\u00ebsuar vendin si nj\u00eb \u201cuniversitet t\u00eb hapur\u201d p\u00ebr arkitekt\u00ebt e rinj.<\/span><\/p>\n<p data-start=\"1664\" data-end=\"1944\"><span style=\"color: #000000;\">\u201cShqip\u00ebria \u00ebsht\u00eb kthyer n\u00eb nj\u00eb pik\u00eb referimi n\u00eb bot\u00ebn arkitekturore. Jemi nj\u00eb universitet i hapur q\u00eb u jep mund\u00ebsi arkitekt\u00ebve t\u00eb rinj t\u00eb bashk\u00ebpunojn\u00eb me mjeshtrat dhe studiot e m\u00ebdha, p\u00ebr t\u00eb marr\u00eb dije dhe p\u00ebr t\u00eb fituar p\u00ebrvoja q\u00eb nuk i ofron asnj\u00eb praktik\u00eb pune,\u201d p\u00ebrfundoi ai.<\/span><\/p>\n","protected":false,"gt_translate_keys":[{"key":"rendered","format":"html"}]},"excerpt":{"rendered":"<p>Kryeministri Edi Rama ishte sot i pranish\u00ebm n\u00eb Konkursin Nd\u00ebrkomb\u00ebtar p\u00ebr projektin \u201cSht\u00ebpia e Re e F\u00ebmij\u00ebve dhe Kompleksi i Inspektorateve Shtet\u00ebrore\u201d, ku foli p\u00ebr projektet e reja madhore q\u00eb do t\u00eb sh\u00ebnojn\u00eb zhvillimin urban dhe arkitekturor t\u00eb vendit. Gjat\u00eb fjal\u00ebs s\u00eb tij, Rama u shpreh se Shqip\u00ebria do t\u00eb ket\u00eb pas vitesh nj\u00eb stadium [&hellip;]<\/p>\n","protected":false,"gt_translate_keys":[{"key":"rendered","format":"html"}]},"author":32,"featured_media":780438,"comment_status":"closed","ping_status":"open","sticky":false,"template":"","format":"standard","meta":{"footnotes":""},"categories":[65],"tags":[],"class_list":["post-783709","post","type-post","status-publish","format-standard","has-post-thumbnail","hentry","category-lajme"],"gt_translate_keys":[{"key":"link","format":"url"}],"_links":{"self":[{"href":"https:\/\/www.hashtag.al\/index.php\/wp-json\/wp\/v2\/posts\/783709","targetHints":{"allow":["GET"]}}],"collection":[{"href":"https:\/\/www.hashtag.al\/index.php\/wp-json\/wp\/v2\/posts"}],"about":[{"href":"https:\/\/www.hashtag.al\/index.php\/wp-json\/wp\/v2\/types\/post"}],"author":[{"embeddable":true,"href":"https:\/\/www.hashtag.al\/index.php\/wp-json\/wp\/v2\/users\/32"}],"replies":[{"embeddable":true,"href":"https:\/\/www.hashtag.al\/index.php\/wp-json\/wp\/v2\/comments?post=783709"}],"version-history":[{"count":99999,"href":"https:\/\/www.hashtag.al\/index.php\/wp-json\/wp\/v2\/posts\/783709\/revisions"}],"predecessor-version":[{"id":783712,"href":"https:\/\/www.hashtag.al\/index.php\/wp-json\/wp\/v2\/posts\/783709\/revisions\/783712"}],"wp:featuredmedia":[{"embeddable":true,"href":"https:\/\/www.hashtag.al\/index.php\/wp-json\/wp\/v2\/media\/780438"}],"wp:attachment":[{"href":"https:\/\/www.hashtag.al\/index.php\/wp-json\/wp\/v2\/media?parent=783709"}],"wp:term":[{"taxonomy":"category","embeddable":true,"href":"https:\/\/www.hashtag.al\/index.php\/wp-json\/wp\/v2\/categories?post=783709"},{"taxonomy":"post_tag","embeddable":true,"href":"https:\/\/www.hashtag.al\/index.php\/wp-json\/wp\/v2\/tags?post=783709"}],"curies":[{"name":"wp","href":"https:\/\/api.w.org\/{rel}","templated":true}]}}