{"id":783707,"date":"2026-01-29T10:53:09","date_gmt":"2026-01-29T09:53:09","guid":{"rendered":"https:\/\/www.hashtag.al\/?p=783707"},"modified":"2026-01-29T10:53:09","modified_gmt":"2026-01-29T09:53:09","slug":"sot-seanca-paraprake-kryemadhi-dhe-avokati-i-metes-ne-gjkko","status":"publish","type":"post","link":"https:\/\/www.hashtag.al\/index.php\/2026\/01\/29\/sot-seanca-paraprake-kryemadhi-dhe-avokati-i-metes-ne-gjkko\/","title":{"rendered":"Sot seanca paraprake, Kryemadhi dhe avokati i Met\u00ebs n\u00eb GJKKO","gt_translate_keys":[{"key":"rendered","format":"text"}]},"content":{"rendered":"<p><span style=\"color: #000000;\"><img loading=\"lazy\" decoding=\"async\" class=\"aligncenter size-full wp-image-726079\" src=\"https:\/\/www.hashtag.al\/wp-content\/uploads\/2025\/02\/meta-kryemadhi-780x439-1-768x432-1.jpeg\" alt=\"\" width=\"768\" height=\"432\" srcset=\"https:\/\/www.hashtag.al\/wp-content\/uploads\/2025\/02\/meta-kryemadhi-780x439-1-768x432-1.jpeg 768w, https:\/\/www.hashtag.al\/wp-content\/uploads\/2025\/02\/meta-kryemadhi-780x439-1-768x432-1-300x169.jpeg 300w\" sizes=\"auto, (max-width: 768px) 100vw, 768px\" \/><br \/>\nDit\u00ebn e sotme mbahet seanca paraprake n\u00eb GJKKO p\u00ebr ish-presidentin e Republik\u00ebs, Ilir Meta dhe ish-bashk\u00ebshorten e tij, Monika Kryemadhi.<br \/>\n<\/span><\/p>\n<p><span style=\"color: #000000;\">Kryemadhi \u00ebsht\u00eb paraqitur n\u00eb GJKKO, gjithashtu n\u00eb seanc\u00eb \u00ebsht\u00eb paraqitur dhe avokati i Met\u00ebs, Kujtim Cakrani.<\/span><\/p>\n","protected":false,"gt_translate_keys":[{"key":"rendered","format":"html"}]},"excerpt":{"rendered":"<p>Dit\u00ebn e sotme mbahet seanca paraprake n\u00eb GJKKO p\u00ebr ish-presidentin e Republik\u00ebs, Ilir Meta dhe ish-bashk\u00ebshorten e tij, Monika Kryemadhi. Kryemadhi \u00ebsht\u00eb paraqitur n\u00eb GJKKO, gjithashtu n\u00eb seanc\u00eb \u00ebsht\u00eb paraqitur dhe avokati i Met\u00ebs, Kujtim Cakrani.<\/p>\n","protected":false,"gt_translate_keys":[{"key":"rendered","format":"html"}]},"author":49,"featured_media":726079,"comment_status":"closed","ping_status":"open","sticky":false,"template":"","format":"standard","meta":{"footnotes":""},"categories":[65],"tags":[],"class_list":["post-783707","post","type-post","status-publish","format-standard","has-post-thumbnail","hentry","category-lajme"],"gt_translate_keys":[{"key":"link","format":"url"}],"_links":{"self":[{"href":"https:\/\/www.hashtag.al\/index.php\/wp-json\/wp\/v2\/posts\/783707","targetHints":{"allow":["GET"]}}],"collection":[{"href":"https:\/\/www.hashtag.al\/index.php\/wp-json\/wp\/v2\/posts"}],"about":[{"href":"https:\/\/www.hashtag.al\/index.php\/wp-json\/wp\/v2\/types\/post"}],"author":[{"embeddable":true,"href":"https:\/\/www.hashtag.al\/index.php\/wp-json\/wp\/v2\/users\/49"}],"replies":[{"embeddable":true,"href":"https:\/\/www.hashtag.al\/index.php\/wp-json\/wp\/v2\/comments?post=783707"}],"version-history":[{"count":99999,"href":"https:\/\/www.hashtag.al\/index.php\/wp-json\/wp\/v2\/posts\/783707\/revisions"}],"predecessor-version":[{"id":783710,"href":"https:\/\/www.hashtag.al\/index.php\/wp-json\/wp\/v2\/posts\/783707\/revisions\/783710"}],"wp:featuredmedia":[{"embeddable":true,"href":"https:\/\/www.hashtag.al\/index.php\/wp-json\/wp\/v2\/media\/726079"}],"wp:attachment":[{"href":"https:\/\/www.hashtag.al\/index.php\/wp-json\/wp\/v2\/media?parent=783707"}],"wp:term":[{"taxonomy":"category","embeddable":true,"href":"https:\/\/www.hashtag.al\/index.php\/wp-json\/wp\/v2\/categories?post=783707"},{"taxonomy":"post_tag","embeddable":true,"href":"https:\/\/www.hashtag.al\/index.php\/wp-json\/wp\/v2\/tags?post=783707"}],"curies":[{"name":"wp","href":"https:\/\/api.w.org\/{rel}","templated":true}]}}