{"id":783687,"date":"2026-01-29T08:33:01","date_gmt":"2026-01-29T07:33:01","guid":{"rendered":"https:\/\/www.hashtag.al\/?p=783687"},"modified":"2026-01-29T08:33:01","modified_gmt":"2026-01-29T07:33:01","slug":"qeveria-nderhyn-te-cmimet-e-plazheve-bashkite-do-te-caktojne-tarifat-maksimale-para-sezonit-turistik","status":"publish","type":"post","link":"https:\/\/www.hashtag.al\/index.php\/2026\/01\/29\/qeveria-nderhyn-te-cmimet-e-plazheve-bashkite-do-te-caktojne-tarifat-maksimale-para-sezonit-turistik\/","title":{"rendered":"Qeveria nd\u00ebrhyn te \u00e7mimet e plazheve, bashkit\u00eb do t\u00eb caktojn\u00eb tarifat maksimale para sezonit turistik","gt_translate_keys":[{"key":"rendered","format":"text"}]},"content":{"rendered":"<p data-start=\"189\" data-end=\"528\"><span style=\"color: #000000;\"><img loading=\"lazy\" decoding=\"async\" class=\"size-full wp-image-646823 aligncenter\" src=\"https:\/\/www.hashtag.al\/wp-content\/uploads\/2024\/01\/Turizem-bregdet-plazh-Jal-4-1040.jpg\" alt=\"\" width=\"1440\" height=\"1080\" srcset=\"https:\/\/www.hashtag.al\/wp-content\/uploads\/2024\/01\/Turizem-bregdet-plazh-Jal-4-1040.jpg 1440w, https:\/\/www.hashtag.al\/wp-content\/uploads\/2024\/01\/Turizem-bregdet-plazh-Jal-4-1040-300x225.jpg 300w, https:\/\/www.hashtag.al\/wp-content\/uploads\/2024\/01\/Turizem-bregdet-plazh-Jal-4-1040-1024x768.jpg 1024w, https:\/\/www.hashtag.al\/wp-content\/uploads\/2024\/01\/Turizem-bregdet-plazh-Jal-4-1040-768x576.jpg 768w\" sizes=\"auto, (max-width: 1440px) 100vw, 1440px\" \/><br \/>\nPas kritikave t\u00eb vazhdueshme t\u00eb Kryeministrit Edi Rama p\u00ebr \u00e7mimet e larta q\u00eb kan\u00eb goditur turizmin gjat\u00eb 2\u20133 viteve t\u00eb fundit, qeveria ka vendosur t\u00eb nd\u00ebrhyj\u00eb me masa m\u00eb t\u00eb forta rregulluese. P\u00ebrmes nj\u00eb vendimi t\u00eb ri, bashkive u jepet kompetenca p\u00ebr t\u00eb p\u00ebrcaktuar \u00e7mimet maksimale p\u00ebr \u00e7do stacion plazhi p\u00ebrpara nisjes s\u00eb sezonit turistik.<\/span><\/p>\n<p data-start=\"530\" data-end=\"778\"><span style=\"color: #000000;\">Me k\u00ebt\u00eb vendim, nuk do t\u00eb ket\u00eb m\u00eb tarifa t\u00eb vendosura n\u00eb m\u00ebnyr\u00eb arbitrare nga subjektet private. \u00c7mimet do t\u00eb jen\u00eb t\u00eb diferencuara sipas zon\u00ebs dhe standardit t\u00eb sh\u00ebrbimit dhe do t\u00eb funksionojn\u00eb si kufi maksimal i pakaluesh\u00ebm p\u00ebr operator\u00ebt privat\u00eb.<\/span><\/p>\n<p data-start=\"780\" data-end=\"1108\"><span style=\"color: #000000;\">Sipas ndryshimeve n\u00eb rregullore, K\u00ebshilli Bashkiak do t\u00eb miratoj\u00eb p\u00ebrpara \u00e7do sezoni turistik \u00e7mimet maksimale p\u00ebr zonat bregdetare brenda territorit t\u00eb tij. N\u00eb rast se k\u00ebto vendime nuk miratohen n\u00eb koh\u00eb, do t\u00eb hyjn\u00eb n\u00eb fuqi kontratat ekzistuese mes bashkive dhe subjekteve private, t\u00eb cilat parashikojn\u00eb gjithashtu \u00e7mime tavan.<\/span><\/p>\n<p data-start=\"1110\" data-end=\"1291\"><span style=\"color: #000000;\">Subjektet q\u00eb do t\u00eb abuzojn\u00eb duke tejkaluar \u00e7mimet e lejuara do t\u00eb p\u00ebrballen jo vet\u00ebm me gjoba, por edhe me humbjen e menj\u00ebhershme t\u00eb s\u00eb drejt\u00ebs p\u00ebr t\u00eb menaxhuar stacionin e plazhit.<\/span><\/p>\n<p data-start=\"1293\" data-end=\"1579\"><span style=\"color: #000000;\">Paralelisht, bashkit\u00eb do t\u00eb krijojn\u00eb zona publike me pages\u00eb t\u00eb kontrolluar, me q\u00ebllim garantimin e aksesit t\u00eb lir\u00eb dhe \u00e7mimeve t\u00eb p\u00ebrballueshme p\u00ebr t\u00eb gjith\u00eb pushuesit. N\u00eb plazhet publike t\u00eb administruara nga bashkit\u00eb ndalohet kontraktimi apo delegimi i menaxhimit te subjektet private.<\/span><\/p>\n<p data-start=\"1581\" data-end=\"1845\"><span style=\"color: #000000;\">Nj\u00eb tjet\u00ebr element i r\u00ebnd\u00ebsish\u00ebm i vendimit \u00ebsht\u00eb detyrimi i bashkive p\u00ebr t\u00eb publikuar p\u00ebrpara sezonit turistik nj\u00eb plan t\u00eb detajuar p\u00ebr nivelin e lejuar t\u00eb zhurmave n\u00eb \u00e7do plazh, i cili do t\u00eb jet\u00eb i detyruesh\u00ebm p\u00ebr t\u2019u respektuar nga t\u00eb gjith\u00eb operator\u00ebt privat\u00eb.<\/span><\/p>\n<p data-start=\"1847\" data-end=\"2054\"><span style=\"color: #000000;\">Sa i p\u00ebrket dy prej zonave m\u00eb t\u00eb frekuentuara t\u00eb jugut, Ksamilit dhe Dh\u00ebrmiut, ku \u00e7mimet kan\u00eb tejkaluar \u00e7do norm\u00eb, Kryeministri Rama ka paralajm\u00ebruar se menaxhimi i plazheve do t\u2019u kaloj\u00eb bashkive p\u00ebrkat\u00ebse.<\/span><\/p>\n","protected":false,"gt_translate_keys":[{"key":"rendered","format":"html"}]},"excerpt":{"rendered":"<p>Pas kritikave t\u00eb vazhdueshme t\u00eb Kryeministrit Edi Rama p\u00ebr \u00e7mimet e larta q\u00eb kan\u00eb goditur turizmin gjat\u00eb 2\u20133 viteve t\u00eb fundit, qeveria ka vendosur t\u00eb nd\u00ebrhyj\u00eb me masa m\u00eb t\u00eb forta rregulluese. P\u00ebrmes nj\u00eb vendimi t\u00eb ri, bashkive u jepet kompetenca p\u00ebr t\u00eb p\u00ebrcaktuar \u00e7mimet maksimale p\u00ebr \u00e7do stacion plazhi p\u00ebrpara nisjes s\u00eb sezonit turistik. [&hellip;]<\/p>\n","protected":false,"gt_translate_keys":[{"key":"rendered","format":"html"}]},"author":32,"featured_media":646823,"comment_status":"closed","ping_status":"open","sticky":false,"template":"","format":"standard","meta":{"footnotes":""},"categories":[65],"tags":[],"class_list":["post-783687","post","type-post","status-publish","format-standard","has-post-thumbnail","hentry","category-lajme"],"gt_translate_keys":[{"key":"link","format":"url"}],"_links":{"self":[{"href":"https:\/\/www.hashtag.al\/index.php\/wp-json\/wp\/v2\/posts\/783687","targetHints":{"allow":["GET"]}}],"collection":[{"href":"https:\/\/www.hashtag.al\/index.php\/wp-json\/wp\/v2\/posts"}],"about":[{"href":"https:\/\/www.hashtag.al\/index.php\/wp-json\/wp\/v2\/types\/post"}],"author":[{"embeddable":true,"href":"https:\/\/www.hashtag.al\/index.php\/wp-json\/wp\/v2\/users\/32"}],"replies":[{"embeddable":true,"href":"https:\/\/www.hashtag.al\/index.php\/wp-json\/wp\/v2\/comments?post=783687"}],"version-history":[{"count":99999,"href":"https:\/\/www.hashtag.al\/index.php\/wp-json\/wp\/v2\/posts\/783687\/revisions"}],"predecessor-version":[{"id":783690,"href":"https:\/\/www.hashtag.al\/index.php\/wp-json\/wp\/v2\/posts\/783687\/revisions\/783690"}],"wp:featuredmedia":[{"embeddable":true,"href":"https:\/\/www.hashtag.al\/index.php\/wp-json\/wp\/v2\/media\/646823"}],"wp:attachment":[{"href":"https:\/\/www.hashtag.al\/index.php\/wp-json\/wp\/v2\/media?parent=783687"}],"wp:term":[{"taxonomy":"category","embeddable":true,"href":"https:\/\/www.hashtag.al\/index.php\/wp-json\/wp\/v2\/categories?post=783687"},{"taxonomy":"post_tag","embeddable":true,"href":"https:\/\/www.hashtag.al\/index.php\/wp-json\/wp\/v2\/tags?post=783687"}],"curies":[{"name":"wp","href":"https:\/\/api.w.org\/{rel}","templated":true}]}}