{"id":783612,"date":"2026-01-28T18:06:20","date_gmt":"2026-01-28T17:06:20","guid":{"rendered":"https:\/\/www.hashtag.al\/?p=783612"},"modified":"2026-01-28T18:06:20","modified_gmt":"2026-01-28T17:06:20","slug":"osbe-pershendet-ndryshimet-ne-kodin-penal-per-shpifjen-hap-i-rendesishem-per-lirine-e-shprehjes","status":"publish","type":"post","link":"https:\/\/www.hashtag.al\/index.php\/2026\/01\/28\/osbe-pershendet-ndryshimet-ne-kodin-penal-per-shpifjen-hap-i-rendesishem-per-lirine-e-shprehjes\/","title":{"rendered":"OSBE p\u00ebrsh\u00ebndet ndryshimet n\u00eb Kodin Penal p\u00ebr shpifjen: Hap i r\u00ebnd\u00ebsish\u00ebm p\u00ebr lirin\u00eb e shprehjes","gt_translate_keys":[{"key":"rendered","format":"text"}]},"content":{"rendered":"<p><span style=\"color: #000000;\"><img loading=\"lazy\" decoding=\"async\" class=\"alignnone size-full wp-image-410125\" src=\"https:\/\/www.hashtag.al\/wp-content\/uploads\/2020\/11\/osce.jpg\" alt=\"\" width=\"800\" height=\"450\" srcset=\"https:\/\/www.hashtag.al\/wp-content\/uploads\/2020\/11\/osce.jpg 800w, https:\/\/www.hashtag.al\/wp-content\/uploads\/2020\/11\/osce-300x169.jpg 300w, https:\/\/www.hashtag.al\/wp-content\/uploads\/2020\/11\/osce-768x432.jpg 768w\" sizes=\"auto, (max-width: 800px) 100vw, 800px\" \/><\/span><\/p>\n<p><span style=\"color: #000000;\">Prezenca e OSBE-s\u00eb n\u00eb Shqip\u00ebri ka mir\u00ebpritur ndryshimet e fundit n\u00eb Kodin Penal lidhur me shpifjen, duke e cil\u00ebsuar k\u00ebt\u00eb si nj\u00eb hap t\u00eb par\u00eb t\u00eb r\u00ebnd\u00ebsish\u00ebm drejt forcimit t\u00eb liris\u00eb s\u00eb shprehjes n\u00eb vend.<\/span><\/p>\n<p><span style=\"color: #000000;\">Sipas OSBE-s\u00eb, k\u00ebto ndryshime forcojn\u00eb mbrojtjen p\u00ebr gazetar\u00ebt dhe jan\u00eb n\u00eb p\u00ebrputhje me rekomandimet e hershme t\u00eb organizat\u00ebs p\u00ebr t\u00eb mb\u00ebshtetur profesionist\u00ebt e medias.<\/span><\/p>\n<p><span style=\"color: #000000;\"><em>\u201cNe vijojm\u00eb t\u00eb inkurajojm\u00eb dekriminalizimin e plot\u00eb t\u00eb shpifjes dhe p\u00ebrdorimin e masave civile proporcionale,\u201d<\/em> thuhet n\u00eb deklarat\u00ebn e OSBE-s\u00eb.<\/span><\/p>\n<p><span style=\"color: #000000;\">Organizata thekson se kalimi nga nd\u00ebshkimi penal tek masat civile do t\u00eb krijoj\u00eb nj\u00eb mjedis m\u00eb t\u00eb sigurt p\u00ebr gazetar\u00ebt dhe profesionist\u00ebt e medias, duke ulur efektin frik\u00ebsues q\u00eb penalizimi aktual ka mbi lirin\u00eb e shprehjes.<\/span><\/p>\n<p>&nbsp;<\/p>\n<p><span style=\"color: #000000;\">Reagimi i OSBE:<\/span><\/p>\n<p><span style=\"color: #000000;\"><em>Prezenca e OSBE-s\u00eb n\u00eb Shqip\u00ebri mir\u00ebpret ndryshimet e fundit n\u00eb Kodin Penal lidhur me shpifjen, si nj\u00eb hap t\u00eb par\u00eb t\u00eb r\u00ebnd\u00ebsish\u00ebm drejt forcimit t\u00eb liris\u00eb s\u00eb shprehjes. Forcimi i mbrojtjes p\u00ebr gazetar\u00ebt pasqyron nj\u00eb rekomandim t\u00eb hersh\u00ebm t\u00eb OSBE-s\u00eb.<\/em><\/span><\/p>\n<p><span style=\"color: #000000;\"><em>Ne vijojm\u00eb t\u00eb inkurajojm\u00eb dekriminalizimin e plot\u00eb t\u00eb shpifjes dhe p\u00ebrdorimin e masave civile proporcionale.<\/em><\/span><\/p>\n","protected":false,"gt_translate_keys":[{"key":"rendered","format":"html"}]},"excerpt":{"rendered":"<p>Prezenca e OSBE-s\u00eb n\u00eb Shqip\u00ebri ka mir\u00ebpritur ndryshimet e fundit n\u00eb Kodin Penal lidhur me shpifjen, duke e cil\u00ebsuar k\u00ebt\u00eb si nj\u00eb hap t\u00eb par\u00eb t\u00eb r\u00ebnd\u00ebsish\u00ebm drejt forcimit t\u00eb liris\u00eb s\u00eb shprehjes n\u00eb vend. Sipas OSBE-s\u00eb, k\u00ebto ndryshime forcojn\u00eb mbrojtjen p\u00ebr gazetar\u00ebt dhe jan\u00eb n\u00eb p\u00ebrputhje me rekomandimet e hershme t\u00eb organizat\u00ebs p\u00ebr t\u00eb [&hellip;]<\/p>\n","protected":false,"gt_translate_keys":[{"key":"rendered","format":"html"}]},"author":32,"featured_media":410125,"comment_status":"closed","ping_status":"open","sticky":false,"template":"","format":"standard","meta":{"footnotes":""},"categories":[65],"tags":[],"class_list":["post-783612","post","type-post","status-publish","format-standard","has-post-thumbnail","hentry","category-lajme"],"gt_translate_keys":[{"key":"link","format":"url"}],"_links":{"self":[{"href":"https:\/\/www.hashtag.al\/index.php\/wp-json\/wp\/v2\/posts\/783612","targetHints":{"allow":["GET"]}}],"collection":[{"href":"https:\/\/www.hashtag.al\/index.php\/wp-json\/wp\/v2\/posts"}],"about":[{"href":"https:\/\/www.hashtag.al\/index.php\/wp-json\/wp\/v2\/types\/post"}],"author":[{"embeddable":true,"href":"https:\/\/www.hashtag.al\/index.php\/wp-json\/wp\/v2\/users\/32"}],"replies":[{"embeddable":true,"href":"https:\/\/www.hashtag.al\/index.php\/wp-json\/wp\/v2\/comments?post=783612"}],"version-history":[{"count":99999,"href":"https:\/\/www.hashtag.al\/index.php\/wp-json\/wp\/v2\/posts\/783612\/revisions"}],"predecessor-version":[{"id":783613,"href":"https:\/\/www.hashtag.al\/index.php\/wp-json\/wp\/v2\/posts\/783612\/revisions\/783613"}],"wp:featuredmedia":[{"embeddable":true,"href":"https:\/\/www.hashtag.al\/index.php\/wp-json\/wp\/v2\/media\/410125"}],"wp:attachment":[{"href":"https:\/\/www.hashtag.al\/index.php\/wp-json\/wp\/v2\/media?parent=783612"}],"wp:term":[{"taxonomy":"category","embeddable":true,"href":"https:\/\/www.hashtag.al\/index.php\/wp-json\/wp\/v2\/categories?post=783612"},{"taxonomy":"post_tag","embeddable":true,"href":"https:\/\/www.hashtag.al\/index.php\/wp-json\/wp\/v2\/tags?post=783612"}],"curies":[{"name":"wp","href":"https:\/\/api.w.org\/{rel}","templated":true}]}}