{"id":783558,"date":"2026-01-28T13:09:45","date_gmt":"2026-01-28T12:09:45","guid":{"rendered":"https:\/\/www.hashtag.al\/?p=783558"},"modified":"2026-01-28T13:09:45","modified_gmt":"2026-01-28T12:09:45","slug":"pl-meta-publikon-sot-fakte-e-deshmi-te-pa-publikuara-me-pare-per-21-janarin-14-shtatorin-98-si-dhe-ceshtjen-e-azem-hajdarit","status":"publish","type":"post","link":"https:\/\/www.hashtag.al\/index.php\/2026\/01\/28\/pl-meta-publikon-sot-fakte-e-deshmi-te-pa-publikuara-me-pare-per-21-janarin-14-shtatorin-98-si-dhe-ceshtjen-e-azem-hajdarit\/","title":{"rendered":"PL: Meta publikon sot fakte e d\u00ebshmi t\u00eb pa publikuara m\u00eb par\u00eb p\u00ebr 21 Janarin, 14 Shtatorin \u201998, si dhe \u00e7\u00ebshtjen e Azem Hajdarit","gt_translate_keys":[{"key":"rendered","format":"text"}]},"content":{"rendered":"<div class=\"col-md-1 col-sm-1\">\n<div class=\"article-sharing-options\"><\/div>\n<\/div>\n<div class=\"col-md-10 col-sm-10 article-text\">\n<p data-start=\"0\" data-end=\"183\"><span style=\"color: #000000;\"><img loading=\"lazy\" decoding=\"async\" class=\"aligncenter size-full wp-image-783559\" src=\"https:\/\/www.hashtag.al\/wp-content\/uploads\/2026\/01\/Ilir-Meta-foto-1-Facebook-Ilir-Meta-675x450-1.jpg\" alt=\"\" width=\"675\" height=\"450\" srcset=\"https:\/\/www.hashtag.al\/wp-content\/uploads\/2026\/01\/Ilir-Meta-foto-1-Facebook-Ilir-Meta-675x450-1.jpg 675w, https:\/\/www.hashtag.al\/wp-content\/uploads\/2026\/01\/Ilir-Meta-foto-1-Facebook-Ilir-Meta-675x450-1-300x200.jpg 300w\" sizes=\"auto, (max-width: 675px) 100vw, 675px\" \/><\/span><\/p>\n<p data-start=\"0\" data-end=\"183\"><span style=\"color: #000000;\">Partia e Liris\u00eb ka njoftuar se Ilir Meta, do t\u00eb publikoj\u00eb paraditen e sotme fakte dhe d\u00ebshmi t\u00eb reja lidhur me\u00a021 Janarin, 14 Shtatorin 1998, si dhe \u00e7\u00ebshtjen e vrasjes s\u00eb Azem Hajdarit.<\/span><\/p>\n<p><span style=\"color: #000000;\"><em>\u201cPresidenti i Partis\u00eb s\u00eb Liris\u00eb, Z. Ilir Meta, do t\u00eb publikoj\u00eb paraditen e sotme, p\u00ebr her\u00eb t\u00eb par\u00eb, fakte dhe d\u00ebshmi t\u00eb reja, t\u00eb path\u00ebna dhe t\u00eb papublikuara m\u00eb par\u00eb, n\u00eb lidhje me 21 Janarin, 14 Shtatorin \u201998, si dhe me \u00e7\u00ebshtjen e Azem Hajdarit\u201d<\/em>, thuhet n\u00eb njoftim.<\/span><\/p>\n<\/div>\n","protected":false,"gt_translate_keys":[{"key":"rendered","format":"html"}]},"excerpt":{"rendered":"<p>Partia e Liris\u00eb ka njoftuar se Ilir Meta, do t\u00eb publikoj\u00eb paraditen e sotme fakte dhe d\u00ebshmi t\u00eb reja lidhur me\u00a021 Janarin, 14 Shtatorin 1998, si dhe \u00e7\u00ebshtjen e vrasjes s\u00eb Azem Hajdarit. \u201cPresidenti i Partis\u00eb s\u00eb Liris\u00eb, Z. Ilir Meta, do t\u00eb publikoj\u00eb paraditen e sotme, p\u00ebr her\u00eb t\u00eb par\u00eb, fakte dhe d\u00ebshmi t\u00eb [&hellip;]<\/p>\n","protected":false,"gt_translate_keys":[{"key":"rendered","format":"html"}]},"author":49,"featured_media":783559,"comment_status":"closed","ping_status":"open","sticky":false,"template":"","format":"standard","meta":{"footnotes":""},"categories":[65],"tags":[],"class_list":["post-783558","post","type-post","status-publish","format-standard","has-post-thumbnail","hentry","category-lajme"],"gt_translate_keys":[{"key":"link","format":"url"}],"_links":{"self":[{"href":"https:\/\/www.hashtag.al\/index.php\/wp-json\/wp\/v2\/posts\/783558","targetHints":{"allow":["GET"]}}],"collection":[{"href":"https:\/\/www.hashtag.al\/index.php\/wp-json\/wp\/v2\/posts"}],"about":[{"href":"https:\/\/www.hashtag.al\/index.php\/wp-json\/wp\/v2\/types\/post"}],"author":[{"embeddable":true,"href":"https:\/\/www.hashtag.al\/index.php\/wp-json\/wp\/v2\/users\/49"}],"replies":[{"embeddable":true,"href":"https:\/\/www.hashtag.al\/index.php\/wp-json\/wp\/v2\/comments?post=783558"}],"version-history":[{"count":99999,"href":"https:\/\/www.hashtag.al\/index.php\/wp-json\/wp\/v2\/posts\/783558\/revisions"}],"predecessor-version":[{"id":783560,"href":"https:\/\/www.hashtag.al\/index.php\/wp-json\/wp\/v2\/posts\/783558\/revisions\/783560"}],"wp:featuredmedia":[{"embeddable":true,"href":"https:\/\/www.hashtag.al\/index.php\/wp-json\/wp\/v2\/media\/783559"}],"wp:attachment":[{"href":"https:\/\/www.hashtag.al\/index.php\/wp-json\/wp\/v2\/media?parent=783558"}],"wp:term":[{"taxonomy":"category","embeddable":true,"href":"https:\/\/www.hashtag.al\/index.php\/wp-json\/wp\/v2\/categories?post=783558"},{"taxonomy":"post_tag","embeddable":true,"href":"https:\/\/www.hashtag.al\/index.php\/wp-json\/wp\/v2\/tags?post=783558"}],"curies":[{"name":"wp","href":"https:\/\/api.w.org\/{rel}","templated":true}]}}