{"id":783509,"date":"2026-01-27T23:10:47","date_gmt":"2026-01-27T22:10:47","guid":{"rendered":"https:\/\/www.hashtag.al\/?p=783509"},"modified":"2026-01-27T23:10:47","modified_gmt":"2026-01-27T22:10:47","slug":"zelensky-i-gatshem-per-bisedime-direkte-me-putinin-mbi-ceshtjet-territoriale-dhe-centralin-berthamor-te-zaporizhias","status":"publish","type":"post","link":"https:\/\/www.hashtag.al\/index.php\/2026\/01\/27\/zelensky-i-gatshem-per-bisedime-direkte-me-putinin-mbi-ceshtjet-territoriale-dhe-centralin-berthamor-te-zaporizhias\/","title":{"rendered":"Zelensky i gatsh\u00ebm p\u00ebr bisedime direkte me Putinin mbi \u00e7\u00ebshtjet territoriale dhe centralin b\u00ebrthamor t\u00eb Zaporizhias","gt_translate_keys":[{"key":"rendered","format":"text"}]},"content":{"rendered":"<p><img loading=\"lazy\" decoding=\"async\" class=\"aligncenter size-full wp-image-783510\" src=\"https:\/\/www.hashtag.al\/wp-content\/uploads\/2026\/01\/putinzele.jpeg\" alt=\"\" width=\"959\" height=\"539\" srcset=\"https:\/\/www.hashtag.al\/wp-content\/uploads\/2026\/01\/putinzele.jpeg 959w, https:\/\/www.hashtag.al\/wp-content\/uploads\/2026\/01\/putinzele-300x169.jpeg 300w, https:\/\/www.hashtag.al\/wp-content\/uploads\/2026\/01\/putinzele-768x432.jpeg 768w\" sizes=\"auto, (max-width: 959px) 100vw, 959px\" \/><\/p>\n<p><span style=\"color: #000000;\">Presidenti ukrainas Volodymyr Zelensky \u00ebsht\u00eb i gatsh\u00ebm t\u00eb takoj\u00eb presidentin rus Vladimir Putin p\u00ebr t\u00eb diskutuar \u00e7\u00ebshtjet m\u00eb t\u00eb ndjeshme t\u00eb negociatave t\u00eb paqes, sipas Ministrit t\u00eb Jasht\u00ebm ukrainas Andrii Sybiha m\u00eb 27 janar.<\/span><\/p>\n<p><span style=\"color: #000000;\">N\u00eb nj\u00eb intervist\u00eb p\u00ebr European Pravda, Sybiha theksoi se kontrolli mbi Centralin Nuklear t\u00eb Zaporizhias dhe \u00e7\u00ebshtjet territoriale mbeten ende t\u00eb pazgjidhura n\u00eb bisedimet p\u00ebr t\u2019i dh\u00ebn\u00eb fund luft\u00ebs.<\/span><\/p>\n<p><span style=\"color: #000000;\"><em>\u201cPresidenti \u00ebsht\u00eb i gatsh\u00ebm t\u00eb takoj\u00eb Putinin p\u00ebr t\u2019i diskutuar k\u00ebto \u00e7\u00ebshtje,\u201d<\/em> shtoi ai, duke paralajm\u00ebruar se Rusia \u201cvazhdon t\u00eb jet\u00eb nj\u00eb penges\u00eb\u201d n\u00eb arritjen e nj\u00eb zgjidhjeje.<\/span><\/p>\n<p><span style=\"color: #000000;\">Jav\u00ebn e kaluar u zhvilluan bisedimet e para direkte Ukrain\u00eb-Rusi sipas planit t\u00eb paqes t\u00eb udh\u00ebhequr nga SHBA, me dy dit\u00eb takimesh me dyer t\u00eb mbyllura midis Rusis\u00eb, Ukrain\u00ebs dhe SHBA-s\u00eb n\u00eb Abu Dhabi.<\/span><\/p>\n<p><span style=\"color: #000000;\">Rundi i tret\u00eb i bisedimeve trilaterale midis Ukrain\u00ebs, Rusis\u00eb dhe SHBA-s\u00eb pritet t\u00eb vazhdoj\u00eb k\u00ebt\u00eb jav\u00eb n\u00eb Abu Dhabi, sipas burimeve mediatike.<\/span><\/p>\n<p><span style=\"color: #000000;\">Delegacioni ukrainas udh\u00ebhiqej nga Rustem Umerov, nj\u00eb negociator me p\u00ebrvoj\u00eb n\u00eb marr\u00ebveshjet me Mosk\u00ebn, s\u00eb bashku me kreun e Zyr\u00ebs Presidenciale, ish-shefin e inteligjenc\u00ebs Kyrylo Budanov, negociatorin David Arakhamia dhe Shefin e Shtabit t\u00eb P\u00ebrgjithsh\u00ebm Andriy Hnatov, nd\u00ebr t\u00eb tjer\u00eb.<\/span><\/p>\n<p><span style=\"color: #000000;\">Delegacioni rus udh\u00ebhiqej nga Igor Kostyukov, kreu i GRU-s\u00eb, agjencis\u00eb ushtarake t\u00eb inteligjenc\u00ebs t\u00eb Rusis\u00eb. M\u00eb par\u00eb k\u00ebt\u00eb rol e mbante Vladimir Medinsky, nj\u00eb ndihm\u00ebs i ngusht\u00eb i Putinit, i cili thuhej se kishte k\u00ebrc\u00ebnuar Ukrain\u00ebn me veprime ushtarake t\u00eb pacaktuara n\u00eb bisedimet direkte t\u00eb vitit 2025, shkruan <a style=\"color: #000000;\" href=\"https:\/\/www.kyivpost.com\/post\/68903\"><span style=\"color: #0000ff;\">Kyiv Post<\/span><\/a>.<\/span><\/p>\n<p><span style=\"color: #000000;\">Zelensky e p\u00ebrshkroi bisedimet si \u201ckonstruktive\u201d, nd\u00ebrsa Dmitry Peskov, z\u00ebdh\u00ebn\u00ebsi i Kremlinit, deklaroi se ka ende \u201cpun\u00eb t\u00eb r\u00ebnd\u00ebsishme p\u00ebrpara\u201d.<\/span><\/p>\n<p><span style=\"color: #000000;\"><em>\u201cNuk do t\u00eb thosha se pati ndonj\u00eb miq\u00ebsi atje, kjo v\u00ebshtir\u00eb se \u00ebsht\u00eb e mundur n\u00eb k\u00ebt\u00eb faz\u00eb,\u201d<\/em> shtoi Peskov n\u00eb lidhje me diskutimet.<\/span><\/p>\n<p><span style=\"color: #000000;\">Sybiha pohoi t\u00eb mart\u00ebn se nuk sheh nevoj\u00eb p\u00ebr nj\u00eb takim t\u00eb ve\u00e7ant\u00eb me Ministrin e Jasht\u00ebm rus Sergei Lavrov.<\/span><\/p>\n<p><span style=\"color: #000000;\"><em>\u201cNe nuk duhet t\u00eb krijojm\u00eb gjurm\u00eb paralele,\u201d<\/em> tha ai.<\/span><\/p>\n<p><span style=\"color: #000000;\"><em>\u201cEkzistojn\u00eb ekipe negociuese q\u00eb p\u00ebrfshijn\u00eb p\u00ebrfaq\u00ebsues t\u00eb Ministris\u00eb s\u00eb Jashtme. T\u00eb krijosh gjurm\u00eb shtes\u00eb nuk \u00ebsht\u00eb i nevojsh\u00ebm dhe nuk \u00ebsht\u00eb koha e duhur.\u201d<\/em><\/span><\/p>\n<p><span style=\"color: #000000;\">Nj\u00eb tjet\u00ebr tem\u00eb kryesore n\u00eb negociata lidhej me parametrat e arm\u00ebpushimit dhe procedurat p\u00ebr monitorimin dhe verifikimin e tij, sipas ministrit t\u00eb jasht\u00ebm.<\/span><\/p>\n<p><span style=\"color: #000000;\">Sa i p\u00ebrket ndryshimeve n\u00eb natyr\u00ebn e diskutimeve n\u00eb Abu Dhabi krahasuar me bisedimet e m\u00ebparshme, Sybiha theksoi:<\/span><\/p>\n<p><span style=\"color: #000000;\"><em>\u201cNegociatat jan\u00eb shum\u00eb komplekse, por ka nj\u00eb ndryshim cil\u00ebsor n\u00eb p\u00ebrb\u00ebrjen e delegacionit rus. K\u00ebta jan\u00eb njer\u00ebz t\u00eb tjer\u00eb, dhe nuk pati m\u00eb leksione pseudo-historike. Bisedimet ishin shum\u00eb t\u00eb fokusuara.\u201d<\/em><\/span><\/p>\n","protected":false,"gt_translate_keys":[{"key":"rendered","format":"html"}]},"excerpt":{"rendered":"<p>Presidenti ukrainas Volodymyr Zelensky \u00ebsht\u00eb i gatsh\u00ebm t\u00eb takoj\u00eb presidentin rus Vladimir Putin p\u00ebr t\u00eb diskutuar \u00e7\u00ebshtjet m\u00eb t\u00eb ndjeshme t\u00eb negociatave t\u00eb paqes, sipas Ministrit t\u00eb Jasht\u00ebm ukrainas Andrii Sybiha m\u00eb 27 janar. N\u00eb nj\u00eb intervist\u00eb p\u00ebr European Pravda, Sybiha theksoi se kontrolli mbi Centralin Nuklear t\u00eb Zaporizhias dhe \u00e7\u00ebshtjet territoriale mbeten ende t\u00eb [&hellip;]<\/p>\n","protected":false,"gt_translate_keys":[{"key":"rendered","format":"html"}]},"author":51,"featured_media":783510,"comment_status":"closed","ping_status":"open","sticky":false,"template":"","format":"standard","meta":{"footnotes":""},"categories":[53],"tags":[],"class_list":["post-783509","post","type-post","status-publish","format-standard","has-post-thumbnail","hentry","category-fast-foodi"],"gt_translate_keys":[{"key":"link","format":"url"}],"_links":{"self":[{"href":"https:\/\/www.hashtag.al\/index.php\/wp-json\/wp\/v2\/posts\/783509","targetHints":{"allow":["GET"]}}],"collection":[{"href":"https:\/\/www.hashtag.al\/index.php\/wp-json\/wp\/v2\/posts"}],"about":[{"href":"https:\/\/www.hashtag.al\/index.php\/wp-json\/wp\/v2\/types\/post"}],"author":[{"embeddable":true,"href":"https:\/\/www.hashtag.al\/index.php\/wp-json\/wp\/v2\/users\/51"}],"replies":[{"embeddable":true,"href":"https:\/\/www.hashtag.al\/index.php\/wp-json\/wp\/v2\/comments?post=783509"}],"version-history":[{"count":99999,"href":"https:\/\/www.hashtag.al\/index.php\/wp-json\/wp\/v2\/posts\/783509\/revisions"}],"predecessor-version":[{"id":783511,"href":"https:\/\/www.hashtag.al\/index.php\/wp-json\/wp\/v2\/posts\/783509\/revisions\/783511"}],"wp:featuredmedia":[{"embeddable":true,"href":"https:\/\/www.hashtag.al\/index.php\/wp-json\/wp\/v2\/media\/783510"}],"wp:attachment":[{"href":"https:\/\/www.hashtag.al\/index.php\/wp-json\/wp\/v2\/media?parent=783509"}],"wp:term":[{"taxonomy":"category","embeddable":true,"href":"https:\/\/www.hashtag.al\/index.php\/wp-json\/wp\/v2\/categories?post=783509"},{"taxonomy":"post_tag","embeddable":true,"href":"https:\/\/www.hashtag.al\/index.php\/wp-json\/wp\/v2\/tags?post=783509"}],"curies":[{"name":"wp","href":"https:\/\/api.w.org\/{rel}","templated":true}]}}