{"id":783456,"date":"2026-01-27T19:16:10","date_gmt":"2026-01-27T18:16:10","guid":{"rendered":"https:\/\/www.hashtag.al\/?p=783456"},"modified":"2026-01-27T19:16:10","modified_gmt":"2026-01-27T18:16:10","slug":"parlamenti-i-frances-miraton-ndalimin-e-rrjeteve-sociale-per-femijet-nen-15-vjec","status":"publish","type":"post","link":"https:\/\/www.hashtag.al\/index.php\/2026\/01\/27\/parlamenti-i-frances-miraton-ndalimin-e-rrjeteve-sociale-per-femijet-nen-15-vjec\/","title":{"rendered":"Parlamenti i Franc\u00ebs miraton ndalimin e rrjeteve sociale p\u00ebr f\u00ebmij\u00ebt n\u00ebn 15 vje\u00e7","gt_translate_keys":[{"key":"rendered","format":"text"}]},"content":{"rendered":"<p><img loading=\"lazy\" decoding=\"async\" class=\"aligncenter size-full wp-image-783459\" src=\"https:\/\/www.hashtag.al\/wp-content\/uploads\/2026\/01\/france.jpg\" alt=\"\" width=\"960\" height=\"640\" srcset=\"https:\/\/www.hashtag.al\/wp-content\/uploads\/2026\/01\/france.jpg 960w, https:\/\/www.hashtag.al\/wp-content\/uploads\/2026\/01\/france-300x200.jpg 300w, https:\/\/www.hashtag.al\/wp-content\/uploads\/2026\/01\/france-768x512.jpg 768w\" sizes=\"auto, (max-width: 960px) 100vw, 960px\" \/><\/p>\n<p><span style=\"color: #000000;\">Asambleja Komb\u00ebtare e Franc\u00ebs miratoi t\u00eb h\u00ebn\u00ebn nj\u00eb projektligj q\u00eb synon ndalimin e p\u00ebrdorimit t\u00eb rrjeteve sociale nga f\u00ebmij\u00ebt n\u00ebn mosh\u00ebn 15 vje\u00e7, mes shqet\u00ebsimeve n\u00eb rritje p\u00ebr bullizmin n\u00eb internet dhe pasojat n\u00eb sh\u00ebndetin mendor t\u00eb t\u00eb miturve. <\/span><\/p>\n<p><span style=\"color: #000000;\">Legjislacioni parashikon jo vet\u00ebm ndalimin e aksesit n\u00eb rrjetet sociale, por edhe n\u00eb funksionalitetet e tyre t\u00eb integruara brenda platformave m\u00eb t\u00eb gjera, duke reflektuar ankthin gjithnj\u00eb e m\u00eb t\u00eb madh publik mbi ndikimin e k\u00ebtyre platformave tek f\u00ebmij\u00ebt dhe adoleshent\u00ebt.<\/span><\/p>\n<p><span style=\"color: #000000;\">Projektligji u miratua me 116 vota pro dhe 23 kund\u00ebr dhe tani do t\u00eb kaloj\u00eb n\u00eb Senat, p\u00ebrpara se t\u2019i rikthehet Asambles\u00eb Komb\u00ebtare p\u00ebr votimin p\u00ebrfundimtar. <\/span><\/p>\n<p><span style=\"color: #000000;\">Presidenti Emmanuel Macron i ka cil\u00ebsuar rrjetet sociale si nj\u00eb faktor nxit\u00ebs t\u00eb dhun\u00ebs mes t\u00eb rinjve dhe ka shprehur d\u00ebshir\u00ebn q\u00eb Franca t\u00eb ndjek\u00eb shembullin e Australis\u00eb, e cila n\u00eb dhjetor hyri n\u00eb histori si vendi i par\u00eb q\u00eb ndaloi rrjetet sociale p\u00ebr moshat n\u00ebn 16 vje\u00e7, p\u00ebrfshir\u00eb platforma si Facebook, Snapchat, TikTok dhe YouTube. Macron synon q\u00eb ndalimi francez t\u00eb hyj\u00eb n\u00eb fuqi n\u00eb koh\u00eb p\u00ebr fillimin e vitit t\u00eb ardhsh\u00ebm akademik n\u00eb shtator.<\/span><\/p>\n<p><span style=\"color: #000000;\">Duke prezantuar projektligjin n\u00eb parlament, ligjv\u00ebn\u00ebsja e qendr\u00ebs Laure Miller tha se me k\u00ebt\u00eb ligj po vendoset nj\u00eb kufi i qart\u00eb shoq\u00ebror dhe po p\u00ebrcillet mesazhi se rrjetet sociale nuk jan\u00eb t\u00eb pad\u00ebmshme. Ajo theksoi se f\u00ebmij\u00ebt po lexojn\u00eb dhe po flen\u00eb m\u00eb pak, nd\u00ebrsa krahasohen gjithnj\u00eb e m\u00eb shum\u00eb me nj\u00ebri-tjetrin, duke e p\u00ebrshkruar k\u00ebt\u00eb nism\u00eb si nj\u00eb betej\u00eb p\u00ebr mendjet e lira.<\/span><\/p>\n<p><span style=\"color: #000000;\">Edhe Parlamenti Evropian ka b\u00ebr\u00eb thirrje q\u00eb Bashkimi Evropian t\u00eb vendos\u00eb mosh\u00eb minimale p\u00ebr qasjen n\u00eb rrjetet sociale, megjith\u00ebse vendimmarrja konkrete u lihet shteteve an\u00ebtare.<\/span><\/p>\n<p><img loading=\"lazy\" decoding=\"async\" class=\"aligncenter size-full wp-image-783460\" src=\"https:\/\/www.hashtag.al\/wp-content\/uploads\/2026\/01\/france2.jpg\" alt=\"\" width=\"960\" height=\"640\" srcset=\"https:\/\/www.hashtag.al\/wp-content\/uploads\/2026\/01\/france2.jpg 960w, https:\/\/www.hashtag.al\/wp-content\/uploads\/2026\/01\/france2-300x200.jpg 300w, https:\/\/www.hashtag.al\/wp-content\/uploads\/2026\/01\/france2-768x512.jpg 768w\" sizes=\"auto, (max-width: 960px) 100vw, 960px\" \/><\/p>\n<p><span style=\"color: #000000;\">N\u00eb Franc\u00eb ekziston nj\u00eb mb\u00ebshtetje e gjer\u00eb politike dhe publike p\u00ebr kufizimin e aksesit t\u00eb t\u00eb miturve n\u00eb rrjetet sociale. Ligjv\u00ebn\u00ebsi i ekstremit t\u00eb djatht\u00eb Thierry Perez e p\u00ebrshkroi projektligjin si nj\u00eb p\u00ebrgjigje ndaj nj\u00eb \u201curgjence sh\u00ebndet\u00ebsore\u201d, duke pyetur se, ndon\u00ebse rrjetet sociale u kan\u00eb dh\u00ebn\u00eb t\u00eb gjith\u00ebve mund\u00ebsin\u00eb p\u00ebr t\u2019u shprehur, cila \u00ebsht\u00eb kostoja p\u00ebr f\u00ebmij\u00ebt.<\/span><\/p>\n<p><span style=\"color: #000000;\">Ndalimi do t\u2019u k\u00ebrkonte platformave t\u00eb bllokojn\u00eb qasjen p\u00ebr adoleshent\u00ebt e rinj p\u00ebrmes mekanizmave t\u00eb verifikimit t\u00eb mosh\u00ebs, n\u00eb p\u00ebrputhje me ligjin e Bashkimit Evropian, edhe pse autoritetet pranojn\u00eb se zbatimi i tij mund t\u00eb jet\u00eb i v\u00ebshtir\u00eb. Qeveria australiane ka pranuar m\u00eb her\u00ebt se ndalimi i saj ishte sfidues p\u00ebr t\u2019u zbatuar, pasi shum\u00eb f\u00ebmij\u00eb vazhduan t\u00eb hynin n\u00eb rrjete sociale duke u mburrur p\u00ebr aft\u00ebsin\u00eb e tyre p\u00ebr t\u00eb anashkaluar kufizimet.<\/span><\/p>\n<p><span style=\"color: #000000;\">Legjislacioni francez zgjeron gjithashtu ndalimin ekzistues t\u00eb p\u00ebrdorimit t\u00eb telefonave inteligjent\u00eb n\u00eb shkollat fillore dhe t\u00eb mesme t\u00eb ul\u00ebta, duke e shtrir\u00eb edhe n\u00eb shkollat e mesme t\u00eb larta. <\/span><\/p>\n<p><span style=\"color: #000000;\">Nj\u00eb sondazh i Harris Interactive n\u00eb vitin 2024 tregoi se 73% e publikut francez mb\u00ebshtet ndalimin e qasjes n\u00eb rrjetet sociale p\u00ebr moshat n\u00ebn 15 vje\u00e7. Nd\u00ebrkoh\u00eb, adoleshent\u00ebt n\u00eb rrug\u00ebt e Parisit shfaq\u00ebn mendime t\u00eb ndara: disa pranuan rreziqet q\u00eb lidhen me rrjetet sociale, nd\u00ebrsa t\u00eb tjer\u00eb e konsideruan nj\u00eb ndalim t\u00eb till\u00eb si t\u00eb tepruar, shkruan <a href=\"https:\/\/www.reuters.com\/sustainability\/society-equity\/frances-national-assembly-debates-banning-under-15s-social-media-2026-01-26\/\">Reuters<\/a>.<\/span><\/p>\n","protected":false,"gt_translate_keys":[{"key":"rendered","format":"html"}]},"excerpt":{"rendered":"<p>Asambleja Komb\u00ebtare e Franc\u00ebs miratoi t\u00eb h\u00ebn\u00ebn nj\u00eb projektligj q\u00eb synon ndalimin e p\u00ebrdorimit t\u00eb rrjeteve sociale nga f\u00ebmij\u00ebt n\u00ebn mosh\u00ebn 15 vje\u00e7, mes shqet\u00ebsimeve n\u00eb rritje p\u00ebr bullizmin n\u00eb internet dhe pasojat n\u00eb sh\u00ebndetin mendor t\u00eb t\u00eb miturve. Legjislacioni parashikon jo vet\u00ebm ndalimin e aksesit n\u00eb rrjetet sociale, por edhe n\u00eb funksionalitetet e tyre [&hellip;]<\/p>\n","protected":false,"gt_translate_keys":[{"key":"rendered","format":"html"}]},"author":51,"featured_media":783459,"comment_status":"closed","ping_status":"open","sticky":false,"template":"","format":"standard","meta":{"footnotes":""},"categories":[53],"tags":[],"class_list":["post-783456","post","type-post","status-publish","format-standard","has-post-thumbnail","hentry","category-fast-foodi"],"gt_translate_keys":[{"key":"link","format":"url"}],"_links":{"self":[{"href":"https:\/\/www.hashtag.al\/index.php\/wp-json\/wp\/v2\/posts\/783456","targetHints":{"allow":["GET"]}}],"collection":[{"href":"https:\/\/www.hashtag.al\/index.php\/wp-json\/wp\/v2\/posts"}],"about":[{"href":"https:\/\/www.hashtag.al\/index.php\/wp-json\/wp\/v2\/types\/post"}],"author":[{"embeddable":true,"href":"https:\/\/www.hashtag.al\/index.php\/wp-json\/wp\/v2\/users\/51"}],"replies":[{"embeddable":true,"href":"https:\/\/www.hashtag.al\/index.php\/wp-json\/wp\/v2\/comments?post=783456"}],"version-history":[{"count":99999,"href":"https:\/\/www.hashtag.al\/index.php\/wp-json\/wp\/v2\/posts\/783456\/revisions"}],"predecessor-version":[{"id":783461,"href":"https:\/\/www.hashtag.al\/index.php\/wp-json\/wp\/v2\/posts\/783456\/revisions\/783461"}],"wp:featuredmedia":[{"embeddable":true,"href":"https:\/\/www.hashtag.al\/index.php\/wp-json\/wp\/v2\/media\/783459"}],"wp:attachment":[{"href":"https:\/\/www.hashtag.al\/index.php\/wp-json\/wp\/v2\/media?parent=783456"}],"wp:term":[{"taxonomy":"category","embeddable":true,"href":"https:\/\/www.hashtag.al\/index.php\/wp-json\/wp\/v2\/categories?post=783456"},{"taxonomy":"post_tag","embeddable":true,"href":"https:\/\/www.hashtag.al\/index.php\/wp-json\/wp\/v2\/tags?post=783456"}],"curies":[{"name":"wp","href":"https:\/\/api.w.org\/{rel}","templated":true}]}}