{"id":783343,"date":"2026-01-26T23:30:26","date_gmt":"2026-01-26T22:30:26","guid":{"rendered":"https:\/\/www.hashtag.al\/?p=783343"},"modified":"2026-01-26T23:30:39","modified_gmt":"2026-01-26T22:30:39","slug":"mos-shihni-endrra-me-sy-hapur-pa-shba-ne-jemi-te-mbaruar-rutte-cmonton-idene-e-nje-ushtrie-evropiane-jashte-nato-s","status":"publish","type":"post","link":"https:\/\/www.hashtag.al\/index.php\/2026\/01\/26\/mos-shihni-endrra-me-sy-hapur-pa-shba-ne-jemi-te-mbaruar-rutte-cmonton-idene-e-nje-ushtrie-evropiane-jashte-nato-s\/","title":{"rendered":"\u201cMos shihni \u00ebndrra me sy hapur, pa SHBA-n\u00eb jemi t\u00eb mbaruar\u201d &#8211; Rutte \u00e7monton iden\u00eb e nj\u00eb ushtrie evropiane jasht\u00eb NATO-s","gt_translate_keys":[{"key":"rendered","format":"text"}]},"content":{"rendered":"<p><img loading=\"lazy\" decoding=\"async\" class=\"aligncenter size-full wp-image-783344\" src=\"https:\/\/www.hashtag.al\/wp-content\/uploads\/2026\/01\/RBAR3QLQRNKA7GSC4Q4EPDRLZM-ezgif.com-avif-to-jpg-converter.jpg\" alt=\"\" width=\"960\" height=\"643\" srcset=\"https:\/\/www.hashtag.al\/wp-content\/uploads\/2026\/01\/RBAR3QLQRNKA7GSC4Q4EPDRLZM-ezgif.com-avif-to-jpg-converter.jpg 960w, https:\/\/www.hashtag.al\/wp-content\/uploads\/2026\/01\/RBAR3QLQRNKA7GSC4Q4EPDRLZM-ezgif.com-avif-to-jpg-converter-300x201.jpg 300w, https:\/\/www.hashtag.al\/wp-content\/uploads\/2026\/01\/RBAR3QLQRNKA7GSC4Q4EPDRLZM-ezgif.com-avif-to-jpg-converter-768x514.jpg 768w\" sizes=\"auto, (max-width: 960px) 100vw, 960px\" \/><\/p>\n<p><span style=\"color: #000000;\">Shefi i NATO-s, Mark Rutte, hodhi posht\u00eb t\u00eb h\u00ebn\u00ebn thirrjet e disa politikan\u00ebve evropian\u00eb p\u00ebr krijimin e nj\u00eb ushtrie t\u00eb ve\u00e7ant\u00eb evropiane, t\u00eb nxitura nga dyshimet mbi angazhimin e Donald Trump-it ndaj siguris\u00eb s\u00eb kontinentit, shqet\u00ebsime q\u00eb u p\u00ebrforcuan edhe nga tensionet lidhur me Groenland\u00ebn.<\/span><\/p>\n<p><span style=\"color: #000000;\">Rutte u tha atyre q\u00eb mb\u00ebshtesin iden\u00eb e nj\u00eb force evropiane t\u00eb pavarur nga NATO-ja e udh\u00ebhequr nga SHBA-ja q\u00eb t\u00eb \u201cvazhdojn\u00eb t\u00eb \u00ebnd\u00ebrrojn\u00eb\u201d, duke shtuar se presidenti rus Putin do ta \u201cdashuronte\u201d k\u00ebt\u00eb ide, pasi ajo do mbingarkonte ushtrit\u00eb evropiane dhe do t\u2019i b\u00ebnte ato m\u00eb t\u00eb dob\u00ebta.<\/span><\/p>\n<p><span style=\"color: #000000;\">Gjat\u00eb fjalimit t\u00eb tij n\u00eb Parlamentin Evropian n\u00eb Bruksel, Rutte theksoi se kombet evropiane duhet t\u00eb marrin m\u00eb shum\u00eb p\u00ebrgjegj\u00ebsi p\u00ebr sigurin\u00eb e tyre, ashtu si\u00e7 ka k\u00ebrkuar Trump, por gjithmon\u00eb brenda korniz\u00ebs s\u00eb aleanc\u00ebs transatlantike. <\/span><\/p>\n<p><span style=\"color: #000000;\">Ministri i Jasht\u00ebm spanjoll, Jose Manuel Albares, dhe Komisioneri Evropian i Mbrojtjes, Andrius Kubilius, kan\u00eb ngritur jav\u00ebt e fundit mund\u00ebsin\u00eb e krijimit t\u00eb nj\u00eb force evropiane, por pa iu referuar shprehimisht ndonj\u00eb propozimi t\u00eb caktuar,<\/span><\/p>\n<p><span style=\"color: #000000;\"> Rutte e injoroi iden\u00eb n\u00eb p\u00ebrgjith\u00ebsi, duke k\u00ebmb\u00ebngulur se Trump dhe SHBA-ja mbeten fuqish\u00ebm t\u00eb angazhuar ndaj NATO-s, pavar\u00ebsisht pasiguris\u00eb s\u00eb shkaktuar nga k\u00ebrkesat e Trump-it q\u00eb Danimarka t\u00eb l\u00ebshoj\u00eb kontrollin e Groenland\u00ebs.<\/span><\/p>\n<p><span style=\"color: #000000;\"><em>\u201cMendoj se do t\u00eb ket\u00eb shum\u00eb mbivendosje dhe ju uroj fat n\u00ebse d\u00ebshironi ta b\u00ebni k\u00ebt\u00eb, sepse duhet t\u00eb gjeni burrat dhe grat\u00eb n\u00eb uniform\u00eb p\u00ebr k\u00ebt\u00eb. Kjo do t\u2019i nd\u00ebrlikoj\u00eb gj\u00ebrat. Mendoj se Putini do ta dashuroj\u00eb k\u00ebt\u00eb. Prandaj mendohuni edhe nj\u00eb her\u00eb.\u201d<\/em><\/span><\/p>\n<p><span style=\"color: #000000;\">Rutte u b\u00ebri t\u00eb qart\u00eb ligjv\u00ebn\u00ebsve se n\u00ebse Evropa do t\u00eb p\u00ebrpiqej ta menaxhonte vet\u00eb mbrojtjen, kjo do t\u00eb kushtonte shum\u00eb m\u00eb tep\u00ebr se 5% e PBB-s\u00eb q\u00eb vendet e NATO-s kan\u00eb r\u00ebn\u00eb dakord t\u00eb shpenzojn\u00eb p\u00ebr mbrojtjen dhe investimet lidhur me sigurin\u00eb, shkruan <a style=\"color: #000000;\" href=\"https:\/\/www.reuters.com\/world\/nato-boss-rutte-slaps-down-calls-european-army-prompted-by-trump-fears-2026-01-26\/\">Reuters<\/a>.<\/span><\/p>\n<p><span style=\"color: #000000;\"><em>\u201cJu duhet t\u00eb nd\u00ebrtoni aft\u00ebsin\u00eb tuaj b\u00ebrthamore\u2026kjo kushton miliarda e miliarda euro. N\u00eb at\u00eb skenar, ju do t\u00eb humbisni garantuesin suprem t\u00eb liris\u00eb son\u00eb, q\u00eb \u00ebsht\u00eb ombrella b\u00ebrthamore e SHBA-s\u00eb. Prandaj, hej, ju uroj fat,\u201d<\/em> p\u00ebrfundoi Rutte.<\/span><\/p>\n","protected":false,"gt_translate_keys":[{"key":"rendered","format":"html"}]},"excerpt":{"rendered":"<p>Shefi i NATO-s, Mark Rutte, hodhi posht\u00eb t\u00eb h\u00ebn\u00ebn thirrjet e disa politikan\u00ebve evropian\u00eb p\u00ebr krijimin e nj\u00eb ushtrie t\u00eb ve\u00e7ant\u00eb evropiane, t\u00eb nxitura nga dyshimet mbi angazhimin e Donald Trump-it ndaj siguris\u00eb s\u00eb kontinentit, shqet\u00ebsime q\u00eb u p\u00ebrforcuan edhe nga tensionet lidhur me Groenland\u00ebn. Rutte u tha atyre q\u00eb mb\u00ebshtesin iden\u00eb e nj\u00eb force [&hellip;]<\/p>\n","protected":false,"gt_translate_keys":[{"key":"rendered","format":"html"}]},"author":51,"featured_media":783344,"comment_status":"closed","ping_status":"open","sticky":false,"template":"","format":"standard","meta":{"footnotes":""},"categories":[53],"tags":[],"class_list":["post-783343","post","type-post","status-publish","format-standard","has-post-thumbnail","hentry","category-fast-foodi"],"gt_translate_keys":[{"key":"link","format":"url"}],"_links":{"self":[{"href":"https:\/\/www.hashtag.al\/index.php\/wp-json\/wp\/v2\/posts\/783343","targetHints":{"allow":["GET"]}}],"collection":[{"href":"https:\/\/www.hashtag.al\/index.php\/wp-json\/wp\/v2\/posts"}],"about":[{"href":"https:\/\/www.hashtag.al\/index.php\/wp-json\/wp\/v2\/types\/post"}],"author":[{"embeddable":true,"href":"https:\/\/www.hashtag.al\/index.php\/wp-json\/wp\/v2\/users\/51"}],"replies":[{"embeddable":true,"href":"https:\/\/www.hashtag.al\/index.php\/wp-json\/wp\/v2\/comments?post=783343"}],"version-history":[{"count":99999,"href":"https:\/\/www.hashtag.al\/index.php\/wp-json\/wp\/v2\/posts\/783343\/revisions"}],"predecessor-version":[{"id":783345,"href":"https:\/\/www.hashtag.al\/index.php\/wp-json\/wp\/v2\/posts\/783343\/revisions\/783345"}],"wp:featuredmedia":[{"embeddable":true,"href":"https:\/\/www.hashtag.al\/index.php\/wp-json\/wp\/v2\/media\/783344"}],"wp:attachment":[{"href":"https:\/\/www.hashtag.al\/index.php\/wp-json\/wp\/v2\/media?parent=783343"}],"wp:term":[{"taxonomy":"category","embeddable":true,"href":"https:\/\/www.hashtag.al\/index.php\/wp-json\/wp\/v2\/categories?post=783343"},{"taxonomy":"post_tag","embeddable":true,"href":"https:\/\/www.hashtag.al\/index.php\/wp-json\/wp\/v2\/tags?post=783343"}],"curies":[{"name":"wp","href":"https:\/\/api.w.org\/{rel}","templated":true}]}}