{"id":783334,"date":"2026-01-26T22:50:35","date_gmt":"2026-01-26T21:50:35","guid":{"rendered":"https:\/\/www.hashtag.al\/?p=783334"},"modified":"2026-01-26T22:50:35","modified_gmt":"2026-01-26T21:50:35","slug":"banoret-kundershtojne-zgjerimin-e-resortit-luksoz-qeveria-greke-ndalon-projektin","status":"publish","type":"post","link":"https:\/\/www.hashtag.al\/index.php\/2026\/01\/26\/banoret-kundershtojne-zgjerimin-e-resortit-luksoz-qeveria-greke-ndalon-projektin\/","title":{"rendered":"Banor\u00ebt kund\u00ebrshtojn\u00eb zgjerimin e resortit luksoz, qeveria greke ndalon projektin","gt_translate_keys":[{"key":"rendered","format":"text"}]},"content":{"rendered":"<p><img loading=\"lazy\" decoding=\"async\" class=\"aligncenter size-full wp-image-783336\" src=\"https:\/\/www.hashtag.al\/wp-content\/uploads\/2026\/01\/hoteli-ezgif.com-webp-to-jpg-converter.jpg\" alt=\"\" width=\"960\" height=\"600\" srcset=\"https:\/\/www.hashtag.al\/wp-content\/uploads\/2026\/01\/hoteli-ezgif.com-webp-to-jpg-converter.jpg 960w, https:\/\/www.hashtag.al\/wp-content\/uploads\/2026\/01\/hoteli-ezgif.com-webp-to-jpg-converter-300x188.jpg 300w, https:\/\/www.hashtag.al\/wp-content\/uploads\/2026\/01\/hoteli-ezgif.com-webp-to-jpg-converter-768x480.jpg 768w\" sizes=\"auto, (max-width: 960px) 100vw, 960px\" \/><\/p>\n<p>Ministria e Mjedisit e Greqis\u00eb ka nd\u00ebrmarr\u00eb hapa p\u00ebr t\u00eb pezulluar nd\u00ebrtimin q\u00eb lidhet me zgjerimin e hotelit \u00cbhite Coast n\u00eb ishullin e Milosit, duke argumentuar se projekti p\u00ebrb\u00ebn nj\u00eb nd\u00ebrhyrje t\u00eb gjer\u00eb n\u00eb zon\u00ebn e Mytakas, \u00e7ka ka shkaktuar reagime dhe kund\u00ebrshtime t\u00eb forta nga banor\u00ebt vendas.<\/p>\n<p>Bashkia e Milosit ka paraqitur nj\u00eb ankes\u00eb n\u00eb K\u00ebshillin e Shtetit kund\u00ebr licencimit t\u00eb projektit dhe, nj\u00ebkoh\u00ebsisht, ka informuar autoritetet kompetente p\u00ebr nj\u00eb s\u00ebr\u00eb parregullsish t\u00eb konstatuara.<\/p>\n<p>Kryebashkiaku i Milosit, Manolis Mikelis, deklaroi se gjat\u00eb nj\u00eb inspektimi zyrtar jan\u00eb evidentuar shkelje konkrete. Ai theksoi se b\u00ebhet fjal\u00eb p\u00ebr nj\u00eb nd\u00ebrhyrje tep\u00ebr t\u00eb madhe, e cila n\u00eb disa pika shtrihet deri disa metra mbi nivelin e detit. Hoteli kishte marr\u00eb fillimisht leje nd\u00ebrtimi n\u00eb vitin 2019 p\u00ebr nj\u00eb kapacitet prej 99 krevatesh.<\/p>\n<p>Kjo leje u rishikua dy her\u00eb, n\u00eb vitet 2021 dhe 2024, p\u00ebr t\u00eb lejuar zgjerimin n\u00eb dy parcela fqinje, duke shtuar edhe 167 krevate t\u00eb tjera n\u00eb 75 dhoma shtes\u00eb. Sipas miratimit mjedisor t\u00eb l\u00ebshuar n\u00eb gusht t\u00eb vitit 2024, hoteli me pes\u00eb yje parashikohej t\u00eb shtrihej n\u00eb nj\u00eb sip\u00ebrfaqe prej 2.94 hektar\u00ebsh, me gjithsej 271 krevate t\u00eb shp\u00ebrndara n\u00eb 125 dhoma.<\/p>\n<p>Planet e zgjerimit p\u00ebrfshijn\u00eb nd\u00ebrtimin e 10 godinave t\u00eb reja, nj\u00eb pishin\u00eb t\u00eb p\u00ebrbashk\u00ebt, si edhe pishina private p\u00ebr dhomat n\u00eb shtat\u00eb prej nd\u00ebrtesave.<\/p>\n<p>N\u00eb funksionim me kapacitet t\u00eb plot\u00eb, hoteli do t\u00eb kishte nevoj\u00eb p\u00ebr rreth 122 metra kub uj\u00eb n\u00eb dit\u00eb p\u00ebr konsum dhe rreth 108 metra kub p\u00ebr vaditje. Milosi, i cili ndodhet n\u00eb Kikladat jugore, \u00ebsht\u00eb nj\u00eb ishull me munges\u00eb burimesh ujore dhe furnizohet prej m\u00eb shum\u00eb se nj\u00eb dekade p\u00ebrmes impianteve t\u00eb shkrip\u00ebzimit, shkruan <span style=\"color: #000000;\"><a style=\"color: #000000;\" href=\"https:\/\/www.ekathimerini.com\/news\/environment\/1293455\/controversial-milos-hotel-expansion-halted\/\">Ekathimerini<\/a><\/span>.<\/p>\n<p>Nd\u00ebrkoh\u00eb, autoritetet po shqyrtojn\u00eb edhe \u00e7\u00ebshtjen e aksesit n\u00eb truall, pasi dokumentacioni i lejeve mjedisore tregon se hyrja n\u00eb zon\u00eb b\u00ebhet p\u00ebrmes nj\u00eb rruge bujq\u00ebsore t\u00eb papasfaltuar, statusi ligjor i s\u00eb cil\u00ebs mbetet p\u00ebr t\u2019u verifikuar.<\/p>\n","protected":false,"gt_translate_keys":[{"key":"rendered","format":"html"}]},"excerpt":{"rendered":"<p>Ministria e Mjedisit e Greqis\u00eb ka nd\u00ebrmarr\u00eb hapa p\u00ebr t\u00eb pezulluar nd\u00ebrtimin q\u00eb lidhet me zgjerimin e hotelit \u00cbhite Coast n\u00eb ishullin e Milosit, duke argumentuar se projekti p\u00ebrb\u00ebn nj\u00eb nd\u00ebrhyrje t\u00eb gjer\u00eb n\u00eb zon\u00ebn e Mytakas, \u00e7ka ka shkaktuar reagime dhe kund\u00ebrshtime t\u00eb forta nga banor\u00ebt vendas. Bashkia e Milosit ka paraqitur nj\u00eb ankes\u00eb [&hellip;]<\/p>\n","protected":false,"gt_translate_keys":[{"key":"rendered","format":"html"}]},"author":51,"featured_media":783336,"comment_status":"closed","ping_status":"open","sticky":false,"template":"","format":"standard","meta":{"footnotes":""},"categories":[149],"tags":[],"class_list":["post-783334","post","type-post","status-publish","format-standard","has-post-thumbnail","hentry","category-kosoverajon"],"gt_translate_keys":[{"key":"link","format":"url"}],"_links":{"self":[{"href":"https:\/\/www.hashtag.al\/index.php\/wp-json\/wp\/v2\/posts\/783334","targetHints":{"allow":["GET"]}}],"collection":[{"href":"https:\/\/www.hashtag.al\/index.php\/wp-json\/wp\/v2\/posts"}],"about":[{"href":"https:\/\/www.hashtag.al\/index.php\/wp-json\/wp\/v2\/types\/post"}],"author":[{"embeddable":true,"href":"https:\/\/www.hashtag.al\/index.php\/wp-json\/wp\/v2\/users\/51"}],"replies":[{"embeddable":true,"href":"https:\/\/www.hashtag.al\/index.php\/wp-json\/wp\/v2\/comments?post=783334"}],"version-history":[{"count":99999,"href":"https:\/\/www.hashtag.al\/index.php\/wp-json\/wp\/v2\/posts\/783334\/revisions"}],"predecessor-version":[{"id":783337,"href":"https:\/\/www.hashtag.al\/index.php\/wp-json\/wp\/v2\/posts\/783334\/revisions\/783337"}],"wp:featuredmedia":[{"embeddable":true,"href":"https:\/\/www.hashtag.al\/index.php\/wp-json\/wp\/v2\/media\/783336"}],"wp:attachment":[{"href":"https:\/\/www.hashtag.al\/index.php\/wp-json\/wp\/v2\/media?parent=783334"}],"wp:term":[{"taxonomy":"category","embeddable":true,"href":"https:\/\/www.hashtag.al\/index.php\/wp-json\/wp\/v2\/categories?post=783334"},{"taxonomy":"post_tag","embeddable":true,"href":"https:\/\/www.hashtag.al\/index.php\/wp-json\/wp\/v2\/tags?post=783334"}],"curies":[{"name":"wp","href":"https:\/\/api.w.org\/{rel}","templated":true}]}}