{"id":783319,"date":"2026-01-26T21:26:25","date_gmt":"2026-01-26T20:26:25","guid":{"rendered":"https:\/\/www.hashtag.al\/?p=783319"},"modified":"2026-01-26T21:26:25","modified_gmt":"2026-01-26T20:26:25","slug":"tenderat-app-zyrtaret-e-ngarkuar-me-kete-pergjegjesi-duhet-te-certifikohen-te-hyjne-ne-test","status":"publish","type":"post","link":"https:\/\/www.hashtag.al\/index.php\/2026\/01\/26\/tenderat-app-zyrtaret-e-ngarkuar-me-kete-pergjegjesi-duhet-te-certifikohen-te-hyjne-ne-test\/","title":{"rendered":"Tenderat, APP: Zyrtar\u00ebt e ngarkuar me k\u00ebt\u00eb p\u00ebrgjegj\u00ebsi duhet t\u00eb certifikohen, t\u00eb hyjn\u00eb n\u00eb test","gt_translate_keys":[{"key":"rendered","format":"text"}]},"content":{"rendered":"<p><img loading=\"lazy\" decoding=\"async\" class=\"aligncenter size-full wp-image-783320\" src=\"https:\/\/www.hashtag.al\/wp-content\/uploads\/2026\/01\/TENDERA.jpg\" alt=\"\" width=\"780\" height=\"440\" srcset=\"https:\/\/www.hashtag.al\/wp-content\/uploads\/2026\/01\/TENDERA.jpg 780w, https:\/\/www.hashtag.al\/wp-content\/uploads\/2026\/01\/TENDERA-300x169.jpg 300w, https:\/\/www.hashtag.al\/wp-content\/uploads\/2026\/01\/TENDERA-768x433.jpg 768w\" sizes=\"auto, (max-width: 780px) 100vw, 780px\" \/><\/p>\n<p><span style=\"color: #000000;\">Agjencia e Prokurimit Publik u ka b\u00ebr\u00eb thirrje institucioneve q\u00eb personat e ngarkuar pran\u00eb tyre me \u00e7\u00ebshtjet e prokurimit publik duhet t\u00eb testohen dhe t\u00eb marrin certifikat\u00ebn p\u00ebr njohurit\u00eb baz\u00eb ose n\u00eb t\u00eb kund\u00ebrt nuk do t\u00eb mund ta ushtrojn\u00eb k\u00ebt\u00eb detyr\u00eb.<\/span><\/p>\n<p><span style=\"color: #000000;\">N\u00eb nj\u00eb njoftim t\u00eb saj APP jep detajet lidhur me p\u00ebrcaktimet ligjore s ai takon k\u00ebtij detyrimi si dhe hapave q\u00eb duhet t\u00eb nd\u00ebrmerren.<\/span><\/p>\n<p><span style=\"color: #000000;\">\u201cSjellim n\u00eb v\u00ebmendje se bazuar n\u00eb nenin 75\/1 t\u00eb VKM-s\u00eb 285\/2021 \u201cP\u00ebr miratimin e rregullave t\u00eb prokurimit publik\u201d, i ndryshuar si dhe Udh\u00ebzimit t\u00eb p\u00ebrbashk\u00ebt \u201cP\u00ebr p\u00ebrcaktimin e procedurave dhe kritereve p\u00ebr organizimin e trajnimeve, testimeve dhe dh\u00ebnien e certifikatave n\u00eb fush\u00ebn e prokurimit publik\u201d, i ndryshuar, p\u00ebrcaktojn\u00eb detyrimin e personave p\u00ebrgjegj\u00ebs apo zyrtar\u00ebve t\u00eb strukturave p\u00ebrgjegj\u00ebse t\u00eb prokurimit publik p\u00ebr t\u2019u pajisur me certifikate njohurish t\u00eb pakt\u00ebn n\u00eb nivelin baz\u00eb.<\/span><\/p>\n<p><span style=\"color: #000000;\">Dispozitat tranzitore, p\u00ebrcaktojn\u00eb nj\u00eb periudh\u00eb 2-vje\u00e7are brenda s\u00eb cil\u00ebs, t\u00eb gjith\u00eb personat e m\u00ebsip\u00ebrm duhet t\u00eb pajisen me certifikat\u00eb, periudh\u00eb e cila p\u00ebrfundon n\u00eb muajin Gusht 2026\u201d thuhet n\u00eb njoftim.<\/span><\/p>\n<p><span style=\"color: #000000;\">Vet\u00eb Agjencia n\u00ebnvizon se t\u00eb gjith\u00eb Autoritetet\/Entet Kontraktore duhet q\u00eb t\u00eb sigurojn\u00eb pjes\u00ebmarrjen e personave p\u00ebrgjegj\u00ebs p\u00ebr prokurimin, si dhe personat e pun\u00ebsuar n\u00eb struktura t\u00eb dedikuara p\u00ebr prokurimin, n\u00ebse ka, n\u00eb testimin e DAT\u00cbS 19 SHKURT 2026, q\u00eb do t\u00eb organizoj\u00eb ASPA, n\u00eb kuad\u00ebr t\u00eb procesit t\u00eb profesionalizimit.<\/span><\/p>\n<p><span style=\"color: #000000;\">N\u00eb rastet kur pjes\u00ebmarr\u00ebsit nuk kalojn\u00eb me sukses testimin p\u00ebr nivelin baz\u00eb, k\u00ebta t\u00eb fundit mund t\u00eb kryejn\u00eb p\u00ebrs\u00ebri trajnimin n\u00eb m\u00ebnyr\u00eb q\u00eb t\u00eb p\u00ebrs\u00ebrisin testimin p\u00ebr marrjen e certifikat\u00ebs.<\/span><\/p>\n<p><span style=\"color: #000000;\">\u201cMoscertifikimi brenda afatit t\u00eb p\u00ebrcaktuar mund t\u00eb sjell\u00eb pasoja, p\u00ebrfshir\u00eb moslejimin e ushtrimit t\u00eb s\u00eb drejt\u00ebs p\u00ebr t\u00eb qen\u00eb n\u00eb cil\u00ebsin\u00eb e personit p\u00ebrgjegj\u00ebs apo pjes\u00eb e strukturave t\u00eb dedikuara n\u00eb fush\u00ebn e prokurimit publik.<\/span><\/p>\n<p><span style=\"color: #000000;\">Sjellim n\u00eb v\u00ebmendje se p\u00ebr t\u00eb marr\u00eb pjes\u00eb n\u00eb testim, duhet t\u00eb komunikoni me Shkoll\u00ebn Shqiptare t\u00eb Administrat\u00ebs Publike deri n\u00eb dat\u00ebn 16 shkurt, n\u00eb adres\u00ebn aspa@aspa.gov.al, pasi k\u00ebrkohet paraprakisht plot\u00ebsimi i nj\u00eb formulari dhe regjistrimi paraprak pran\u00eb ASPA-s\u201d thuhet n\u00eb njoftim.<\/span><\/p>\n<p><span style=\"color: #000000;\"><strong><span style=\"color: #ff0000;\">VINI RE:<\/span><\/strong> Ky material \u00ebsht\u00eb pron\u00ebsi intelektuale e <span style=\"color: #0000ff;\"><a style=\"color: #0000ff;\" href=\"https:\/\/monitor.al\/tenderet-app-zyrtaret-e-ngarkuar-me-kete-pergjegjesi-duhet-te-certifikohen-te-hyjne-ne-test\/\">Monitor<\/a><\/span><\/span><\/p>\n","protected":false,"gt_translate_keys":[{"key":"rendered","format":"html"}]},"excerpt":{"rendered":"<p>Agjencia e Prokurimit Publik u ka b\u00ebr\u00eb thirrje institucioneve q\u00eb personat e ngarkuar pran\u00eb tyre me \u00e7\u00ebshtjet e prokurimit publik duhet t\u00eb testohen dhe t\u00eb marrin certifikat\u00ebn p\u00ebr njohurit\u00eb baz\u00eb ose n\u00eb t\u00eb kund\u00ebrt nuk do t\u00eb mund ta ushtrojn\u00eb k\u00ebt\u00eb detyr\u00eb. N\u00eb nj\u00eb njoftim t\u00eb saj APP jep detajet lidhur me p\u00ebrcaktimet ligjore s [&hellip;]<\/p>\n","protected":false,"gt_translate_keys":[{"key":"rendered","format":"html"}]},"author":51,"featured_media":783320,"comment_status":"closed","ping_status":"open","sticky":false,"template":"","format":"standard","meta":{"footnotes":""},"categories":[65],"tags":[],"class_list":["post-783319","post","type-post","status-publish","format-standard","has-post-thumbnail","hentry","category-lajme"],"gt_translate_keys":[{"key":"link","format":"url"}],"_links":{"self":[{"href":"https:\/\/www.hashtag.al\/index.php\/wp-json\/wp\/v2\/posts\/783319","targetHints":{"allow":["GET"]}}],"collection":[{"href":"https:\/\/www.hashtag.al\/index.php\/wp-json\/wp\/v2\/posts"}],"about":[{"href":"https:\/\/www.hashtag.al\/index.php\/wp-json\/wp\/v2\/types\/post"}],"author":[{"embeddable":true,"href":"https:\/\/www.hashtag.al\/index.php\/wp-json\/wp\/v2\/users\/51"}],"replies":[{"embeddable":true,"href":"https:\/\/www.hashtag.al\/index.php\/wp-json\/wp\/v2\/comments?post=783319"}],"version-history":[{"count":99999,"href":"https:\/\/www.hashtag.al\/index.php\/wp-json\/wp\/v2\/posts\/783319\/revisions"}],"predecessor-version":[{"id":783321,"href":"https:\/\/www.hashtag.al\/index.php\/wp-json\/wp\/v2\/posts\/783319\/revisions\/783321"}],"wp:featuredmedia":[{"embeddable":true,"href":"https:\/\/www.hashtag.al\/index.php\/wp-json\/wp\/v2\/media\/783320"}],"wp:attachment":[{"href":"https:\/\/www.hashtag.al\/index.php\/wp-json\/wp\/v2\/media?parent=783319"}],"wp:term":[{"taxonomy":"category","embeddable":true,"href":"https:\/\/www.hashtag.al\/index.php\/wp-json\/wp\/v2\/categories?post=783319"},{"taxonomy":"post_tag","embeddable":true,"href":"https:\/\/www.hashtag.al\/index.php\/wp-json\/wp\/v2\/tags?post=783319"}],"curies":[{"name":"wp","href":"https:\/\/api.w.org\/{rel}","templated":true}]}}