{"id":783284,"date":"2026-01-26T18:35:26","date_gmt":"2026-01-26T17:35:26","guid":{"rendered":"https:\/\/www.hashtag.al\/?p=783284"},"modified":"2026-01-26T18:35:26","modified_gmt":"2026-01-26T17:35:26","slug":"vucic-shba-paraqiti-nje-kerkese-politike-dhe-nje-te-lidhur-me-energjine-per-te-nisur-dialogun-strategjik","status":"publish","type":"post","link":"https:\/\/www.hashtag.al\/index.php\/2026\/01\/26\/vucic-shba-paraqiti-nje-kerkese-politike-dhe-nje-te-lidhur-me-energjine-per-te-nisur-dialogun-strategjik\/","title":{"rendered":"Vu\u00e7i\u00e7: SHBA paraqiti nj\u00eb k\u00ebrkes\u00eb &#8216;politike&#8217; dhe nj\u00eb t\u00eb lidhur me energjin\u00eb p\u00ebr t\u00eb nisur Dialogun Strategjik","gt_translate_keys":[{"key":"rendered","format":"text"}]},"content":{"rendered":"<p><span style=\"color: #000000;\"><img loading=\"lazy\" decoding=\"async\" class=\"alignnone size-full wp-image-764400\" src=\"https:\/\/www.hashtag.al\/wp-content\/uploads\/2025\/10\/vucic.jpg\" alt=\"\" width=\"768\" height=\"432\" srcset=\"https:\/\/www.hashtag.al\/wp-content\/uploads\/2025\/10\/vucic.jpg 768w, https:\/\/www.hashtag.al\/wp-content\/uploads\/2025\/10\/vucic-300x169.jpg 300w\" sizes=\"auto, (max-width: 768px) 100vw, 768px\" \/><\/span><\/p>\n<p><span style=\"color: #000000;\">Presidenti i Serbis\u00eb, Aleksandar Vu\u00e7i\u00e7 ka th\u00ebn\u00eb t\u00eb h\u00ebn\u00ebn se nj\u00ebra k\u00ebrkes\u00eb zyrtare p\u00ebr nisje t\u00eb Dialogut Strategjik me Shtetet e Bashkuara lidhet me energjin\u00eb, nd\u00ebrsa tjetra \u00ebsht\u00eb politike.<\/span><\/p>\n<p><span style=\"color: #000000;\"><em>\u201cNj\u00ebra k\u00ebrkes\u00eb \u00ebsht\u00eb e lidhur me energjin\u00eb, tjetra ka natyr\u00eb m\u00eb politike\u201d,<\/em> ka th\u00ebn\u00eb Vu\u00e7i\u00e7 m\u00eb 26 janar p\u00ebr televizionin Blic, me seli n\u00eb Beograd.<\/span><\/p>\n<p><span style=\"color: #000000;\">Ai nuk ka dh\u00ebn\u00eb m\u00eb shum\u00eb holl\u00ebsi p\u00ebr k\u00ebrkesat. Presidenti serb i ka p\u00ebrmendur fillimisht k\u00ebrkesat pes\u00eb dit\u00eb m\u00eb par\u00eb, pas nj\u00eb takimi q\u00eb ka zhvilluar me Sekretarin amerikan t\u00eb Shtetit, Marco Rubio.<\/span><\/p>\n<p><span style=\"color: #000000;\">Sipas tij, Serbis\u00eb i jan\u00eb b\u00ebr\u00eb dy k\u00ebrkesa zyrtare p\u00ebr ta nisur Dialogun Strategjik me\u00a0<a style=\"color: #000000;\" href=\"https:\/\/shqiptarja.com\/tag\/151\">SHBA<\/a>-n\u00eb. Prej at\u00ebher\u00eb, as Beogradi dhe as Uashingtoni nuk jan\u00eb deklaruar m\u00eb tep\u00ebr n\u00eb k\u00ebt\u00eb drejtim.<\/span><\/p>\n<p><span style=\"color: #000000;\">Presidenca dhe Qeveria e Serbis\u00eb, ashtu sikurse Departamenti amerikan i Shtetit, nuk u jan\u00eb p\u00ebrgjigjur k\u00ebrkesave t\u00eb Radios Evropa e Lir\u00eb p\u00ebr t\u00eb kuptuar m\u00eb shum\u00eb.<\/span><\/p>\n<p><span style=\"color: #000000;\">Presidenti i Serbis\u00eb, Aleksandar Vu\u00e7i\u00e7, dhe sekretari amerikan i Shtetit, Marco Rubio. Nju Jork, 23 shtator 2025.<\/span><\/p>\n<p><span style=\"color: #000000;\">Dialogu Strategjik, t\u00eb cilin Shtetet e Bashkuara e zhvillojn\u00eb me disa shtete n\u00eb bot\u00eb synon thellimin e bashk\u00ebpunimit mes dy vendeve dhe mbulon nj\u00eb mori fushash \u2013 nga ekonomia deri te siguria dhe politika e jashtme.<\/span><\/p>\n<p><span style=\"color: #000000;\">Uashingtoni e konsideron luftimin e ndikimit kinez dhe rus, si nj\u00ebrin prej interesave kryesore n\u00eb rajonin e Ballkanit Per\u00ebndimor.<\/span><\/p>\n<p><span style=\"color: #000000;\">Vu\u00e7iq ka th\u00ebn\u00eb se k\u00ebrkesat nuk jan\u00eb diskutuar n\u00eb nj\u00eb takim t\u00eb jasht\u00ebzakonsh\u00ebm t\u00eb Qeveris\u00eb Serbe m\u00eb 25 janar. Sipas tij, p\u00ebr k\u00ebrkesat do t\u00eb diskutohet n\u00eb dit\u00ebt n\u00eb vijim.<\/span><\/p>\n<p><span style=\"color: #000000;\">Ulja e var\u00ebsis\u00eb s\u00eb Ballkanit nga energjia ruse ka qen\u00eb nj\u00ebra prej synimeve t\u00eb p\u00ebrmendura edhe n\u00eb Aktin e Autorizimit t\u00eb Mbrojtjes Komb\u00ebtare t\u00eb SHBA-s\u00eb, t\u00eb miratuar n\u00eb dhjetor t\u00eb vitit t\u00eb kaluar.<\/span><\/p>\n<p><span style=\"color: #000000;\">N\u00eb t\u00eb nj\u00ebjt\u00ebn ligj p\u00ebrmendet q\u00eb duhet zvog\u00ebluar edhe ndikimi kinez.<\/span><\/p>\n<p><span style=\"color: #000000;\">Shtetet e Bashkuara e shohin me shum\u00eb r\u00ebnd\u00ebsi edhe p\u00ebrparimin n\u00eb dialogun mes Kosov\u00ebs dhe Serbis\u00eb, t\u00eb nd\u00ebrmjet\u00ebsuar nga Bashkimi Evropian.<\/span><\/p>\n<p><span style=\"color: #000000;\">Aty p\u00ebrmendet q\u00eb SHBA-ja do ta p\u00ebrkrah\u00eb procesin drejt arritjes s\u00eb nj\u00eb marr\u00ebveshjeje p\u00ebrfundimtare, t\u00eb bazuar n\u00eb njohjen reciproke.<\/span><\/p>\n<p><span style=\"color: #000000;\">Sa i p\u00ebrket Dialogut Strategjik mes SHBA-s\u00eb dhe Serbis\u00eb, p\u00ebr t\u00eb fillimisht \u00ebsht\u00eb folur n\u00eb gusht t\u00eb vitit 2025, mir\u00ebpo ai nuk ka nisur ende.<\/span><\/p>\n<p><span style=\"color: #000000;\">Dialogu Strategjik ishte planifikuar t\u00eb niste edhe mes Kosov\u00ebs dhe SHBA-s\u00eb, mir\u00ebpo autoritetet amerikane e pezulluan at\u00eb n\u00eb shtator t\u00eb vitit t\u00eb kaluar p\u00ebr nj\u00eb koh\u00eb t\u00eb pacaktuar, p\u00ebr shkak t\u00eb shqet\u00ebsimeve lidhur me veprimet e Qeveris\u00eb n\u00eb detyr\u00eb.<\/span><\/p>\n<p><span style=\"color: #000000;\">Dialogu ishte planifikuar p\u00ebr t&#8217;i forcuar lidhjet ekonomike dhe diplomatike. E ngarkuara me pun\u00eb n\u00eb Ambasad\u00ebn amerikane n\u00eb Prishtin\u00eb, Anu Prattipati me kryeministrin n\u00eb detyr\u00eb t\u00eb Kosov\u00ebs, Albin Kurti. Fotografi nga arkivi.<\/span><\/p>\n<p>&nbsp;<\/p>\n<p><span style=\"color: #000000;\"><strong>Vu\u00e7i\u00e7: Aksionet ruse n\u00eb NIS prekin vler\u00ebn e 1 miliard eurove<\/strong><\/span><\/p>\n<p><span style=\"color: #000000;\">Presidenti i Serbis\u00eb ka th\u00ebn\u00eb se aksionet ruse n\u00eb Industrin\u00eb e Naft\u00ebs s\u00eb Serbis\u00eb (NIS) t\u00eb cilat pritet t\u00eb blihen nga kompania hungareze MOL, kapin vler\u00ebn e 900 milion\u00eb \u2013 1 miliard eurove.<\/span><\/p>\n<p><span style=\"color: #000000;\">Ai ka th\u00ebn\u00eb se Serbia ka qen\u00eb e gatshme t\u00eb paguaj\u00eb dyfishin e asaj shume.<\/span><\/p>\n<p><span style=\"color: #000000;\"><em>\u201cI kemi pasur parat\u00eb gati, t\u00eb paguajm\u00eb dy miliard\u00eb euro. T\u00eb paguajm\u00eb edhe m\u00eb shum\u00eb sesa aq\u201d,<\/em> ka p\u00ebrs\u00ebritur Vu\u00e7i\u00e7 p\u00ebr Blic.<\/span><\/p>\n<p><span style=\"color: #000000;\">Industria e Naft\u00ebs e Serbis\u00eb \u00ebsht\u00eb n\u00ebn sanksione amerikane prej fillimit t\u00eb vitit 2025 p\u00ebr shkak se nj\u00eb num\u00ebr i madh i aksioneve jan\u00eb n\u00eb duart ruse.<\/span><\/p>\n<p><span style=\"color: #000000;\">Autoritetet n\u00eb Beograd m\u00ebtojn\u00eb ta ndryshojn\u00eb k\u00ebt\u00eb situat\u00eb, pas arritjes s\u00eb nj\u00eb marr\u00ebveshjeje p\u00ebr shitjen e aksioneve ruse t\u00eb NIS-it te MOL-i hungarez.<\/span><\/p>\n<p><span style=\"color: #000000;\">Vu\u00e7i\u00e7 ka th\u00ebn\u00eb se ai leht\u00ebsisht ia sqaron vetes pse aksionet ruse n\u00eb NIS nuk i jan\u00eb ofruar Serbis\u00eb, mir\u00ebpo nuk d\u00ebshiron t\u00eb flas\u00eb publikisht, sepse nuk d\u00ebshiron t\u2019i rrezikoj\u00eb interesat e shtetit.<\/span><\/p>\n<p><span style=\"color: #000000;\"><em>\u201cP\u00ebr mua, arsyet jan\u00eb t\u00eb qarta, t\u00eb kuptueshme, mir\u00ebpo a jan\u00eb t\u00eb pranueshme, ajo \u00ebsht\u00eb pun\u00eb tjet\u00ebr\u201d,<\/em> ka th\u00ebn\u00eb ai.<\/span><\/p>\n<p><span style=\"color: #000000;\">I pyetur se \u00e7far\u00eb marr\u00ebdh\u00ebniesh ka tani Serbia me Rusin\u00eb, Vu\u00e7iq ka th\u00ebn\u00eb se ato jan\u00eb \u201ct\u00eb mira.<\/span><\/p>\n<p><span style=\"color: #000000;\">Serbia vazhdon t\u00eb ket\u00eb bashk\u00ebpunim t\u00eb ngusht\u00eb me Rusin\u00eb, pavar\u00ebsisht thirrjeve t\u00eb Per\u00ebndimit p\u00ebr t\u00eb vendosur sanksione ndaj Kremlinit p\u00ebr nisjen e luft\u00ebs n\u00eb Ukrain\u00eb.<strong><a style=\"color: #000000;\" href=\"https:\/\/www.evropaelire.org\/a\/vuciq-shba-dialogu-strategjik\/33660229.html\">\/<span style=\"color: #0000ff;\">REL<\/span><\/a><\/strong><\/span><\/p>\n","protected":false,"gt_translate_keys":[{"key":"rendered","format":"html"}]},"excerpt":{"rendered":"<p>Presidenti i Serbis\u00eb, Aleksandar Vu\u00e7i\u00e7 ka th\u00ebn\u00eb t\u00eb h\u00ebn\u00ebn se nj\u00ebra k\u00ebrkes\u00eb zyrtare p\u00ebr nisje t\u00eb Dialogut Strategjik me Shtetet e Bashkuara lidhet me energjin\u00eb, nd\u00ebrsa tjetra \u00ebsht\u00eb politike. \u201cNj\u00ebra k\u00ebrkes\u00eb \u00ebsht\u00eb e lidhur me energjin\u00eb, tjetra ka natyr\u00eb m\u00eb politike\u201d, ka th\u00ebn\u00eb Vu\u00e7i\u00e7 m\u00eb 26 janar p\u00ebr televizionin Blic, me seli n\u00eb Beograd. Ai [&hellip;]<\/p>\n","protected":false,"gt_translate_keys":[{"key":"rendered","format":"html"}]},"author":32,"featured_media":764400,"comment_status":"closed","ping_status":"open","sticky":false,"template":"","format":"standard","meta":{"footnotes":""},"categories":[149],"tags":[],"class_list":["post-783284","post","type-post","status-publish","format-standard","has-post-thumbnail","hentry","category-kosoverajon"],"gt_translate_keys":[{"key":"link","format":"url"}],"_links":{"self":[{"href":"https:\/\/www.hashtag.al\/index.php\/wp-json\/wp\/v2\/posts\/783284","targetHints":{"allow":["GET"]}}],"collection":[{"href":"https:\/\/www.hashtag.al\/index.php\/wp-json\/wp\/v2\/posts"}],"about":[{"href":"https:\/\/www.hashtag.al\/index.php\/wp-json\/wp\/v2\/types\/post"}],"author":[{"embeddable":true,"href":"https:\/\/www.hashtag.al\/index.php\/wp-json\/wp\/v2\/users\/32"}],"replies":[{"embeddable":true,"href":"https:\/\/www.hashtag.al\/index.php\/wp-json\/wp\/v2\/comments?post=783284"}],"version-history":[{"count":99999,"href":"https:\/\/www.hashtag.al\/index.php\/wp-json\/wp\/v2\/posts\/783284\/revisions"}],"predecessor-version":[{"id":783285,"href":"https:\/\/www.hashtag.al\/index.php\/wp-json\/wp\/v2\/posts\/783284\/revisions\/783285"}],"wp:featuredmedia":[{"embeddable":true,"href":"https:\/\/www.hashtag.al\/index.php\/wp-json\/wp\/v2\/media\/764400"}],"wp:attachment":[{"href":"https:\/\/www.hashtag.al\/index.php\/wp-json\/wp\/v2\/media?parent=783284"}],"wp:term":[{"taxonomy":"category","embeddable":true,"href":"https:\/\/www.hashtag.al\/index.php\/wp-json\/wp\/v2\/categories?post=783284"},{"taxonomy":"post_tag","embeddable":true,"href":"https:\/\/www.hashtag.al\/index.php\/wp-json\/wp\/v2\/tags?post=783284"}],"curies":[{"name":"wp","href":"https:\/\/api.w.org\/{rel}","templated":true}]}}