{"id":783282,"date":"2026-01-26T18:05:32","date_gmt":"2026-01-26T17:05:32","guid":{"rendered":"https:\/\/www.hashtag.al\/?p=783282"},"modified":"2026-01-26T18:05:32","modified_gmt":"2026-01-26T17:05:32","slug":"gjirokaster-dyshohet-se-abuzoi-seksualisht-me-vajzen-e-bashkejetueses-arrestohet-39-vjecari","status":"publish","type":"post","link":"https:\/\/www.hashtag.al\/index.php\/2026\/01\/26\/gjirokaster-dyshohet-se-abuzoi-seksualisht-me-vajzen-e-bashkejetueses-arrestohet-39-vjecari\/","title":{"rendered":"Gjirokast\u00ebr\/ Dyshohet se abuzoi seksualisht me vajz\u00ebn e bashk\u00ebjetueses, arrestohet 39-vje\u00e7ari","gt_translate_keys":[{"key":"rendered","format":"text"}]},"content":{"rendered":"<p><span style=\"color: #000000;\"><img loading=\"lazy\" decoding=\"async\" class=\"alignnone size-full wp-image-779348\" src=\"https:\/\/www.hashtag.al\/wp-content\/uploads\/2025\/12\/auto_policia1-1-770x4331767086922-1.jpg\" alt=\"\" width=\"900\" height=\"506\" srcset=\"https:\/\/www.hashtag.al\/wp-content\/uploads\/2025\/12\/auto_policia1-1-770x4331767086922-1.jpg 900w, https:\/\/www.hashtag.al\/wp-content\/uploads\/2025\/12\/auto_policia1-1-770x4331767086922-1-300x169.jpg 300w, https:\/\/www.hashtag.al\/wp-content\/uploads\/2025\/12\/auto_policia1-1-770x4331767086922-1-768x432.jpg 768w\" sizes=\"auto, (max-width: 900px) 100vw, 900px\" \/><\/span><\/p>\n<p><span style=\"color: #000000;\">Policia e Gjirokastr\u00ebs ka arrestuar nj\u00eb 39-vje\u00e7ar nga Dibra, Klement Kursa, i cili jetonte n\u00eb Gjirokast\u00ebr, n\u00ebn dyshimin se ka abuzuar seksualisht me nj\u00eb 12-vje\u00e7are.<\/span><\/p>\n<p><span style=\"color: #000000;\">Sipas informacioneve q\u00eb p\u00ebrcjell p\u00ebr BalkanWeb, Enver Do\u00e7i, m\u00ebsohet se e mitura \u00ebsht\u00eb vajza e bashk\u00ebjetueses s\u00eb 39- vje\u00e7arit n\u00eb Gjirokast\u00ebr.<\/span><\/p>\n<p><span style=\"color: #000000;\">Zbulimi i k\u00ebsaj ngjarjeje u b\u00eb nga ana e Policis\u00eb s\u00eb Gjirokastr\u00ebs p\u00ebrmes metodave hulumtuese nd\u00ebrkoh\u00eb q\u00eb deri m\u00eb tani nuk ka nj denoncim konkret nga ana e 12 vjecares apo dhe e t\u00eb \u00ebm\u00ebs.<\/span><\/p>\n<p><span style=\"color: #000000;\">N\u00eb Drejtorin\u00eb Vendore t\u00eb Policis\u00eb Gjirokast\u00ebr po kryhen veprimet procedurale p\u00ebr nj\u00eb ngjarje t\u00eb r\u00ebnd\u00eb.<\/span><\/p>\n<p><span style=\"color: #000000;\">Klement Kursa ishte arrestuar pes\u00eb dit\u00eb m\u00eb par\u00eb gjat\u00eb nj\u00eb aksioni blic nga Policia e Dibr\u00ebs dhe ajo e Gjirokastr\u00ebs, pasi s\u00eb bashku me v\u00ebllan\u00eb e tij binjak dyshohet se jan\u00eb autor\u00eb t\u00eb nj\u00eb vrasjeje t\u00eb ndodhur n\u00eb Dib\u00ebr n\u00eb vitin 2018.<\/span><\/p>\n<p><span style=\"color: #000000;\">Gjat\u00eb aksionit policor t\u00eb zhvilluar m\u00eb 18 janar n\u00eb Gjirokast\u00ebr dhe Dib\u00ebr, gjat\u00eb kontrollit t\u00eb ushtruar n\u00eb banes\u00ebn e binjak\u00ebve dibran\u00eb n\u00eb Gjirokast\u00ebr, u gjet\u00ebn dhe u sekuestruan 3 arm\u00eb zjarri (2 kallashnikov\u00eb dhe 1 pushk\u00eb), 1 arm\u00eb e ftoht\u00eb (thik\u00eb), 3 kreh\u00ebra, municion luftarak, 1 mask\u00eb dhe 3 aparate celular\u00eb.<\/span><\/p>\n<p><span style=\"color: #000000;\">Gjykata e Gjirokastr\u00ebs e la t\u00eb lir\u00eb Klement Kurs\u00ebn n\u00eb seanc\u00ebn e vler\u00ebsimit t\u00eb mas\u00ebs s\u00eb arrestit. Nd\u00ebrkoh\u00eb, dit\u00ebn e sotme ai \u00ebsht\u00eb arrestuar s\u00ebrish, n\u00ebn dyshimin p\u00ebr abuzim ndaj vajz\u00ebs s\u00eb mitur t\u00eb bashk\u00ebjetueses s\u00eb tij.<\/span><\/p>\n<p><span style=\"color: #000000;\">Sipas dyshimeve, Klement Kursa dhe v\u00ebllai i tij binjak jan\u00eb larguar nga Dibra p\u00ebr shkak t\u00eb nj\u00eb hasm\u00ebrie gjaku dhe jan\u00eb strehuar n\u00eb qytetin e Gjirokastr\u00ebs.<\/span><\/p>\n","protected":false,"gt_translate_keys":[{"key":"rendered","format":"html"}]},"excerpt":{"rendered":"<p>Policia e Gjirokastr\u00ebs ka arrestuar nj\u00eb 39-vje\u00e7ar nga Dibra, Klement Kursa, i cili jetonte n\u00eb Gjirokast\u00ebr, n\u00ebn dyshimin se ka abuzuar seksualisht me nj\u00eb 12-vje\u00e7are. Sipas informacioneve q\u00eb p\u00ebrcjell p\u00ebr BalkanWeb, Enver Do\u00e7i, m\u00ebsohet se e mitura \u00ebsht\u00eb vajza e bashk\u00ebjetueses s\u00eb 39- vje\u00e7arit n\u00eb Gjirokast\u00ebr. Zbulimi i k\u00ebsaj ngjarjeje u b\u00eb nga ana e [&hellip;]<\/p>\n","protected":false,"gt_translate_keys":[{"key":"rendered","format":"html"}]},"author":32,"featured_media":779348,"comment_status":"closed","ping_status":"open","sticky":false,"template":"","format":"standard","meta":{"footnotes":""},"categories":[65],"tags":[],"class_list":["post-783282","post","type-post","status-publish","format-standard","has-post-thumbnail","hentry","category-lajme"],"gt_translate_keys":[{"key":"link","format":"url"}],"_links":{"self":[{"href":"https:\/\/www.hashtag.al\/index.php\/wp-json\/wp\/v2\/posts\/783282","targetHints":{"allow":["GET"]}}],"collection":[{"href":"https:\/\/www.hashtag.al\/index.php\/wp-json\/wp\/v2\/posts"}],"about":[{"href":"https:\/\/www.hashtag.al\/index.php\/wp-json\/wp\/v2\/types\/post"}],"author":[{"embeddable":true,"href":"https:\/\/www.hashtag.al\/index.php\/wp-json\/wp\/v2\/users\/32"}],"replies":[{"embeddable":true,"href":"https:\/\/www.hashtag.al\/index.php\/wp-json\/wp\/v2\/comments?post=783282"}],"version-history":[{"count":99999,"href":"https:\/\/www.hashtag.al\/index.php\/wp-json\/wp\/v2\/posts\/783282\/revisions"}],"predecessor-version":[{"id":783283,"href":"https:\/\/www.hashtag.al\/index.php\/wp-json\/wp\/v2\/posts\/783282\/revisions\/783283"}],"wp:featuredmedia":[{"embeddable":true,"href":"https:\/\/www.hashtag.al\/index.php\/wp-json\/wp\/v2\/media\/779348"}],"wp:attachment":[{"href":"https:\/\/www.hashtag.al\/index.php\/wp-json\/wp\/v2\/media?parent=783282"}],"wp:term":[{"taxonomy":"category","embeddable":true,"href":"https:\/\/www.hashtag.al\/index.php\/wp-json\/wp\/v2\/categories?post=783282"},{"taxonomy":"post_tag","embeddable":true,"href":"https:\/\/www.hashtag.al\/index.php\/wp-json\/wp\/v2\/tags?post=783282"}],"curies":[{"name":"wp","href":"https:\/\/api.w.org\/{rel}","templated":true}]}}