{"id":783222,"date":"2026-01-26T10:45:58","date_gmt":"2026-01-26T09:45:58","guid":{"rendered":"https:\/\/www.hashtag.al\/?p=783222"},"modified":"2026-01-26T10:45:58","modified_gmt":"2026-01-26T09:45:58","slug":"babai-plagos-me-thike-vajzen-e-tij-dhe-nje-kalimtar-ne-durres","status":"publish","type":"post","link":"https:\/\/www.hashtag.al\/index.php\/2026\/01\/26\/babai-plagos-me-thike-vajzen-e-tij-dhe-nje-kalimtar-ne-durres\/","title":{"rendered":"Babai plagos me thik\u00eb vajz\u00ebn e tij dhe nj\u00eb kalimtar n\u00eb Durr\u00ebs","gt_translate_keys":[{"key":"rendered","format":"text"}]},"content":{"rendered":"<p data-start=\"136\" data-end=\"301\"><span style=\"color: #000000;\"><img loading=\"lazy\" decoding=\"async\" class=\"aligncenter size-full wp-image-768123\" src=\"https:\/\/www.hashtag.al\/wp-content\/uploads\/2025\/10\/policia-durres.png\" alt=\"\" width=\"1001\" height=\"591\" srcset=\"https:\/\/www.hashtag.al\/wp-content\/uploads\/2025\/10\/policia-durres.png 1001w, https:\/\/www.hashtag.al\/wp-content\/uploads\/2025\/10\/policia-durres-300x177.png 300w, https:\/\/www.hashtag.al\/wp-content\/uploads\/2025\/10\/policia-durres-768x453.png 768w\" sizes=\"auto, (max-width: 1001px) 100vw, 1001px\" \/><\/span><\/p>\n<p data-start=\"136\" data-end=\"301\"><span style=\"color: #000000;\">Nj\u00eb ngjarje e r\u00ebnd\u00eb \u00ebsht\u00eb regjistruar paraditen e sotme n\u00eb lagjen nr. 12 t\u00eb qytetit t\u00eb Durr\u00ebsit, ku nj\u00eb 56-vje\u00e7ar ka plagosur me mjet prer\u00ebs vajz\u00ebn e tij 24-vje\u00e7are.<\/span><\/p>\n<p data-start=\"303\" data-end=\"431\"><span style=\"color: #000000;\">Sipas policis\u00eb, i plagosur ka mbetur edhe nj\u00eb kalimtar i rastit, i cili ka nd\u00ebrhyr\u00eb p\u00ebr t\u00eb ndihmuar vajz\u00ebn n\u00eb momentin e sulmit.<\/span><\/p>\n<p><span style=\"color: #000000;\"><strong>Njoftimi i policis\u00eb<\/strong><\/span><\/p>\n<p><span style=\"color: #000000;\">Durr\u00ebs\u00a0\/ Informacion paraprak<\/span><\/p>\n<p><span style=\"color: #000000;\">M\u00eb dat\u00eb 26.01.2026, rreth or\u00ebs 10:03, shtetasi M. N., 56 vje\u00e7, n\u00eb rrethana ende t\u00eb paqarta, ka plagosur n\u00eb rrug\u00eb me mjet prer\u00ebs (thik\u00eb) vajz\u00ebn e tij, shtetasen Xh. N., 24 vje\u00e7e, banuese n\u00eb lagjen nr. 12, Durr\u00ebs.<\/span><\/p>\n<p><span style=\"color: #000000;\">I plagosur ka mbetur edhe shtetasi O. M., kalimtar i rastit, i cili ka nd\u00ebrhyr\u00eb n\u00eb momentin q\u00eb babai ka plagosur vajz\u00ebn me mjet prer\u00ebs (thik\u00eb).<\/span><\/p>\n<p><span style=\"color: #000000;\">T\u00eb d\u00ebmtuarit ndodhen n\u00eb Spitalin Rajonal Durr\u00ebs, n\u00ebn kujdesin e mjek\u00ebve, jasht\u00eb rrezikut p\u00ebr jet\u00ebn.<\/span><\/p>\n<p><span style=\"color: #000000;\">Punohet p\u00ebr sqarimin e rrethanave t\u00eb ngjarjes, identifikimin dhe kapjen e autorit.<\/span><\/p>\n<p><span style=\"color: #000000;\">Nd\u00ebrkoh\u00eb, sh\u00ebrbimet e Policis\u00eb po vijojn\u00eb pun\u00ebn p\u00ebr kapjen e 56-vje\u00e7arit.<\/span><\/p>\n","protected":false,"gt_translate_keys":[{"key":"rendered","format":"html"}]},"excerpt":{"rendered":"<p>Nj\u00eb ngjarje e r\u00ebnd\u00eb \u00ebsht\u00eb regjistruar paraditen e sotme n\u00eb lagjen nr. 12 t\u00eb qytetit t\u00eb Durr\u00ebsit, ku nj\u00eb 56-vje\u00e7ar ka plagosur me mjet prer\u00ebs vajz\u00ebn e tij 24-vje\u00e7are. Sipas policis\u00eb, i plagosur ka mbetur edhe nj\u00eb kalimtar i rastit, i cili ka nd\u00ebrhyr\u00eb p\u00ebr t\u00eb ndihmuar vajz\u00ebn n\u00eb momentin e sulmit. Njoftimi i policis\u00eb [&hellip;]<\/p>\n","protected":false,"gt_translate_keys":[{"key":"rendered","format":"html"}]},"author":49,"featured_media":768123,"comment_status":"closed","ping_status":"open","sticky":false,"template":"","format":"standard","meta":{"footnotes":""},"categories":[65],"tags":[],"class_list":["post-783222","post","type-post","status-publish","format-standard","has-post-thumbnail","hentry","category-lajme"],"gt_translate_keys":[{"key":"link","format":"url"}],"_links":{"self":[{"href":"https:\/\/www.hashtag.al\/index.php\/wp-json\/wp\/v2\/posts\/783222","targetHints":{"allow":["GET"]}}],"collection":[{"href":"https:\/\/www.hashtag.al\/index.php\/wp-json\/wp\/v2\/posts"}],"about":[{"href":"https:\/\/www.hashtag.al\/index.php\/wp-json\/wp\/v2\/types\/post"}],"author":[{"embeddable":true,"href":"https:\/\/www.hashtag.al\/index.php\/wp-json\/wp\/v2\/users\/49"}],"replies":[{"embeddable":true,"href":"https:\/\/www.hashtag.al\/index.php\/wp-json\/wp\/v2\/comments?post=783222"}],"version-history":[{"count":99999,"href":"https:\/\/www.hashtag.al\/index.php\/wp-json\/wp\/v2\/posts\/783222\/revisions"}],"predecessor-version":[{"id":783225,"href":"https:\/\/www.hashtag.al\/index.php\/wp-json\/wp\/v2\/posts\/783222\/revisions\/783225"}],"wp:featuredmedia":[{"embeddable":true,"href":"https:\/\/www.hashtag.al\/index.php\/wp-json\/wp\/v2\/media\/768123"}],"wp:attachment":[{"href":"https:\/\/www.hashtag.al\/index.php\/wp-json\/wp\/v2\/media?parent=783222"}],"wp:term":[{"taxonomy":"category","embeddable":true,"href":"https:\/\/www.hashtag.al\/index.php\/wp-json\/wp\/v2\/categories?post=783222"},{"taxonomy":"post_tag","embeddable":true,"href":"https:\/\/www.hashtag.al\/index.php\/wp-json\/wp\/v2\/tags?post=783222"}],"curies":[{"name":"wp","href":"https:\/\/api.w.org\/{rel}","templated":true}]}}