{"id":783163,"date":"2026-01-25T22:39:58","date_gmt":"2026-01-25T21:39:58","guid":{"rendered":"https:\/\/www.hashtag.al\/?p=783163"},"modified":"2026-01-25T22:39:58","modified_gmt":"2026-01-25T21:39:58","slug":"trump-e-kercenoi-me-tarifa-kryeministri-i-kanadase-skemi-plane-per-marreveshje-tregtie-me-kinen","status":"publish","type":"post","link":"https:\/\/www.hashtag.al\/index.php\/2026\/01\/25\/trump-e-kercenoi-me-tarifa-kryeministri-i-kanadase-skemi-plane-per-marreveshje-tregtie-me-kinen\/","title":{"rendered":"Trump e k\u00ebrc\u00ebnoi me tarifa, kryeministri i Kanadas\u00eb: S\u2019kemi plane p\u00ebr marr\u00ebveshje tregtie me Kin\u00ebn","gt_translate_keys":[{"key":"rendered","format":"text"}]},"content":{"rendered":"<p><img loading=\"lazy\" decoding=\"async\" class=\"aligncenter size-full wp-image-783164\" src=\"https:\/\/www.hashtag.al\/wp-content\/uploads\/2026\/01\/download-ezgif.com-webp-to-jpg-converter.jpg\" alt=\"\" width=\"980\" height=\"653\" srcset=\"https:\/\/www.hashtag.al\/wp-content\/uploads\/2026\/01\/download-ezgif.com-webp-to-jpg-converter.jpg 980w, https:\/\/www.hashtag.al\/wp-content\/uploads\/2026\/01\/download-ezgif.com-webp-to-jpg-converter-300x200.jpg 300w, https:\/\/www.hashtag.al\/wp-content\/uploads\/2026\/01\/download-ezgif.com-webp-to-jpg-converter-768x512.jpg 768w\" sizes=\"auto, (max-width: 980px) 100vw, 980px\" \/><\/p>\n<p><span style=\"color: #000000;\">Kryeministri kanadez Mark Carney deklaroi t\u00eb diel\u00ebn se Kanadaja nuk ka plane p\u00ebr t\u00eb n\u00ebnshkruar nj\u00eb marr\u00ebveshje t\u00eb tregtis\u00eb s\u00eb lir\u00eb me Kin\u00ebn, duke iu p\u00ebrgjigjur k\u00ebrc\u00ebnimit t\u00eb Presidentit amerikan Donald Trump p\u00ebr vendosjen e nj\u00eb tarife 100% mbi importet kanadeze n\u00ebse Otava do t\u00eb vazhdonte me nj\u00eb marr\u00ebveshje t\u00eb till\u00eb me Pekinin.<\/span><\/p>\n<p><span style=\"color: #000000;\"> Carney sqaroi se angazhimi i fundit me Kin\u00ebn nuk p\u00ebrb\u00ebn nj\u00eb marr\u00ebveshje tregtie t\u00eb lir\u00eb, por thjesht parashikon ulje tarifash n\u00eb disa sektor\u00eb t\u00eb prekur rishtazi nga masa nd\u00ebshkuese, nd\u00ebrsa Trump pretendoi t\u00eb kund\u00ebrt\u00ebn n\u00eb nj\u00eb postim ku akuzoi Kin\u00ebn se po merr \u201ckontroll t\u00eb plot\u00eb\u201d mbi Kanadan\u00eb. <\/span><\/p>\n<p><span style=\"color: #000000;\">Kryeministri theksoi se sipas marr\u00ebveshjes tregtare mes SHBA-s\u00eb, Kanadas\u00eb dhe Meksik\u00ebs (USMCA), vendi i tij ka detyrimin t\u00eb mos ndjek\u00eb marr\u00ebveshje t\u00eb tregtis\u00eb s\u00eb lir\u00eb me ekonomi jo-tregu pa njoftim paraprak, duke shtuar se \u201cKanadaja nuk ka nd\u00ebrmend ta b\u00ebj\u00eb k\u00ebt\u00eb me Kin\u00ebn apo me ndonj\u00eb ekonomi tjet\u00ebr jo-tregu\u201d. <\/span><\/p>\n<p><span style=\"color: #000000;\">N\u00eb vitin 2024, Otava ndoqi linj\u00ebn e Uashingtonit duke vendosur tarifa 100% mbi automjetet elektrike kineze dhe 25% mbi \u00e7elikun dhe aluminin, masa q\u00eb u pasuan nga kund\u00ebrtarifa t\u00eb ashpra nga Pekini ndaj vajit t\u00eb kanol\u00ebs, mishit t\u00eb derrit dhe produkteve t\u00eb detit kanadeze.<\/span><\/p>\n<p><span style=\"color: #000000;\"> Megjithat\u00eb, gjat\u00eb nj\u00eb vizite t\u00eb fundit n\u00eb Kin\u00eb, Carney u shk\u00ebput nga kjo linj\u00eb duke ulur tarif\u00ebn p\u00ebr automjetet elektrike kineze n\u00eb k\u00ebmbim t\u00eb leht\u00ebsimeve p\u00ebr eksportet kanadeze, duke vendosur nj\u00eb kuot\u00eb fillestare prej 49,000 automjetesh n\u00eb vit me nj\u00eb tarif\u00eb 6.1%, q\u00eb pritet t\u00eb rritet gradualisht n\u00eb rreth 70,000 brenda pes\u00eb viteve, shkruan <span style=\"color: #0000ff;\"><a style=\"color: #0000ff;\" href=\"https:\/\/apnews.com\/article\/carney-trump-trade-canada-united-states-china-11175a5c513730d8a894bdabe70b8c01\">AP<\/a><\/span>.<\/span><\/p>\n<p><span style=\"color: #000000;\">Ai theksoi se kjo p\u00ebrfaq\u00ebson rreth 3% t\u00eb tregut vjetor prej 1.8 milion\u00eb automjetesh n\u00eb Kanada dhe se, n\u00eb k\u00ebmbim, Kina pritet t\u00eb nis\u00eb investime n\u00eb industrin\u00eb kanadeze t\u00eb automjeteve brenda tre viteve, nd\u00ebrsa Trump shp\u00ebrndau nj\u00eb video ku p\u00ebrfaq\u00ebsues t\u00eb industris\u00eb paralajm\u00ebronin se sektori kanadez i automjeteve nuk mund t\u00eb mbijetoj\u00eb pa qasje n\u00eb tregun amerikan.<\/span><\/p>\n","protected":false,"gt_translate_keys":[{"key":"rendered","format":"html"}]},"excerpt":{"rendered":"<p>Kryeministri kanadez Mark Carney deklaroi t\u00eb diel\u00ebn se Kanadaja nuk ka plane p\u00ebr t\u00eb n\u00ebnshkruar nj\u00eb marr\u00ebveshje t\u00eb tregtis\u00eb s\u00eb lir\u00eb me Kin\u00ebn, duke iu p\u00ebrgjigjur k\u00ebrc\u00ebnimit t\u00eb Presidentit amerikan Donald Trump p\u00ebr vendosjen e nj\u00eb tarife 100% mbi importet kanadeze n\u00ebse Otava do t\u00eb vazhdonte me nj\u00eb marr\u00ebveshje t\u00eb till\u00eb me Pekinin. Carney sqaroi [&hellip;]<\/p>\n","protected":false,"gt_translate_keys":[{"key":"rendered","format":"html"}]},"author":51,"featured_media":783164,"comment_status":"closed","ping_status":"open","sticky":false,"template":"","format":"standard","meta":{"footnotes":""},"categories":[53],"tags":[],"class_list":["post-783163","post","type-post","status-publish","format-standard","has-post-thumbnail","hentry","category-fast-foodi"],"gt_translate_keys":[{"key":"link","format":"url"}],"_links":{"self":[{"href":"https:\/\/www.hashtag.al\/index.php\/wp-json\/wp\/v2\/posts\/783163","targetHints":{"allow":["GET"]}}],"collection":[{"href":"https:\/\/www.hashtag.al\/index.php\/wp-json\/wp\/v2\/posts"}],"about":[{"href":"https:\/\/www.hashtag.al\/index.php\/wp-json\/wp\/v2\/types\/post"}],"author":[{"embeddable":true,"href":"https:\/\/www.hashtag.al\/index.php\/wp-json\/wp\/v2\/users\/51"}],"replies":[{"embeddable":true,"href":"https:\/\/www.hashtag.al\/index.php\/wp-json\/wp\/v2\/comments?post=783163"}],"version-history":[{"count":99999,"href":"https:\/\/www.hashtag.al\/index.php\/wp-json\/wp\/v2\/posts\/783163\/revisions"}],"predecessor-version":[{"id":783165,"href":"https:\/\/www.hashtag.al\/index.php\/wp-json\/wp\/v2\/posts\/783163\/revisions\/783165"}],"wp:featuredmedia":[{"embeddable":true,"href":"https:\/\/www.hashtag.al\/index.php\/wp-json\/wp\/v2\/media\/783164"}],"wp:attachment":[{"href":"https:\/\/www.hashtag.al\/index.php\/wp-json\/wp\/v2\/media?parent=783163"}],"wp:term":[{"taxonomy":"category","embeddable":true,"href":"https:\/\/www.hashtag.al\/index.php\/wp-json\/wp\/v2\/categories?post=783163"},{"taxonomy":"post_tag","embeddable":true,"href":"https:\/\/www.hashtag.al\/index.php\/wp-json\/wp\/v2\/tags?post=783163"}],"curies":[{"name":"wp","href":"https:\/\/api.w.org\/{rel}","templated":true}]}}