{"id":783150,"date":"2026-01-25T22:05:47","date_gmt":"2026-01-25T21:05:47","guid":{"rendered":"https:\/\/www.hashtag.al\/?p=783150"},"modified":"2026-01-25T22:05:47","modified_gmt":"2026-01-25T21:05:47","slug":"rama-vizite-ne-izrael-viziton-vendin-e-masakres-se-7-tetorit-2023","status":"publish","type":"post","link":"https:\/\/www.hashtag.al\/index.php\/2026\/01\/25\/rama-vizite-ne-izrael-viziton-vendin-e-masakres-se-7-tetorit-2023\/","title":{"rendered":"Rama vizit\u00eb n\u00eb Izrael, viziton vendin e masakr\u00ebs s\u00eb 7 tetorit 2023","gt_translate_keys":[{"key":"rendered","format":"text"}]},"content":{"rendered":"<p><img loading=\"lazy\" decoding=\"async\" class=\"aligncenter size-full wp-image-783151\" src=\"https:\/\/www.hashtag.al\/wp-content\/uploads\/2026\/01\/1769374697_z9.jpg\" alt=\"\" width=\"780\" height=\"440\" srcset=\"https:\/\/www.hashtag.al\/wp-content\/uploads\/2026\/01\/1769374697_z9.jpg 780w, https:\/\/www.hashtag.al\/wp-content\/uploads\/2026\/01\/1769374697_z9-300x169.jpg 300w, https:\/\/www.hashtag.al\/wp-content\/uploads\/2026\/01\/1769374697_z9-768x433.jpg 768w\" sizes=\"auto, (max-width: 780px) 100vw, 780px\" \/><\/p>\n<p><span style=\"color: #000000;\">Kryeministri Rama ndodhet n\u00eb Izrael n\u00eb nj\u00eb vizit\u00eb pune n\u00eb datat 25-27 janar.<\/span><\/p>\n<p><span style=\"color: #000000;\">Ai do marr\u00eb pjes\u00eb n\u00eb Konferenc\u00ebn Nd\u00ebrkomb\u00ebtare p\u00ebr Luft\u00ebn kund\u00ebr Antisemitizmit. <\/span><\/p>\n<p><span style=\"color: #000000;\">Sot kreu i qeveris\u00eb publikoi n\u00eb rrjetet sociale foto nga vizita n\u00eb memorialin e viktimave t\u00eb Festivalit Nova, nj\u00eb monument q\u00eb p\u00ebrkujton viktimat e masakr\u00ebs s\u00eb festivalit muzikor gjat\u00eb sulmeve t\u00eb Hamasit m\u00eb 7 tetori 2023.<\/span><\/p>\n<p><span style=\"color: #000000;\"><em>\u201cNova Site, Izrael. Stacioni i par\u00eb n\u00eb Izrael &#8211; nj\u00eb vend q\u00eb kumbon pa fjal\u00eb. Mes humbjeve rr\u00ebqeth\u00ebse, nj\u00eb pyll festash i kthyer n\u00eb nj\u00eb tempull reflektimi p\u00ebr jet\u00ebn, urrejtjen dhe \u00e7mimin e paqes\u201d<\/em>, shkruan Rama.<\/span><\/p>\n<p><img loading=\"lazy\" decoding=\"async\" class=\"aligncenter size-full wp-image-783152\" src=\"https:\/\/www.hashtag.al\/wp-content\/uploads\/2026\/01\/619625638_1444071330421857_6066062687197909676_n.jpg\" alt=\"\" width=\"2048\" height=\"1366\" srcset=\"https:\/\/www.hashtag.al\/wp-content\/uploads\/2026\/01\/619625638_1444071330421857_6066062687197909676_n.jpg 2048w, https:\/\/www.hashtag.al\/wp-content\/uploads\/2026\/01\/619625638_1444071330421857_6066062687197909676_n-300x200.jpg 300w, https:\/\/www.hashtag.al\/wp-content\/uploads\/2026\/01\/619625638_1444071330421857_6066062687197909676_n-1024x683.jpg 1024w, https:\/\/www.hashtag.al\/wp-content\/uploads\/2026\/01\/619625638_1444071330421857_6066062687197909676_n-768x512.jpg 768w, https:\/\/www.hashtag.al\/wp-content\/uploads\/2026\/01\/619625638_1444071330421857_6066062687197909676_n-1536x1025.jpg 1536w\" sizes=\"auto, (max-width: 2048px) 100vw, 2048px\" \/><img loading=\"lazy\" decoding=\"async\" class=\"aligncenter size-full wp-image-783153\" src=\"https:\/\/www.hashtag.al\/wp-content\/uploads\/2026\/01\/618134042_1444071227088534_6477336846279397085_n.jpg\" alt=\"\" width=\"2048\" height=\"1366\" srcset=\"https:\/\/www.hashtag.al\/wp-content\/uploads\/2026\/01\/618134042_1444071227088534_6477336846279397085_n.jpg 2048w, https:\/\/www.hashtag.al\/wp-content\/uploads\/2026\/01\/618134042_1444071227088534_6477336846279397085_n-300x200.jpg 300w, https:\/\/www.hashtag.al\/wp-content\/uploads\/2026\/01\/618134042_1444071227088534_6477336846279397085_n-1024x683.jpg 1024w, https:\/\/www.hashtag.al\/wp-content\/uploads\/2026\/01\/618134042_1444071227088534_6477336846279397085_n-768x512.jpg 768w, https:\/\/www.hashtag.al\/wp-content\/uploads\/2026\/01\/618134042_1444071227088534_6477336846279397085_n-1536x1025.jpg 1536w\" sizes=\"auto, (max-width: 2048px) 100vw, 2048px\" \/><img loading=\"lazy\" decoding=\"async\" class=\"aligncenter size-full wp-image-783154\" src=\"https:\/\/www.hashtag.al\/wp-content\/uploads\/2026\/01\/618249902_1444071247088532_7782158289078763108_n.jpg\" alt=\"\" width=\"2048\" height=\"1366\" srcset=\"https:\/\/www.hashtag.al\/wp-content\/uploads\/2026\/01\/618249902_1444071247088532_7782158289078763108_n.jpg 2048w, https:\/\/www.hashtag.al\/wp-content\/uploads\/2026\/01\/618249902_1444071247088532_7782158289078763108_n-300x200.jpg 300w, https:\/\/www.hashtag.al\/wp-content\/uploads\/2026\/01\/618249902_1444071247088532_7782158289078763108_n-1024x683.jpg 1024w, https:\/\/www.hashtag.al\/wp-content\/uploads\/2026\/01\/618249902_1444071247088532_7782158289078763108_n-768x512.jpg 768w, https:\/\/www.hashtag.al\/wp-content\/uploads\/2026\/01\/618249902_1444071247088532_7782158289078763108_n-1536x1025.jpg 1536w\" sizes=\"auto, (max-width: 2048px) 100vw, 2048px\" \/><img loading=\"lazy\" decoding=\"async\" class=\"aligncenter size-full wp-image-783155\" src=\"https:\/\/www.hashtag.al\/wp-content\/uploads\/2026\/01\/621937604_1444071367088520_7670445641302401721_n.jpg\" alt=\"\" width=\"2048\" height=\"1366\" srcset=\"https:\/\/www.hashtag.al\/wp-content\/uploads\/2026\/01\/621937604_1444071367088520_7670445641302401721_n.jpg 2048w, https:\/\/www.hashtag.al\/wp-content\/uploads\/2026\/01\/621937604_1444071367088520_7670445641302401721_n-300x200.jpg 300w, https:\/\/www.hashtag.al\/wp-content\/uploads\/2026\/01\/621937604_1444071367088520_7670445641302401721_n-1024x683.jpg 1024w, https:\/\/www.hashtag.al\/wp-content\/uploads\/2026\/01\/621937604_1444071367088520_7670445641302401721_n-768x512.jpg 768w, https:\/\/www.hashtag.al\/wp-content\/uploads\/2026\/01\/621937604_1444071367088520_7670445641302401721_n-1536x1025.jpg 1536w\" sizes=\"auto, (max-width: 2048px) 100vw, 2048px\" \/><img loading=\"lazy\" decoding=\"async\" class=\"aligncenter size-full wp-image-783156\" src=\"https:\/\/www.hashtag.al\/wp-content\/uploads\/2026\/01\/618850352_1444071083755215_2323143756160525434_n.jpg\" alt=\"\" width=\"2048\" height=\"1366\" srcset=\"https:\/\/www.hashtag.al\/wp-content\/uploads\/2026\/01\/618850352_1444071083755215_2323143756160525434_n.jpg 2048w, https:\/\/www.hashtag.al\/wp-content\/uploads\/2026\/01\/618850352_1444071083755215_2323143756160525434_n-300x200.jpg 300w, https:\/\/www.hashtag.al\/wp-content\/uploads\/2026\/01\/618850352_1444071083755215_2323143756160525434_n-1024x683.jpg 1024w, https:\/\/www.hashtag.al\/wp-content\/uploads\/2026\/01\/618850352_1444071083755215_2323143756160525434_n-768x512.jpg 768w, https:\/\/www.hashtag.al\/wp-content\/uploads\/2026\/01\/618850352_1444071083755215_2323143756160525434_n-1536x1025.jpg 1536w\" sizes=\"auto, (max-width: 2048px) 100vw, 2048px\" \/><img loading=\"lazy\" decoding=\"async\" class=\"aligncenter size-full wp-image-783157\" src=\"https:\/\/www.hashtag.al\/wp-content\/uploads\/2026\/01\/619289944_1444071073755216_1834838153406381250_n.jpg\" alt=\"\" width=\"2048\" height=\"1366\" srcset=\"https:\/\/www.hashtag.al\/wp-content\/uploads\/2026\/01\/619289944_1444071073755216_1834838153406381250_n.jpg 2048w, https:\/\/www.hashtag.al\/wp-content\/uploads\/2026\/01\/619289944_1444071073755216_1834838153406381250_n-300x200.jpg 300w, https:\/\/www.hashtag.al\/wp-content\/uploads\/2026\/01\/619289944_1444071073755216_1834838153406381250_n-1024x683.jpg 1024w, https:\/\/www.hashtag.al\/wp-content\/uploads\/2026\/01\/619289944_1444071073755216_1834838153406381250_n-768x512.jpg 768w, https:\/\/www.hashtag.al\/wp-content\/uploads\/2026\/01\/619289944_1444071073755216_1834838153406381250_n-1536x1025.jpg 1536w\" sizes=\"auto, (max-width: 2048px) 100vw, 2048px\" \/><\/p>\n","protected":false,"gt_translate_keys":[{"key":"rendered","format":"html"}]},"excerpt":{"rendered":"<p>Kryeministri Rama ndodhet n\u00eb Izrael n\u00eb nj\u00eb vizit\u00eb pune n\u00eb datat 25-27 janar. Ai do marr\u00eb pjes\u00eb n\u00eb Konferenc\u00ebn Nd\u00ebrkomb\u00ebtare p\u00ebr Luft\u00ebn kund\u00ebr Antisemitizmit. Sot kreu i qeveris\u00eb publikoi n\u00eb rrjetet sociale foto nga vizita n\u00eb memorialin e viktimave t\u00eb Festivalit Nova, nj\u00eb monument q\u00eb p\u00ebrkujton viktimat e masakr\u00ebs s\u00eb festivalit muzikor gjat\u00eb sulmeve t\u00eb [&hellip;]<\/p>\n","protected":false,"gt_translate_keys":[{"key":"rendered","format":"html"}]},"author":51,"featured_media":783156,"comment_status":"closed","ping_status":"open","sticky":false,"template":"","format":"standard","meta":{"footnotes":""},"categories":[65],"tags":[],"class_list":["post-783150","post","type-post","status-publish","format-standard","has-post-thumbnail","hentry","category-lajme"],"gt_translate_keys":[{"key":"link","format":"url"}],"_links":{"self":[{"href":"https:\/\/www.hashtag.al\/index.php\/wp-json\/wp\/v2\/posts\/783150","targetHints":{"allow":["GET"]}}],"collection":[{"href":"https:\/\/www.hashtag.al\/index.php\/wp-json\/wp\/v2\/posts"}],"about":[{"href":"https:\/\/www.hashtag.al\/index.php\/wp-json\/wp\/v2\/types\/post"}],"author":[{"embeddable":true,"href":"https:\/\/www.hashtag.al\/index.php\/wp-json\/wp\/v2\/users\/51"}],"replies":[{"embeddable":true,"href":"https:\/\/www.hashtag.al\/index.php\/wp-json\/wp\/v2\/comments?post=783150"}],"version-history":[{"count":99999,"href":"https:\/\/www.hashtag.al\/index.php\/wp-json\/wp\/v2\/posts\/783150\/revisions"}],"predecessor-version":[{"id":783158,"href":"https:\/\/www.hashtag.al\/index.php\/wp-json\/wp\/v2\/posts\/783150\/revisions\/783158"}],"wp:featuredmedia":[{"embeddable":true,"href":"https:\/\/www.hashtag.al\/index.php\/wp-json\/wp\/v2\/media\/783156"}],"wp:attachment":[{"href":"https:\/\/www.hashtag.al\/index.php\/wp-json\/wp\/v2\/media?parent=783150"}],"wp:term":[{"taxonomy":"category","embeddable":true,"href":"https:\/\/www.hashtag.al\/index.php\/wp-json\/wp\/v2\/categories?post=783150"},{"taxonomy":"post_tag","embeddable":true,"href":"https:\/\/www.hashtag.al\/index.php\/wp-json\/wp\/v2\/tags?post=783150"}],"curies":[{"name":"wp","href":"https:\/\/api.w.org\/{rel}","templated":true}]}}