{"id":782911,"date":"2026-01-24T11:58:22","date_gmt":"2026-01-24T10:58:22","guid":{"rendered":"https:\/\/www.hashtag.al\/?p=782911"},"modified":"2026-01-24T11:58:22","modified_gmt":"2026-01-24T10:58:22","slug":"arrestohet-53-vjecari-qe-dhunonte-dhe-kercenonte-bashkeshorten-ne-tepelene","status":"publish","type":"post","link":"https:\/\/www.hashtag.al\/index.php\/2026\/01\/24\/arrestohet-53-vjecari-qe-dhunonte-dhe-kercenonte-bashkeshorten-ne-tepelene\/","title":{"rendered":"Arrestohet 53-vje\u00e7ari q\u00eb dhunonte dhe k\u00ebrc\u00ebnonte bashk\u00ebshorten n\u00eb Tepelen\u00eb","gt_translate_keys":[{"key":"rendered","format":"text"}]},"content":{"rendered":"<p data-start=\"138\" data-end=\"338\"><img loading=\"lazy\" decoding=\"async\" class=\"aligncenter size-full wp-image-769426\" src=\"https:\/\/www.hashtag.al\/wp-content\/uploads\/2025\/11\/policia-korce-maliq-1-768x432-1.jpg\" alt=\"\" width=\"768\" height=\"432\" srcset=\"https:\/\/www.hashtag.al\/wp-content\/uploads\/2025\/11\/policia-korce-maliq-1-768x432-1.jpg 768w, https:\/\/www.hashtag.al\/wp-content\/uploads\/2025\/11\/policia-korce-maliq-1-768x432-1-300x169.jpg 300w\" sizes=\"auto, (max-width: 768px) 100vw, 768px\" \/><\/p>\n<p data-start=\"138\" data-end=\"338\"><span style=\"color: #000000;\">Policia ka parandaluar nj\u00eb ngjarje t\u00eb mundshme kriminale n\u00eb familje n\u00eb fshatin Lul\u00ebzim, Memaliaj. Nj\u00eb 53-vje\u00e7ar u arrestua n\u00eb flagranc\u00eb pasi ushtronte dhun\u00eb ndaj bashk\u00ebshortes dhe e kanoste me vdekje.<\/span><\/p>\n<p data-start=\"340\" data-end=\"449\"><span style=\"color: #000000;\">Gjat\u00eb kontrollit n\u00eb banes\u00ebn e tij, policia gjeti dhe sekuestroi nj\u00eb arm\u00eb zjarri pistolet\u00eb si prov\u00eb materiale.<\/span><\/p>\n<p><span style=\"color: #000000;\"><strong>Njoftim:<\/strong><\/span><\/p>\n<p><span style=\"color: #000000;\">Tepelen\u00eb<\/span><\/p>\n<p><span style=\"color: #000000;\">Si rezultat i nd\u00ebrhyrjes n\u00eb koh\u00eb dhe i veprimeve profesionale t\u00eb sh\u00ebrbimeve t\u00eb Policis\u00eb parandalohet nj\u00eb ngjarje e mundshme kriminale n\u00eb familje, n\u00eb fshatin Lul\u00ebzim, Memaliaj.<\/span><\/p>\n<p><span style=\"color: #000000;\">Ushtronte dhun\u00eb ndaj bashk\u00ebshortes s\u00eb tij dhe e kanoste at\u00eb, se do ta vriste, arrestohet n\u00eb flagranc\u00eb 53-vje\u00e7ari.<\/span><\/p>\n<p><span style=\"color: #000000;\">Sekuestrohet 1 arm\u00eb zjarri pistolet\u00eb, q\u00eb u gjet\u00eb gjat\u00eb kontrollit n\u00eb banes\u00ebn e 53-vje\u00e7arit.<\/span><\/p>\n<p><span style=\"color: #000000;\">Sh\u00ebrbimet e Stacionit t\u00eb Policis\u00eb Memaliaj, n\u00eb Komisariatin e Policis\u00eb Tepelen\u00eb, pas njoftimit se nj\u00eb shtetas kishte dhunuar bashk\u00ebshorten e tij dhe e kishte kanosur at\u00eb, se do ta vriste, kan\u00eb organizuar menj\u00ebher\u00eb pun\u00ebn p\u00ebr parandalimin e ngjarjes s\u00eb mundshme kriminale.<\/span><\/p>\n<p><span style=\"color: #000000;\">Si rezultat i nd\u00ebrhyrjes s\u00eb shpejt\u00eb dhe profesionale t\u00eb sh\u00ebrbimeve t\u00eb Policis\u00eb, \u00ebsht\u00eb b\u00ebr\u00eb neutralizimi dhe arrestimi n\u00eb flagranc\u00eb i shtetasit L. D., 53 vje\u00e7, banues n\u00eb fshatin Lul\u00ebzim, Memaliaj.<\/span><\/p>\n<p><span style=\"color: #000000;\">Gjat\u00eb kontrollit n\u00eb banes\u00ebn e 53-vje\u00e7arit, sh\u00ebrbimet e Policis\u00eb gjet\u00ebn dhe sekuestruan nj\u00eb arm\u00eb zjarri pistolet\u00eb, e cila u sekuestrua n\u00eb cil\u00ebsin\u00eb e prov\u00ebs materiale.<\/span><\/p>\n<p><span style=\"color: #000000;\">Materialet procedurale iu referuan Prokuroris\u00eb pran\u00eb Gjykat\u00ebs s\u00eb Shkall\u00ebs s\u00eb Par\u00eb t\u00eb Juridiksionit t\u00eb P\u00ebrgjithsh\u00ebm Gjirokast\u00ebr, p\u00ebr veprime t\u00eb m\u00ebtejshme.<\/span><\/p>\n","protected":false,"gt_translate_keys":[{"key":"rendered","format":"html"}]},"excerpt":{"rendered":"<p>Policia ka parandaluar nj\u00eb ngjarje t\u00eb mundshme kriminale n\u00eb familje n\u00eb fshatin Lul\u00ebzim, Memaliaj. Nj\u00eb 53-vje\u00e7ar u arrestua n\u00eb flagranc\u00eb pasi ushtronte dhun\u00eb ndaj bashk\u00ebshortes dhe e kanoste me vdekje. Gjat\u00eb kontrollit n\u00eb banes\u00ebn e tij, policia gjeti dhe sekuestroi nj\u00eb arm\u00eb zjarri pistolet\u00eb si prov\u00eb materiale. Njoftim: Tepelen\u00eb Si rezultat i nd\u00ebrhyrjes n\u00eb koh\u00eb [&hellip;]<\/p>\n","protected":false,"gt_translate_keys":[{"key":"rendered","format":"html"}]},"author":49,"featured_media":769426,"comment_status":"closed","ping_status":"open","sticky":false,"template":"","format":"standard","meta":{"footnotes":""},"categories":[65],"tags":[],"class_list":["post-782911","post","type-post","status-publish","format-standard","has-post-thumbnail","hentry","category-lajme"],"gt_translate_keys":[{"key":"link","format":"url"}],"_links":{"self":[{"href":"https:\/\/www.hashtag.al\/index.php\/wp-json\/wp\/v2\/posts\/782911","targetHints":{"allow":["GET"]}}],"collection":[{"href":"https:\/\/www.hashtag.al\/index.php\/wp-json\/wp\/v2\/posts"}],"about":[{"href":"https:\/\/www.hashtag.al\/index.php\/wp-json\/wp\/v2\/types\/post"}],"author":[{"embeddable":true,"href":"https:\/\/www.hashtag.al\/index.php\/wp-json\/wp\/v2\/users\/49"}],"replies":[{"embeddable":true,"href":"https:\/\/www.hashtag.al\/index.php\/wp-json\/wp\/v2\/comments?post=782911"}],"version-history":[{"count":99999,"href":"https:\/\/www.hashtag.al\/index.php\/wp-json\/wp\/v2\/posts\/782911\/revisions"}],"predecessor-version":[{"id":782912,"href":"https:\/\/www.hashtag.al\/index.php\/wp-json\/wp\/v2\/posts\/782911\/revisions\/782912"}],"wp:featuredmedia":[{"embeddable":true,"href":"https:\/\/www.hashtag.al\/index.php\/wp-json\/wp\/v2\/media\/769426"}],"wp:attachment":[{"href":"https:\/\/www.hashtag.al\/index.php\/wp-json\/wp\/v2\/media?parent=782911"}],"wp:term":[{"taxonomy":"category","embeddable":true,"href":"https:\/\/www.hashtag.al\/index.php\/wp-json\/wp\/v2\/categories?post=782911"},{"taxonomy":"post_tag","embeddable":true,"href":"https:\/\/www.hashtag.al\/index.php\/wp-json\/wp\/v2\/tags?post=782911"}],"curies":[{"name":"wp","href":"https:\/\/api.w.org\/{rel}","templated":true}]}}