{"id":782579,"date":"2026-01-22T12:00:31","date_gmt":"2026-01-22T11:00:31","guid":{"rendered":"https:\/\/www.hashtag.al\/?p=782579"},"modified":"2026-01-22T12:00:31","modified_gmt":"2026-01-22T11:00:31","slug":"komisioni-i-posacem-per-reformen-territoriale-ndryshon-rregullat-e-funksionimit","status":"publish","type":"post","link":"https:\/\/www.hashtag.al\/index.php\/2026\/01\/22\/komisioni-i-posacem-per-reformen-territoriale-ndryshon-rregullat-e-funksionimit\/","title":{"rendered":"Komisioni i Posa\u00e7\u00ebm p\u00ebr Reform\u00ebn Territoriale ndryshon rregullat e funksionimit","gt_translate_keys":[{"key":"rendered","format":"text"}]},"content":{"rendered":"<p data-start=\"87\" data-end=\"372\"><span style=\"color: #000000;\"><img loading=\"lazy\" decoding=\"async\" class=\"size-full wp-image-782580 aligncenter\" src=\"https:\/\/www.hashtag.al\/wp-content\/uploads\/2026\/01\/IMG_5560.jpeg\" alt=\"\" width=\"1280\" height=\"853\" srcset=\"https:\/\/www.hashtag.al\/wp-content\/uploads\/2026\/01\/IMG_5560.jpeg 1280w, https:\/\/www.hashtag.al\/wp-content\/uploads\/2026\/01\/IMG_5560-300x200.jpeg 300w, https:\/\/www.hashtag.al\/wp-content\/uploads\/2026\/01\/IMG_5560-1024x682.jpeg 1024w, https:\/\/www.hashtag.al\/wp-content\/uploads\/2026\/01\/IMG_5560-768x512.jpeg 768w\" sizes=\"auto, (max-width: 1280px) 100vw, 1280px\" \/><br \/>\nKomisioni i Posa\u00e7\u00ebm p\u00ebr Reform\u00ebn Territoriale ka vendosur t\u00eb propozoj\u00eb n\u00eb seanc\u00ebn plenare ndryshimin e projektvendimit mbi m\u00ebnyr\u00ebn e funksionimit t\u00eb tij. Sipas propozimit t\u00eb maxhoranc\u00ebs, hiqet pariteti i numrave n\u00eb p\u00ebrfaq\u00ebsimin politik dhe e drejta e vetos p\u00ebr an\u00ebtar\u00ebt e komisionit.<\/span><\/p>\n<p data-start=\"374\" data-end=\"497\"><span style=\"color: #000000;\">Ky ndryshim synon t\u00eb zhbllokoj\u00eb veprimtarin\u00eb e komisionit, e cila kishte mbetur pezull p\u00ebr shkak t\u00eb bojkotit t\u00eb opozit\u00ebs.<\/span><\/p>\n<p data-start=\"499\" data-end=\"766\"><span style=\"color: #000000;\">Maxhoranca ka sqaruar se vendimmarrja \u00ebsht\u00eb nj\u00eb vijim i propozimeve t\u00eb prezantuara m\u00eb par\u00eb nga kryeministri n\u00eb mbledhjen e zgjeruar t\u00eb grupit parlamentar t\u00eb PS-s\u00eb, dhe deputet\u00ebt e saj po zbatojn\u00eb k\u00ebt\u00eb strategji p\u00ebr t\u00eb ndryshuar funksionimin e komisionit bipartizan.<\/span><\/p>\n<p data-start=\"768\" data-end=\"959\" data-is-last-node=\"\" data-is-only-node=\"\"><span style=\"color: #000000;\">Kjo mas\u00eb pritet t\u00eb ket\u00eb ndikim t\u00eb drejtp\u00ebrdrejt\u00eb n\u00eb ritmin e diskutimeve p\u00ebr reform\u00ebn territoriale, duke i dh\u00ebn\u00eb maxhoranc\u00ebs m\u00eb shum\u00eb fleksibilitet n\u00eb miratimin e vendimeve brenda komisionit.<\/span><\/p>\n","protected":false,"gt_translate_keys":[{"key":"rendered","format":"html"}]},"excerpt":{"rendered":"<p>Komisioni i Posa\u00e7\u00ebm p\u00ebr Reform\u00ebn Territoriale ka vendosur t\u00eb propozoj\u00eb n\u00eb seanc\u00ebn plenare ndryshimin e projektvendimit mbi m\u00ebnyr\u00ebn e funksionimit t\u00eb tij. Sipas propozimit t\u00eb maxhoranc\u00ebs, hiqet pariteti i numrave n\u00eb p\u00ebrfaq\u00ebsimin politik dhe e drejta e vetos p\u00ebr an\u00ebtar\u00ebt e komisionit. Ky ndryshim synon t\u00eb zhbllokoj\u00eb veprimtarin\u00eb e komisionit, e cila kishte mbetur pezull [&hellip;]<\/p>\n","protected":false,"gt_translate_keys":[{"key":"rendered","format":"html"}]},"author":32,"featured_media":782580,"comment_status":"closed","ping_status":"open","sticky":false,"template":"","format":"standard","meta":{"footnotes":""},"categories":[65],"tags":[],"class_list":["post-782579","post","type-post","status-publish","format-standard","has-post-thumbnail","hentry","category-lajme"],"gt_translate_keys":[{"key":"link","format":"url"}],"_links":{"self":[{"href":"https:\/\/www.hashtag.al\/index.php\/wp-json\/wp\/v2\/posts\/782579","targetHints":{"allow":["GET"]}}],"collection":[{"href":"https:\/\/www.hashtag.al\/index.php\/wp-json\/wp\/v2\/posts"}],"about":[{"href":"https:\/\/www.hashtag.al\/index.php\/wp-json\/wp\/v2\/types\/post"}],"author":[{"embeddable":true,"href":"https:\/\/www.hashtag.al\/index.php\/wp-json\/wp\/v2\/users\/32"}],"replies":[{"embeddable":true,"href":"https:\/\/www.hashtag.al\/index.php\/wp-json\/wp\/v2\/comments?post=782579"}],"version-history":[{"count":99999,"href":"https:\/\/www.hashtag.al\/index.php\/wp-json\/wp\/v2\/posts\/782579\/revisions"}],"predecessor-version":[{"id":782581,"href":"https:\/\/www.hashtag.al\/index.php\/wp-json\/wp\/v2\/posts\/782579\/revisions\/782581"}],"wp:featuredmedia":[{"embeddable":true,"href":"https:\/\/www.hashtag.al\/index.php\/wp-json\/wp\/v2\/media\/782580"}],"wp:attachment":[{"href":"https:\/\/www.hashtag.al\/index.php\/wp-json\/wp\/v2\/media?parent=782579"}],"wp:term":[{"taxonomy":"category","embeddable":true,"href":"https:\/\/www.hashtag.al\/index.php\/wp-json\/wp\/v2\/categories?post=782579"},{"taxonomy":"post_tag","embeddable":true,"href":"https:\/\/www.hashtag.al\/index.php\/wp-json\/wp\/v2\/tags?post=782579"}],"curies":[{"name":"wp","href":"https:\/\/api.w.org\/{rel}","templated":true}]}}