{"id":782135,"date":"2026-01-19T20:52:39","date_gmt":"2026-01-19T19:52:39","guid":{"rendered":"https:\/\/www.hashtag.al\/?p=782135"},"modified":"2026-01-19T20:52:39","modified_gmt":"2026-01-19T19:52:39","slug":"protesta-e-24-janarit-me-e-madhja-qe-ka-pare-tirana-berisha","status":"publish","type":"post","link":"https:\/\/www.hashtag.al\/index.php\/2026\/01\/19\/protesta-e-24-janarit-me-e-madhja-qe-ka-pare-tirana-berisha\/","title":{"rendered":"\u201cProtesta e 24 janarit m\u00eb e madhja q\u00eb ka par\u00eb Tirana\u201d &#8211; Berisha","gt_translate_keys":[{"key":"rendered","format":"text"}]},"content":{"rendered":"<p><img loading=\"lazy\" decoding=\"async\" class=\"aligncenter size-full wp-image-782136\" src=\"https:\/\/www.hashtag.al\/wp-content\/uploads\/2026\/01\/berisha2.jpeg\" alt=\"\" width=\"1280\" height=\"853\" srcset=\"https:\/\/www.hashtag.al\/wp-content\/uploads\/2026\/01\/berisha2.jpeg 1280w, https:\/\/www.hashtag.al\/wp-content\/uploads\/2026\/01\/berisha2-300x200.jpeg 300w, https:\/\/www.hashtag.al\/wp-content\/uploads\/2026\/01\/berisha2-1024x682.jpeg 1024w, https:\/\/www.hashtag.al\/wp-content\/uploads\/2026\/01\/berisha2-768x512.jpeg 768w\" sizes=\"auto, (max-width: 1280px) 100vw, 1280px\" \/><\/p>\n<p><span style=\"color: #000000;\">Kreu i PD-s\u00eb Berisha u b\u00ebri thirrje strukturave q\u00eb ta b\u00ebjn\u00eb nat\u00ebn dit\u00eb p\u00ebr t\u00eb ftuar qytetar\u00ebt n\u00eb protest\u00ebn e 24 janarit. <\/span><\/p>\n<p><span style=\"color: #000000;\">N\u00eb foltoren para kryeministris\u00eb, kryedemokrati theksoi se protesta \u00ebsht\u00eb tejet e r\u00ebnd\u00ebsishme p\u00ebr vendin nd\u00ebrsa u shprej I bindur se ajo do jet\u00eb protesta m\u00eb e madhe opozitare qe par\u00eb ndonj\u00ebher\u00eb Tirana.<\/span><\/p>\n<p><span style=\"color: #000000;\"><em>\u201cKy regjim po shp\u00ebrfytyron Shqip\u00ebrin\u00eb dhe shqiptar\u00ebt. Kjo protest\u00eb ka nj\u00eb r\u00ebnd\u00ebsi sepse kjo jav\u00eb \u00ebsht\u00eb p\u00ebrcaktuese p\u00ebr 24 janarin protest\u00ebn m\u00eb t\u00eb fuqishme q\u00eb ka njohur Tirana ndonj\u00ebher\u00eb. Po vijm\u00eb nga parlamenti, ishte provokimi m\u00eb i ul\u00ebt q\u00eb u b\u00ebhej shqiptar\u00ebve, karshi tyre q\u00ebndronte lubi Balluku, hajdutja m\u00eb e madhe q\u00eb kan\u00eb patur shqiptar\u00ebve ndonj\u00ebher\u00eb, e d\u00ebrguar p\u00ebr t\u00eb provokuar shqiptar\u00ebt dhe p\u00ebr t\u2019u th\u00ebn\u00eb se ne u kemi vjedhur dhe do u vjedhim. Secili nga ne k\u00ebt\u00eb jav\u00eb t\u00eb b\u00ebj\u00eb gjithcka, t\u00eb mos i mungoj\u00eb Shqip\u00ebris\u00eb dhe liris\u00eb m\u00eb 24 janar, t\u00eb mos i mungoj\u00eb dinjitetit njer\u00ebzor m\u00eb 24 janar. Mbar\u00eb bota po pret fjal\u00ebn ton\u00eb, z\u00ebrin ton\u00eb, guximin ton\u00eb, veprimin ton\u00eb. Ta b\u00ebjm\u00eb nat\u00ebn dit\u00eb k\u00ebt\u00eb jav\u00eb, t\u00eb trokasim n\u00eb cdo vot\u00ebr dhe n\u00eb cdo der\u00eb, n\u00eb cdo zem\u00ebr n\u00eb Tiran\u00eb e kudo, sheshet dhe rrug\u00ebt e kryeqytetit t\u00eb shnd\u00ebrrohen n\u00eb triumfin e opozit\u00ebs\u201d<\/em>, tha Berisha.<\/span><\/p>\n<p><span style=\"color: #000000;\"><em>\u201cK\u00ebt\u00eb jav\u00eb, n\u00eb tempullin e demokracis\u00eb, komisionin e jasht\u00ebm t\u00eb Kkongresit t\u00eb SHBA, u miratua nj\u00eb dokument themelor, n\u00eb t\u00eb cilin pasqyrohen t\u00eb gjith\u00eb ato p\u00ebr t\u00eb cilat ju protestuat, dhe p\u00ebr t\u00eb cilat do t\u00eb protestoni me 24 janar. N\u00eb k\u00ebt\u00eb dokument nxin p\u00ebr faqen e zez\u00eb t\u00eb tij Edi Rama dhe Lubi Balluku, q\u00eb po bllokon ligjin dhe shtetin ligjor. Protesta dhe vet\u00ebm protesta \u00ebsht\u00eb rruga e mbrojtjes s\u00eb tyre. Por dokumenti, historik do ta quaja un\u00eb dhe \u00ebsht\u00eb i till\u00eb, e quan eksplozive, shp\u00ebrthyese, AKSHI-n e Edi Ram\u00ebs dhe t\u00eb Lindave t\u00eb tij.\u201d<\/em> &#8211; shtoi Berisha.<\/span><\/p>\n","protected":false,"gt_translate_keys":[{"key":"rendered","format":"html"}]},"excerpt":{"rendered":"<p>Kreu i PD-s\u00eb Berisha u b\u00ebri thirrje strukturave q\u00eb ta b\u00ebjn\u00eb nat\u00ebn dit\u00eb p\u00ebr t\u00eb ftuar qytetar\u00ebt n\u00eb protest\u00ebn e 24 janarit. N\u00eb foltoren para kryeministris\u00eb, kryedemokrati theksoi se protesta \u00ebsht\u00eb tejet e r\u00ebnd\u00ebsishme p\u00ebr vendin nd\u00ebrsa u shprej I bindur se ajo do jet\u00eb protesta m\u00eb e madhe opozitare qe par\u00eb ndonj\u00ebher\u00eb Tirana. \u201cKy [&hellip;]<\/p>\n","protected":false,"gt_translate_keys":[{"key":"rendered","format":"html"}]},"author":51,"featured_media":782136,"comment_status":"closed","ping_status":"open","sticky":false,"template":"","format":"standard","meta":{"footnotes":""},"categories":[65],"tags":[],"class_list":["post-782135","post","type-post","status-publish","format-standard","has-post-thumbnail","hentry","category-lajme"],"gt_translate_keys":[{"key":"link","format":"url"}],"_links":{"self":[{"href":"https:\/\/www.hashtag.al\/index.php\/wp-json\/wp\/v2\/posts\/782135","targetHints":{"allow":["GET"]}}],"collection":[{"href":"https:\/\/www.hashtag.al\/index.php\/wp-json\/wp\/v2\/posts"}],"about":[{"href":"https:\/\/www.hashtag.al\/index.php\/wp-json\/wp\/v2\/types\/post"}],"author":[{"embeddable":true,"href":"https:\/\/www.hashtag.al\/index.php\/wp-json\/wp\/v2\/users\/51"}],"replies":[{"embeddable":true,"href":"https:\/\/www.hashtag.al\/index.php\/wp-json\/wp\/v2\/comments?post=782135"}],"version-history":[{"count":99999,"href":"https:\/\/www.hashtag.al\/index.php\/wp-json\/wp\/v2\/posts\/782135\/revisions"}],"predecessor-version":[{"id":782137,"href":"https:\/\/www.hashtag.al\/index.php\/wp-json\/wp\/v2\/posts\/782135\/revisions\/782137"}],"wp:featuredmedia":[{"embeddable":true,"href":"https:\/\/www.hashtag.al\/index.php\/wp-json\/wp\/v2\/media\/782136"}],"wp:attachment":[{"href":"https:\/\/www.hashtag.al\/index.php\/wp-json\/wp\/v2\/media?parent=782135"}],"wp:term":[{"taxonomy":"category","embeddable":true,"href":"https:\/\/www.hashtag.al\/index.php\/wp-json\/wp\/v2\/categories?post=782135"},{"taxonomy":"post_tag","embeddable":true,"href":"https:\/\/www.hashtag.al\/index.php\/wp-json\/wp\/v2\/tags?post=782135"}],"curies":[{"name":"wp","href":"https:\/\/api.w.org\/{rel}","templated":true}]}}