{"id":781510,"date":"2026-01-16T00:18:29","date_gmt":"2026-01-15T23:18:29","guid":{"rendered":"https:\/\/www.hashtag.al\/?p=781510"},"modified":"2026-01-16T00:19:20","modified_gmt":"2026-01-15T23:19:20","slug":"durres-makina-bie-nga-ura-e-dajlanit-humb-jeten-nje-vajze-ne-gjendje-te-rende-shoferi","status":"publish","type":"post","link":"https:\/\/www.hashtag.al\/index.php\/2026\/01\/16\/durres-makina-bie-nga-ura-e-dajlanit-humb-jeten-nje-vajze-ne-gjendje-te-rende-shoferi\/","title":{"rendered":"Durr\u00ebs\/ Makina bie nga Ura e Dajlanit, humb jet\u00ebn nj\u00eb vajz\u00eb, n\u00eb gjendje t\u00eb r\u00ebnd\u00eb shoferi","gt_translate_keys":[{"key":"rendered","format":"text"}]},"content":{"rendered":"<p><img loading=\"lazy\" decoding=\"async\" class=\"aligncenter size-full wp-image-781511\" src=\"https:\/\/www.hashtag.al\/wp-content\/uploads\/2026\/01\/photo-output-11-768x577-1.jpeg\" alt=\"\" width=\"768\" height=\"577\" srcset=\"https:\/\/www.hashtag.al\/wp-content\/uploads\/2026\/01\/photo-output-11-768x577-1.jpeg 768w, https:\/\/www.hashtag.al\/wp-content\/uploads\/2026\/01\/photo-output-11-768x577-1-300x225.jpeg 300w\" sizes=\"auto, (max-width: 768px) 100vw, 768px\" \/><\/p>\n<p><span style=\"color: #000000;\">Nj\u00eb vajz\u00eb ka nd\u00ebrruar jet\u00eb pas nj\u00eb aksidenti n\u00eb Durr\u00ebs. Ngjarja e r\u00ebnd\u00eb ka ndodhur te Ura e Dajlanit ku nj\u00eb makin\u00eb BMW X5 ka dal\u00eb nga rruga dhe ka r\u00ebn\u00eb nga ura rreth 30 metra posht\u00eb.<\/span><\/p>\n<p><span style=\"color: #000000;\">Drejtuesi i makin\u00ebs \u00ebsht\u00eb plagosur r\u00ebnd\u00eb. Identiteti i viktim\u00ebs dhe i t\u00eb plagosurit nuk dihen ende.<\/span><\/p>\n<p><span style=\"color: #000000;\">S\u00eb fundmi n\u00eb nj\u00eb pjes\u00eb t\u00eb mbikalimit t\u00eb Ur\u00ebs s\u00eb Dajlanit jan\u00eb kryer punime n\u00eb nj\u00ebr\u00ebn korsi, duke l\u00ebn\u00eb rrug\u00ebn me vet\u00ebm nj\u00eb korsi.<\/span><\/p>\n","protected":false,"gt_translate_keys":[{"key":"rendered","format":"html"}]},"excerpt":{"rendered":"<p>Nj\u00eb vajz\u00eb ka nd\u00ebrruar jet\u00eb pas nj\u00eb aksidenti n\u00eb Durr\u00ebs. Ngjarja e r\u00ebnd\u00eb ka ndodhur te Ura e Dajlanit ku nj\u00eb makin\u00eb BMW X5 ka dal\u00eb nga rruga dhe ka r\u00ebn\u00eb nga ura rreth 30 metra posht\u00eb. Drejtuesi i makin\u00ebs \u00ebsht\u00eb plagosur r\u00ebnd\u00eb. Identiteti i viktim\u00ebs dhe i t\u00eb plagosurit nuk dihen ende. S\u00eb fundmi [&hellip;]<\/p>\n","protected":false,"gt_translate_keys":[{"key":"rendered","format":"html"}]},"author":51,"featured_media":781511,"comment_status":"closed","ping_status":"open","sticky":false,"template":"","format":"standard","meta":{"footnotes":""},"categories":[65],"tags":[],"class_list":["post-781510","post","type-post","status-publish","format-standard","has-post-thumbnail","hentry","category-lajme"],"gt_translate_keys":[{"key":"link","format":"url"}],"_links":{"self":[{"href":"https:\/\/www.hashtag.al\/index.php\/wp-json\/wp\/v2\/posts\/781510","targetHints":{"allow":["GET"]}}],"collection":[{"href":"https:\/\/www.hashtag.al\/index.php\/wp-json\/wp\/v2\/posts"}],"about":[{"href":"https:\/\/www.hashtag.al\/index.php\/wp-json\/wp\/v2\/types\/post"}],"author":[{"embeddable":true,"href":"https:\/\/www.hashtag.al\/index.php\/wp-json\/wp\/v2\/users\/51"}],"replies":[{"embeddable":true,"href":"https:\/\/www.hashtag.al\/index.php\/wp-json\/wp\/v2\/comments?post=781510"}],"version-history":[{"count":99999,"href":"https:\/\/www.hashtag.al\/index.php\/wp-json\/wp\/v2\/posts\/781510\/revisions"}],"predecessor-version":[{"id":781513,"href":"https:\/\/www.hashtag.al\/index.php\/wp-json\/wp\/v2\/posts\/781510\/revisions\/781513"}],"wp:featuredmedia":[{"embeddable":true,"href":"https:\/\/www.hashtag.al\/index.php\/wp-json\/wp\/v2\/media\/781511"}],"wp:attachment":[{"href":"https:\/\/www.hashtag.al\/index.php\/wp-json\/wp\/v2\/media?parent=781510"}],"wp:term":[{"taxonomy":"category","embeddable":true,"href":"https:\/\/www.hashtag.al\/index.php\/wp-json\/wp\/v2\/categories?post=781510"},{"taxonomy":"post_tag","embeddable":true,"href":"https:\/\/www.hashtag.al\/index.php\/wp-json\/wp\/v2\/tags?post=781510"}],"curies":[{"name":"wp","href":"https:\/\/api.w.org\/{rel}","templated":true}]}}