{"id":781426,"date":"2026-01-15T15:59:07","date_gmt":"2026-01-15T14:59:07","guid":{"rendered":"https:\/\/www.hashtag.al\/?p=781426"},"modified":"2026-01-15T15:59:07","modified_gmt":"2026-01-15T14:59:07","slug":"beqaj-kerkoi-kompjuter-ne-qeli-per-te-lexuar-fashikujt-hetimore-te-sterilizimit-drejtoria-e-burgjeve-nuk-kemi-infrastrukture","status":"publish","type":"post","link":"https:\/\/www.hashtag.al\/index.php\/2026\/01\/15\/beqaj-kerkoi-kompjuter-ne-qeli-per-te-lexuar-fashikujt-hetimore-te-sterilizimit-drejtoria-e-burgjeve-nuk-kemi-infrastrukture\/","title":{"rendered":"Beqaj k\u00ebrkoi kompjuter n\u00eb qeli p\u00ebr t\u00eb lexuar fashikujt hetimor\u00eb t\u00eb \u2018Sterilizimit\u2019, Drejtoria e Burgjeve: Nuk kemi infrastruktur\u00eb","gt_translate_keys":[{"key":"rendered","format":"text"}]},"content":{"rendered":"<p><span style=\"color: #000000;\"><img loading=\"lazy\" decoding=\"async\" class=\"alignnone size-full wp-image-708861\" src=\"https:\/\/www.hashtag.al\/wp-content\/uploads\/2024\/11\/ilir-beqaj-spak.jpg\" alt=\"\" width=\"548\" height=\"336\" srcset=\"https:\/\/www.hashtag.al\/wp-content\/uploads\/2024\/11\/ilir-beqaj-spak.jpg 548w, https:\/\/www.hashtag.al\/wp-content\/uploads\/2024\/11\/ilir-beqaj-spak-300x184.jpg 300w\" sizes=\"auto, (max-width: 548px) 100vw, 548px\" \/><\/span><\/p>\n<p><span style=\"color: #000000;\">Drejtoria e Burgjeve i ka kthyer p\u00ebrgjigje Gjykat\u00ebs s\u00eb Posa\u00e7me, lidhur me k\u00ebrkes\u00ebn e ish ministrit t\u00eb Sh\u00ebndet\u00ebsis\u00eb, Ilir Beqajt, p\u00ebr t\u00eb lexuar fashikujt hetimore p\u00ebr dosjen e sterilizimit, p\u00ebrmes nj\u00eb kompjuteri t\u00eb pa lidhur me internetin. N\u00eb p\u00ebrgjigje, Drejtoria e Burgjeve thot\u00eb se nuk e ka infrastruktur\u00ebn e nevojshme p\u00ebr ta realizuar.<\/span><\/p>\n<p><span style=\"color: #000000;\">N\u00eb seanc\u00ebn e sotme, Beqaj u shpreh se SPAK ka instaluar metod\u00ebn e persekutimit publik. Nd\u00ebrkaq, gjyqi p\u00ebr ish ministrin u shty m\u00eb 3 shkurt ora 10:00.<\/span><\/p>\n<p><span style=\"color: #000000;\"><em>\u201cFtoj SPAK-un t\u00eb shikoj\u00eb ligjin e ri p\u00ebr koncesionet botuar n\u00eb Fletoren Zyrtare. SPAK nuk d\u00ebnjoi t\u00eb b\u00ebnte ekspertiz\u00ebn q\u00eb ja k\u00ebrkova q\u00eb n\u00eb hetimet paraprake. Provat nuk u mor\u00ebn kurr\u00eb, sepse SPAK se p\u00ebrballoi dot presionin politik, SPAK ka instaluar metod\u00ebn e persekutimit publik.\u201d,<\/em> tha ai.<\/span><\/p>\n<p><span style=\"color: #000000;\">Ish-ministri i Sh\u00ebndet\u00ebsis\u00eb, Ilir Beqaj, sillet \u00e7do dit\u00eb nga paraburgimi i Durr\u00ebsit n\u00eb nj\u00eb dhom\u00eb n\u00eb GJKKO p\u00ebr t\u00eb studiuar materialet hetimore t\u00eb SPAK kund\u00ebr tij. Por kjo m\u00ebnyr\u00eb, sipas ish-ministrit nuk \u00ebsht\u00eb nj\u00eb akses reale p\u00ebr tu njohur me aktet, t\u00eb vlefshme p\u00ebr procesin gjyq\u00ebsor t\u00eb nisur ndaj tij p\u00ebr dosjen e \u201cSterilizimit\u201d.<\/span><\/p>\n<p><span style=\"color: #000000;\">Sipas tij, Institucionet e Ekzekutimit t\u00eb Vendimeve Penale nuk u lejojn\u00eb t\u00eb paraburgosurve p\u00ebrdorimin e kompjuter\u00ebve pa internet, edhe pse ligji dhe rregullorja n\u00eb fuqi sipas tij, nuk e ndalojn\u00eb shprehimisht nj\u00eb gj\u00eb t\u00eb till\u00eb.<\/span><\/p>\n<p><span style=\"color: #000000;\">Beqaj i ka b\u00ebr\u00eb thirrje m\u00eb her\u00ebt Dhom\u00ebs Komb\u00ebtare t\u00eb Avokatis\u00eb dhe institucioneve t\u00eb drejt\u00ebsis\u00eb t\u00eb reagojn\u00eb, duke theksuar se pa akses n\u00eb dosje, mbrojtja rrezikon t\u00eb mbetet vet\u00ebm formale.<\/span><\/p>\n<p><span style=\"color: #000000;\">Nd\u00ebr t\u00eb tjera, Beqaj ka deklaruar se proceset penale po zhvillohen mbi mij\u00ebra faqe materiale elektronike q\u00eb SPAK ia dor\u00ebzon avokat\u00ebve, por q\u00eb vet\u00eb t\u00eb pandehurit n\u00eb paraburgim nuk kan\u00eb mund\u00ebsi t\u2019i lexojn\u00eb, p\u00ebrsakoh\u00eb nuk i lejojn\u00eb as nj\u00eb laptop.<\/span><\/p>\n<p><span style=\"color: #000000;\">Nj\u00eb problematik\u00eb e ngjashme \u00ebsht\u00eb ngritur m\u00eb her\u00ebt edhe nga kryetari i Bashkis\u00eb s\u00eb Tiran\u00ebs, Erion Veliaj dhe ish-presidenti Ilir Meta, t\u00eb cil\u00ebt kan\u00eb pretenduar se nuk jan\u00eb njohur me materialet hetimore me akuzat se mungesa e aksesit n\u00eb dosje cenon t\u00eb drejt\u00ebn p\u00ebr t\u2019u mbrojtur n\u00eb gjykat\u00eb.<\/span><\/p>\n","protected":false,"gt_translate_keys":[{"key":"rendered","format":"html"}]},"excerpt":{"rendered":"<p>Drejtoria e Burgjeve i ka kthyer p\u00ebrgjigje Gjykat\u00ebs s\u00eb Posa\u00e7me, lidhur me k\u00ebrkes\u00ebn e ish ministrit t\u00eb Sh\u00ebndet\u00ebsis\u00eb, Ilir Beqajt, p\u00ebr t\u00eb lexuar fashikujt hetimore p\u00ebr dosjen e sterilizimit, p\u00ebrmes nj\u00eb kompjuteri t\u00eb pa lidhur me internetin. N\u00eb p\u00ebrgjigje, Drejtoria e Burgjeve thot\u00eb se nuk e ka infrastruktur\u00ebn e nevojshme p\u00ebr ta realizuar. N\u00eb seanc\u00ebn [&hellip;]<\/p>\n","protected":false,"gt_translate_keys":[{"key":"rendered","format":"html"}]},"author":32,"featured_media":0,"comment_status":"closed","ping_status":"open","sticky":false,"template":"","format":"standard","meta":{"footnotes":""},"categories":[65],"tags":[],"class_list":["post-781426","post","type-post","status-publish","format-standard","hentry","category-lajme"],"gt_translate_keys":[{"key":"link","format":"url"}],"_links":{"self":[{"href":"https:\/\/www.hashtag.al\/index.php\/wp-json\/wp\/v2\/posts\/781426","targetHints":{"allow":["GET"]}}],"collection":[{"href":"https:\/\/www.hashtag.al\/index.php\/wp-json\/wp\/v2\/posts"}],"about":[{"href":"https:\/\/www.hashtag.al\/index.php\/wp-json\/wp\/v2\/types\/post"}],"author":[{"embeddable":true,"href":"https:\/\/www.hashtag.al\/index.php\/wp-json\/wp\/v2\/users\/32"}],"replies":[{"embeddable":true,"href":"https:\/\/www.hashtag.al\/index.php\/wp-json\/wp\/v2\/comments?post=781426"}],"version-history":[{"count":99999,"href":"https:\/\/www.hashtag.al\/index.php\/wp-json\/wp\/v2\/posts\/781426\/revisions"}],"predecessor-version":[{"id":781427,"href":"https:\/\/www.hashtag.al\/index.php\/wp-json\/wp\/v2\/posts\/781426\/revisions\/781427"}],"wp:attachment":[{"href":"https:\/\/www.hashtag.al\/index.php\/wp-json\/wp\/v2\/media?parent=781426"}],"wp:term":[{"taxonomy":"category","embeddable":true,"href":"https:\/\/www.hashtag.al\/index.php\/wp-json\/wp\/v2\/categories?post=781426"},{"taxonomy":"post_tag","embeddable":true,"href":"https:\/\/www.hashtag.al\/index.php\/wp-json\/wp\/v2\/tags?post=781426"}],"curies":[{"name":"wp","href":"https:\/\/api.w.org\/{rel}","templated":true}]}}