{"id":781423,"date":"2026-01-15T15:39:10","date_gmt":"2026-01-15T14:39:10","guid":{"rendered":"https:\/\/www.hashtag.al\/?p=781423"},"modified":"2026-01-15T15:39:10","modified_gmt":"2026-01-15T14:39:10","slug":"rama-njofton-ngritjen-e-kampusit-te-ri-universitar-ne-durres","status":"publish","type":"post","link":"https:\/\/www.hashtag.al\/index.php\/2026\/01\/15\/rama-njofton-ngritjen-e-kampusit-te-ri-universitar-ne-durres\/","title":{"rendered":"Rama njofton ngritjen e kampusit t\u00eb ri universitar n\u00eb Durr\u00ebs","gt_translate_keys":[{"key":"rendered","format":"text"}]},"content":{"rendered":"<p><span style=\"color: #000000;\"><img loading=\"lazy\" decoding=\"async\" class=\"alignnone size-full wp-image-781424\" src=\"https:\/\/www.hashtag.al\/wp-content\/uploads\/2026\/01\/edi-ramaa.jpg\" alt=\"\" width=\"966\" height=\"617\" srcset=\"https:\/\/www.hashtag.al\/wp-content\/uploads\/2026\/01\/edi-ramaa.jpg 966w, https:\/\/www.hashtag.al\/wp-content\/uploads\/2026\/01\/edi-ramaa-300x192.jpg 300w, https:\/\/www.hashtag.al\/wp-content\/uploads\/2026\/01\/edi-ramaa-768x491.jpg 768w\" sizes=\"auto, (max-width: 966px) 100vw, 966px\" \/><\/span><\/p>\n<p><span style=\"color: #000000;\">Kryeministri Edi Rama njoftoi se p\u00ebrve\u00e7 kampusit universitar t\u00eb Tiran\u00ebs do t\u00eb nd\u00ebrtohet edhe nj\u00eb kampus n\u00eb Durr\u00ebs, ku si\u00e7 u shpreh kryeministri do t\u00eb strehohen edhe student\u00ebt e Tiran\u00ebs.<\/span><\/p>\n<p><span style=\"color: #000000;\">N\u00eb nj\u00eb takim q\u00eb kreu i qeveris\u00eb pati me rektor\u00ebt e Universiteteve, ai tha se kjo do t\u00eb zgjidhe edhe nj\u00eb nga problemet q\u00eb kan\u00eb student\u00ebt, sic jan\u00eb qirat\u00eb e shtrenjta n\u00eb kryeqytet.<\/span><\/p>\n<p><span style=\"color: #000000;\">Kryeministri deklaroi se student\u00ebt do ta ken\u00eb edhe m\u00eb t\u00eb thjesht\u00eb pasi shum\u00eb shpejt do t\u00eb jet\u00eb n\u00eb funksion edhe treni q\u00eb lidh Tiran\u00ebn me Durr\u00ebsin.<\/span><\/p>\n<p><span style=\"color: #000000;\"><em>\u201cKemi dy kampuse, kampusi i Tiran\u00ebs, kemi hapur procesin p\u00ebr kompusin e Universitetit Aleksand\u00ebr Moisiu. Ka nj\u00eb potencial p\u00ebr t\u00eb krijuar infrastruktur\u00eb q\u00ebndrimi rezidence t\u00eb studenteve, duke pasur parasysh trenin q\u00eb dot \u00eb jet\u00eb n\u00eb funksion s\u00eb shpejti, do t\u00eb jet\u00eb e thjesht\u00eb q\u00eb student\u00eb n\u00eb Tiran\u00eb t\u00eb ken\u00eb mund\u00ebsi te strehohen n\u00eb Durr\u00ebs. Do t\u00eb nd\u00ebrtojm\u00eb nj\u00eb kompleks studentor shum\u00eb t\u00eb mir\u00eb n\u00eb m\u00ebnyr\u00eb q\u00eb t\u00eb ndihmojm\u00eb zgjidhjen e nj\u00eb problemi t\u00eb madh q\u00eb kan\u00eb student\u00ebt p\u00ebr shkak t\u00eb \u00e7mimeve t\u00eb larta q\u00eb kan\u00eb qirat\u00eb n\u00eb Tiran\u00eb. Jemi t\u00eb bindur q\u00eb jemi n\u00eb nj\u00eb moment t\u00eb ri ndryshimi p\u00ebr arsimin e lart\u00eb, por ndryshe nga ndryshimi i par\u00eb tani kemi nj\u00eb baz\u00eb, eksperienc\u00eb. Ka shum\u00eb m\u00eb tep\u00ebr qart\u00ebsi brenda universitetit\u201d,<\/em> theksoi nd\u00ebr t\u00eb tjera Rama.<\/span><\/p>\n","protected":false,"gt_translate_keys":[{"key":"rendered","format":"html"}]},"excerpt":{"rendered":"<p>Kryeministri Edi Rama njoftoi se p\u00ebrve\u00e7 kampusit universitar t\u00eb Tiran\u00ebs do t\u00eb nd\u00ebrtohet edhe nj\u00eb kampus n\u00eb Durr\u00ebs, ku si\u00e7 u shpreh kryeministri do t\u00eb strehohen edhe student\u00ebt e Tiran\u00ebs. N\u00eb nj\u00eb takim q\u00eb kreu i qeveris\u00eb pati me rektor\u00ebt e Universiteteve, ai tha se kjo do t\u00eb zgjidhe edhe nj\u00eb nga problemet q\u00eb kan\u00eb [&hellip;]<\/p>\n","protected":false,"gt_translate_keys":[{"key":"rendered","format":"html"}]},"author":32,"featured_media":781424,"comment_status":"closed","ping_status":"open","sticky":false,"template":"","format":"standard","meta":{"footnotes":""},"categories":[65],"tags":[],"class_list":["post-781423","post","type-post","status-publish","format-standard","has-post-thumbnail","hentry","category-lajme"],"gt_translate_keys":[{"key":"link","format":"url"}],"_links":{"self":[{"href":"https:\/\/www.hashtag.al\/index.php\/wp-json\/wp\/v2\/posts\/781423","targetHints":{"allow":["GET"]}}],"collection":[{"href":"https:\/\/www.hashtag.al\/index.php\/wp-json\/wp\/v2\/posts"}],"about":[{"href":"https:\/\/www.hashtag.al\/index.php\/wp-json\/wp\/v2\/types\/post"}],"author":[{"embeddable":true,"href":"https:\/\/www.hashtag.al\/index.php\/wp-json\/wp\/v2\/users\/32"}],"replies":[{"embeddable":true,"href":"https:\/\/www.hashtag.al\/index.php\/wp-json\/wp\/v2\/comments?post=781423"}],"version-history":[{"count":99999,"href":"https:\/\/www.hashtag.al\/index.php\/wp-json\/wp\/v2\/posts\/781423\/revisions"}],"predecessor-version":[{"id":781425,"href":"https:\/\/www.hashtag.al\/index.php\/wp-json\/wp\/v2\/posts\/781423\/revisions\/781425"}],"wp:featuredmedia":[{"embeddable":true,"href":"https:\/\/www.hashtag.al\/index.php\/wp-json\/wp\/v2\/media\/781424"}],"wp:attachment":[{"href":"https:\/\/www.hashtag.al\/index.php\/wp-json\/wp\/v2\/media?parent=781423"}],"wp:term":[{"taxonomy":"category","embeddable":true,"href":"https:\/\/www.hashtag.al\/index.php\/wp-json\/wp\/v2\/categories?post=781423"},{"taxonomy":"post_tag","embeddable":true,"href":"https:\/\/www.hashtag.al\/index.php\/wp-json\/wp\/v2\/tags?post=781423"}],"curies":[{"name":"wp","href":"https:\/\/api.w.org\/{rel}","templated":true}]}}