{"id":781420,"date":"2026-01-15T15:22:25","date_gmt":"2026-01-15T14:22:25","guid":{"rendered":"https:\/\/www.hashtag.al\/?p=781420"},"modified":"2026-01-15T15:22:25","modified_gmt":"2026-01-15T14:22:25","slug":"rama-me-rektoret-e-universiteteve-ne-vend-ka-ardhur-koha-te-reflektojme-mbi-ligjin-e-arsimit-te-larte","status":"publish","type":"post","link":"https:\/\/www.hashtag.al\/index.php\/2026\/01\/15\/rama-me-rektoret-e-universiteteve-ne-vend-ka-ardhur-koha-te-reflektojme-mbi-ligjin-e-arsimit-te-larte\/","title":{"rendered":"Rama me rektor\u00ebt e universiteteve n\u00eb vend: Ka ardhur koha t\u00eb reflektojm\u00eb mbi ligjin e arsimit t\u00eb lart\u00eb","gt_translate_keys":[{"key":"rendered","format":"text"}]},"content":{"rendered":"<p><span style=\"color: #000000;\"><img loading=\"lazy\" decoding=\"async\" class=\"alignnone size-full wp-image-781421\" src=\"https:\/\/www.hashtag.al\/wp-content\/uploads\/2026\/01\/0-7.jpg\" alt=\"\" width=\"570\" height=\"314\" srcset=\"https:\/\/www.hashtag.al\/wp-content\/uploads\/2026\/01\/0-7.jpg 570w, https:\/\/www.hashtag.al\/wp-content\/uploads\/2026\/01\/0-7-300x165.jpg 300w, https:\/\/www.hashtag.al\/wp-content\/uploads\/2026\/01\/0-7-568x314.jpg 568w\" sizes=\"auto, (max-width: 570px) 100vw, 570px\" \/><\/span><\/p>\n<p><span style=\"color: #000000;\">Kryeministri Edi Rama deklaroi gjat\u00eb nj\u00eb takimi me rektor\u00ebt e universiteteve publike dhe private se ka ardhur koha p\u00ebr t\u00eb b\u00ebr\u00eb ndryshime n\u00eb ligjin p\u00ebr arsimin e lart\u00eb.<\/span><\/p>\n<p><span style=\"color: #000000;\">Ai theksoi se ndryshimet do t\u00eb p\u00ebrgatiten nga nj\u00eb grup ekspert\u00ebsh dhe pritet t\u00eb kalojn\u00eb n\u00eb Kuvend brenda k\u00ebtij sesioni parlamentar.<\/span><\/p>\n<p><span style=\"color: #000000;\">Duke komentuar nevoj\u00ebn p\u00ebr rishikimin e ligjit, Rama tha se periudha e zbatimit ka sjell\u00eb mjaftuesh\u00ebm p\u00ebrvoj\u00eb, problematika dhe reflektim p\u00ebr t\u00eb par\u00eb qart\u00eb se ku duhet nd\u00ebrhyr\u00eb.<\/span><\/p>\n<p><span style=\"color: #000000;\"><em>\u201c\u00cbsht\u00eb koha p\u00ebr t\u00eb rivizatuar ligjin e arsimit t\u00eb lart\u00eb, pasi tani m\u00eb ka kaluar nj\u00eb periudh\u00eb e mjaftueshme p\u00ebr t\u00eb reflektuar n\u00eb at\u00eb ligj ndryshimet q\u00eb ka sjell\u00eb koha, por edhe konstatimet e praktik\u00ebs n\u00eb raport me korniz\u00ebn e ligjit. Ma ha mendja nuk do presim sesionin tjet\u00ebr t\u00eb parlamentit p\u00ebr ta p\u00ebrgatitur baz\u00ebn e ndryshimeve. T\u00eb reflektojm\u00eb mbi shqet\u00ebsimet p\u00ebr t\u00eb shkruar ndryshimet\u201d<\/em> \u2013 tha ai<\/span><\/p>\n<p><span style=\"color: #000000;\">Kreu i qeveris\u00eb n\u00ebnvizoi se sfida e p\u00ebrbashk\u00ebt e universiteteve n\u00eb vend mbetet nd\u00ebrkomb\u00ebtarizimi dhe racionalizimi i burimeve dhe potencialeve, nd\u00ebrsa vuri n\u00eb dukje se institucionet e arsimit t\u00eb lart\u00eb nuk varen m\u00eb vet\u00ebm nga buxheti i shtetit.<\/span><\/p>\n<p><span style=\"color: #000000;\">N\u00eb k\u00ebt\u00eb drejtim, Rama solli shembullin e Universitetit t\u00eb Tiran\u00ebs, i cili sipas tij ka arritur t\u00eb rris\u00eb ndjesh\u00ebm kapacitetet e veta financuese fal\u00eb projekteve dhe partneriteteve evropiane.<\/span><\/p>\n<p><span style=\"color: #000000;\"><em>\u201cSfida jon\u00eb e p\u00ebrbashk\u00ebt \u00ebsht\u00eb nga nj\u00ebra an\u00eb nd\u00ebrkomb\u00ebtarizimi dhe nga ana tjet\u00ebr racionalizimi i burimeve dhe potencialeve. Universiteti i Tiran\u00ebs \u00ebsht\u00eb n\u00eb krye t\u00eb nj\u00eb vargu universitetesh q\u00eb e kan\u00eb rritur kapacitetin e tyre financues jasht\u00eb buxhetit t\u00eb shtetit\u201d<\/em> \u2013 u shpreh ai<\/span><\/p>\n","protected":false,"gt_translate_keys":[{"key":"rendered","format":"html"}]},"excerpt":{"rendered":"<p>Kryeministri Edi Rama deklaroi gjat\u00eb nj\u00eb takimi me rektor\u00ebt e universiteteve publike dhe private se ka ardhur koha p\u00ebr t\u00eb b\u00ebr\u00eb ndryshime n\u00eb ligjin p\u00ebr arsimin e lart\u00eb. Ai theksoi se ndryshimet do t\u00eb p\u00ebrgatiten nga nj\u00eb grup ekspert\u00ebsh dhe pritet t\u00eb kalojn\u00eb n\u00eb Kuvend brenda k\u00ebtij sesioni parlamentar. Duke komentuar nevoj\u00ebn p\u00ebr rishikimin e [&hellip;]<\/p>\n","protected":false,"gt_translate_keys":[{"key":"rendered","format":"html"}]},"author":32,"featured_media":781421,"comment_status":"closed","ping_status":"open","sticky":false,"template":"","format":"standard","meta":{"footnotes":""},"categories":[65],"tags":[],"class_list":["post-781420","post","type-post","status-publish","format-standard","has-post-thumbnail","hentry","category-lajme"],"gt_translate_keys":[{"key":"link","format":"url"}],"_links":{"self":[{"href":"https:\/\/www.hashtag.al\/index.php\/wp-json\/wp\/v2\/posts\/781420","targetHints":{"allow":["GET"]}}],"collection":[{"href":"https:\/\/www.hashtag.al\/index.php\/wp-json\/wp\/v2\/posts"}],"about":[{"href":"https:\/\/www.hashtag.al\/index.php\/wp-json\/wp\/v2\/types\/post"}],"author":[{"embeddable":true,"href":"https:\/\/www.hashtag.al\/index.php\/wp-json\/wp\/v2\/users\/32"}],"replies":[{"embeddable":true,"href":"https:\/\/www.hashtag.al\/index.php\/wp-json\/wp\/v2\/comments?post=781420"}],"version-history":[{"count":99999,"href":"https:\/\/www.hashtag.al\/index.php\/wp-json\/wp\/v2\/posts\/781420\/revisions"}],"predecessor-version":[{"id":781422,"href":"https:\/\/www.hashtag.al\/index.php\/wp-json\/wp\/v2\/posts\/781420\/revisions\/781422"}],"wp:featuredmedia":[{"embeddable":true,"href":"https:\/\/www.hashtag.al\/index.php\/wp-json\/wp\/v2\/media\/781421"}],"wp:attachment":[{"href":"https:\/\/www.hashtag.al\/index.php\/wp-json\/wp\/v2\/media?parent=781420"}],"wp:term":[{"taxonomy":"category","embeddable":true,"href":"https:\/\/www.hashtag.al\/index.php\/wp-json\/wp\/v2\/categories?post=781420"},{"taxonomy":"post_tag","embeddable":true,"href":"https:\/\/www.hashtag.al\/index.php\/wp-json\/wp\/v2\/tags?post=781420"}],"curies":[{"name":"wp","href":"https:\/\/api.w.org\/{rel}","templated":true}]}}