{"id":781167,"date":"2026-01-13T23:35:57","date_gmt":"2026-01-13T22:35:57","guid":{"rendered":"https:\/\/www.hashtag.al\/?p=781167"},"modified":"2026-01-13T23:35:57","modified_gmt":"2026-01-13T22:35:57","slug":"bill-e-hillary-clinton-refuzojne-te-deshmojne-ne-kongres-per-dosjen-epstein","status":"publish","type":"post","link":"https:\/\/www.hashtag.al\/index.php\/2026\/01\/13\/bill-e-hillary-clinton-refuzojne-te-deshmojne-ne-kongres-per-dosjen-epstein\/","title":{"rendered":"Bill e Hillary Clinton refuzojn\u00eb t\u00eb d\u00ebshmojn\u00eb n\u00eb Kongres p\u00ebr \u201cDosjen Epstein\u201d","gt_translate_keys":[{"key":"rendered","format":"text"}]},"content":{"rendered":"<p><img loading=\"lazy\" decoding=\"async\" class=\"aligncenter size-full wp-image-781168\" src=\"https:\/\/www.hashtag.al\/wp-content\/uploads\/2026\/01\/2025-01-20t164639z-1550917619-rc2ndca206j3-rtrmadp-3-usa-trump-inauguration-ezgif.com-avif-to-jpg-converter-1.jpg\" alt=\"\" width=\"860\" height=\"574\" srcset=\"https:\/\/www.hashtag.al\/wp-content\/uploads\/2026\/01\/2025-01-20t164639z-1550917619-rc2ndca206j3-rtrmadp-3-usa-trump-inauguration-ezgif.com-avif-to-jpg-converter-1.jpg 860w, https:\/\/www.hashtag.al\/wp-content\/uploads\/2026\/01\/2025-01-20t164639z-1550917619-rc2ndca206j3-rtrmadp-3-usa-trump-inauguration-ezgif.com-avif-to-jpg-converter-1-300x200.jpg 300w, https:\/\/www.hashtag.al\/wp-content\/uploads\/2026\/01\/2025-01-20t164639z-1550917619-rc2ndca206j3-rtrmadp-3-usa-trump-inauguration-ezgif.com-avif-to-jpg-converter-1-768x513.jpg 768w\" sizes=\"auto, (max-width: 860px) 100vw, 860px\" \/><\/p>\n<p><span style=\"color: #000000;\">Bill dhe Hillary Clinton refuzuan t\u00eb d\u00ebshmojn\u00eb t\u00eb mart\u00ebn para Kongresit n\u00eb kuad\u00ebr t\u00eb hetimit t\u00eb Komisionit t\u00eb Mbik\u00ebqyrjes s\u00eb Dhom\u00ebs s\u00eb P\u00ebrfaq\u00ebsuesve p\u00ebr Jeffrey Epstein, pavar\u00ebsisht k\u00ebrc\u00ebnimit t\u00eb ligjv\u00ebn\u00ebsve p\u00ebr t&#8217;i shpallur ata se kishin &#8220;p\u00ebrbuzur Kongresin&#8221;.<\/span><\/p>\n<p><span style=\"color: #000000;\"><em>\u201cJu do t\u00eb thoni se nuk \u00ebsht\u00eb vendimi yn\u00eb p\u00ebr t\u2019u marr\u00eb. Por ne e kemi marr\u00eb at\u00eb. Tani ju duhet t\u00eb merrni tuajin,\u201d<\/em> shkruan \u00e7ifti Clinton n\u00eb nj\u00eb sfid\u00eb t\u00eb hapur ndaj kryetarit republikan James Comer, i cili kishte caktuar k\u00ebt\u00eb jav\u00eb si afatin p\u00ebrfundimtar p\u00ebr paraqitjen e tyre.<\/span><\/p>\n<p><span style=\"color: #000000;\">Comer u tha gazetar\u00ebve t\u00eb m\u00ebrkur\u00ebn se komisioni do t\u00eb mblidhet jav\u00ebn e ardhshme p\u00ebr t\u00eb vazhduar me procedurat ndaj Bill Clinton &#8211; duke l\u00ebn\u00eb t\u00eb hapur mund\u00ebsin\u00eb q\u00eb ish-Sekretarja e Shtetit ende mund t\u00eb ndryshoj\u00eb mendje.<\/span><\/p>\n<p><span style=\"color: #000000;\">Kjo l\u00ebvizje sh\u00ebnon nj\u00eb p\u00ebrshkall\u00ebzim n\u00eb p\u00ebrpjekjet e panelit p\u00ebr t\u00eb sjell\u00eb ish-presidentin n\u00eb nj\u00eb intervist\u00eb me dyer t\u00eb mbyllura si pjes\u00eb e hetimit p\u00ebr Epstein. Nj\u00eb votim i suksessh\u00ebm p\u00ebr p\u00ebrbuzje nga Dhoma e kontrolluar nga republikan\u00ebt do ishte simbolik &#8211; si nj\u00eb qortim ndaj \u00e7iftit Clinton &#8211; por mund t\u00eb p\u00ebrdoret edhe si mjet p\u00ebr t&#8217;i detyruar ata t\u00eb d\u00ebshmojn\u00eb. Gjithashtu mund t\u00eb ket\u00eb pasoja ligjore n\u00ebse ish-presidenti vazhdon t\u00eb rezistoj\u00eb dhe n\u00ebse gjykatat ose Departamenti i Drejt\u00ebsis\u00eb vendosin ta trajtojn\u00eb \u00e7\u00ebshtjen.<\/span><\/p>\n<p><span style=\"color: #000000;\"><em>\u201c\u00cbsht\u00eb e r\u00ebnd\u00ebsishme t\u00eb theksohet se kjo thirrje u votua n\u00eb m\u00ebnyr\u00eb dypartiake nga ky komision. Kjo nuk ishte di\u00e7ka q\u00eb un\u00eb thjesht e l\u00ebshova si kryetar. Kjo u votua nga i gjith\u00eb komisioni n\u00eb nj\u00eb votim unanim p\u00ebr t\u00eb thirrur ish-presidentin Clinton dhe ish-sekretaren Hillary Clinton,\u201d<\/em> tha Comer.<\/span><\/p>\n<p><span style=\"color: #000000;\"><em>\u201cHillary Clinton supozohet t\u00eb paraqitet nes\u00ebr. Do t\u00eb shohim se \u00e7far\u00eb do t\u00eb ndodh\u00eb.\u201d<\/em><\/span><\/p>\n<p><span style=\"color: #000000;\">P\u00ebrmes nj\u00eb serie letrash t\u00eb siguruara nga CNN, \u00e7ifti Clinton dhe avokat\u00ebt e tyre shpjeguan shqet\u00ebsimet personale dhe ligjore lidhur me k\u00ebt\u00eb k\u00ebrkes\u00eb. Ata pohuan se po ve\u00e7ohen n\u00eb m\u00ebnyr\u00eb t\u00eb padrejt\u00eb, duke v\u00ebn\u00eb n\u00eb dukje se shtat\u00eb paraqitje t\u00eb tjera me d\u00ebshmi t\u00eb drejtp\u00ebrdrejt\u00eb jan\u00eb anuluar p\u00ebr persona t\u00eb tjer\u00eb. Duke i quajtur thirrjet e panelit &#8220;t\u00eb pavlefshme dhe ligj\u00ebrisht t\u00eb pazbatueshme&#8221;, ata p\u00ebrshkruan ato q\u00eb i quajt\u00ebn d\u00ebme t\u00eb paprecedenta q\u00eb po shtyhen nga administrata.<\/span><\/p>\n<p><span style=\"color: #000000;\"><em>\u201c\u00c7do person duhet t\u00eb vendos\u00eb kur i ka par\u00eb t\u00eb gjitha ose kur i ka ardhur n\u00eb maj\u00eb t\u00eb hund\u00ebs dhe \u00ebsht\u00eb gati t\u00eb luftoj\u00eb p\u00ebr k\u00ebt\u00eb vend, parimet e tij dhe njer\u00ebzit e tij, pavar\u00ebsisht pasojave. P\u00ebr ne, kjo koh\u00eb \u00ebsht\u00eb tani,\u201d<\/em> shkruan ata.<\/span><\/p>\n<p><span style=\"color: #000000;\">M\u00eb tej shtuan: <em>\u201cN\u00eb fakt, ndalimi i agjend\u00ebs mizore t\u00eb republikan\u00ebve nd\u00ebrsa ju punoni m\u00eb shum\u00eb p\u00ebr t\u00eb kaluar nj\u00eb akuz\u00eb p\u00ebr p\u00ebrbuzje kund\u00ebr nesh sesa keni b\u00ebr\u00eb p\u00ebr hetimin tuaj gjat\u00eb k\u00ebtij viti t\u00eb kaluar, do t\u00eb ishte kontributi yn\u00eb n\u00eb luftimin e k\u00ebsaj \u00e7mendurie.\u201d<\/em><\/span><\/p>\n<p><span style=\"color: #000000;\">Pas mbledhjes s\u00eb panelit jav\u00ebn e ardhshme, udh\u00ebheqja republikane e Dhom\u00ebs do t\u00eb duhet t\u00eb caktoj\u00eb nj\u00eb votim n\u00eb sall\u00ebn e seancave. Nj\u00eb vot\u00eb nga e gjith\u00eb Dhoma p\u00ebr ta shpallur Clinton-in n\u00eb p\u00ebrbuzje penale t\u00eb Kongresit do \u00e7onte n\u00eb nj\u00eb referim drejt Departamentit t\u00eb Drejt\u00ebsis\u00eb, i cili m\u00eb pas duhet t\u00eb vendos\u00eb n\u00ebse do t\u00eb ngrej\u00eb padi.<\/span><\/p>\n<p><span style=\"color: #000000;\">\u00c7ifti Clinton pretendoi se &#8220;kan\u00eb treguar aq pak informacion sa zot\u00ebrojn\u00eb&#8221;.<\/span><\/p>\n<p><span style=\"color: #000000;\"><em>\u201cE kemi b\u00ebr\u00eb sepse krimet e zotit Epstein ishin t\u00eb tmerrshme,\u201d<\/em> i than\u00eb ata Comer-it.<\/span><\/p>\n<p><span style=\"color: #000000;\"><em>\u201cN\u00ebse Qeveria nuk b\u00ebri gjith\u00e7ka q\u00eb mundi p\u00ebr t\u00eb hetuar dhe ndjekur penalisht k\u00ebto krime, p\u00ebr \u00e7far\u00ebdo arsye, ky duhet t\u00eb jet\u00eb fokusi i pun\u00ebs suaj \u2013 t\u00eb m\u00ebsoni pse dhe ta parandaloni q\u00eb kjo t\u00eb ndodh\u00eb p\u00ebrs\u00ebri. Nuk ka prova q\u00eb ju po e b\u00ebni k\u00ebt\u00eb.\u201d<\/em><\/span><\/p>\n<p><span style=\"color: #000000;\">Megjithat\u00eb, Comer ka mbetur i pal\u00ebkundur. Kryetari ka v\u00ebn\u00eb n\u00eb dukje se Epstein vizitoi Sht\u00ebpin\u00eb e Bardh\u00eb 17 her\u00eb kur Bill Clinton ishte president dhe se ai fluturoi me avionin e Epstein rreth 27 her\u00eb pasi la presidenc\u00ebn, shkruan <span style=\"color: #0000ff;\"><a style=\"color: #0000ff;\" href=\"https:\/\/edition.cnn.com\/2026\/01\/13\/politics\/bill-hillary-clinton-contempt-threat-epstein-probe\">CNN<\/a><\/span>.<\/span><\/p>\n<p><span style=\"color: #000000;\">Nga mij\u00ebra dokumentet e lidhura me Epstein q\u00eb Departamenti i Drejt\u00ebsis\u00eb u detyrua t\u00eb publikonte, disa jan\u00eb fotografi t\u00eb papublikuara m\u00eb par\u00eb t\u00eb Bill Clinton me Epstein dhe Ghislaine Maxwell. <\/span><\/p>\n<p><span style=\"color: #000000;\">Nj\u00eb foto tregon Bill Clinton n\u00eb nj\u00eb xhakuzi pran\u00eb nj\u00eb personi tjet\u00ebr fytyra e t\u00eb cilit \u00ebsht\u00eb redaktuar. Ka foto shtes\u00eb t\u00eb tij duke notuar n\u00eb nj\u00eb pishin\u00eb me Maxwell. Nj\u00eb tjet\u00ebr foto tregon Bill Clinton me nj\u00eb pije n\u00eb dor\u00eb duke q\u00ebndruar pran\u00eb Epstein, i cili vdiq n\u00eb burg n\u00eb vitin 2019.<\/span><\/p>\n<p><span style=\"color: #000000;\">Bill Clinton nuk \u00ebsht\u00eb akuzuar asnj\u00ebher\u00eb zyrtarisht nga organet e ligjit p\u00ebr ndonj\u00eb shkelje lidhur me Epstein, dhe nj\u00eb z\u00ebdh\u00ebn\u00ebs ka th\u00ebn\u00eb vazhdimisht se ai i nd\u00ebrpreu lidhjet me Epstein para arrestimit t\u00eb k\u00ebtij t\u00eb fundit n\u00eb vitin 2019 dhe se nuk kishte dijeni p\u00ebr krimet e tij.<\/span><\/p>\n","protected":false,"gt_translate_keys":[{"key":"rendered","format":"html"}]},"excerpt":{"rendered":"<p>Bill dhe Hillary Clinton refuzuan t\u00eb d\u00ebshmojn\u00eb t\u00eb mart\u00ebn para Kongresit n\u00eb kuad\u00ebr t\u00eb hetimit t\u00eb Komisionit t\u00eb Mbik\u00ebqyrjes s\u00eb Dhom\u00ebs s\u00eb P\u00ebrfaq\u00ebsuesve p\u00ebr Jeffrey Epstein, pavar\u00ebsisht k\u00ebrc\u00ebnimit t\u00eb ligjv\u00ebn\u00ebsve p\u00ebr t&#8217;i shpallur ata se kishin &#8220;p\u00ebrbuzur Kongresin&#8221;. \u201cJu do t\u00eb thoni se nuk \u00ebsht\u00eb vendimi yn\u00eb p\u00ebr t\u2019u marr\u00eb. Por ne e kemi marr\u00eb [&hellip;]<\/p>\n","protected":false,"gt_translate_keys":[{"key":"rendered","format":"html"}]},"author":51,"featured_media":781168,"comment_status":"closed","ping_status":"open","sticky":false,"template":"","format":"standard","meta":{"footnotes":""},"categories":[53],"tags":[],"class_list":["post-781167","post","type-post","status-publish","format-standard","has-post-thumbnail","hentry","category-fast-foodi"],"gt_translate_keys":[{"key":"link","format":"url"}],"_links":{"self":[{"href":"https:\/\/www.hashtag.al\/index.php\/wp-json\/wp\/v2\/posts\/781167","targetHints":{"allow":["GET"]}}],"collection":[{"href":"https:\/\/www.hashtag.al\/index.php\/wp-json\/wp\/v2\/posts"}],"about":[{"href":"https:\/\/www.hashtag.al\/index.php\/wp-json\/wp\/v2\/types\/post"}],"author":[{"embeddable":true,"href":"https:\/\/www.hashtag.al\/index.php\/wp-json\/wp\/v2\/users\/51"}],"replies":[{"embeddable":true,"href":"https:\/\/www.hashtag.al\/index.php\/wp-json\/wp\/v2\/comments?post=781167"}],"version-history":[{"count":99999,"href":"https:\/\/www.hashtag.al\/index.php\/wp-json\/wp\/v2\/posts\/781167\/revisions"}],"predecessor-version":[{"id":781169,"href":"https:\/\/www.hashtag.al\/index.php\/wp-json\/wp\/v2\/posts\/781167\/revisions\/781169"}],"wp:featuredmedia":[{"embeddable":true,"href":"https:\/\/www.hashtag.al\/index.php\/wp-json\/wp\/v2\/media\/781168"}],"wp:attachment":[{"href":"https:\/\/www.hashtag.al\/index.php\/wp-json\/wp\/v2\/media?parent=781167"}],"wp:term":[{"taxonomy":"category","embeddable":true,"href":"https:\/\/www.hashtag.al\/index.php\/wp-json\/wp\/v2\/categories?post=781167"},{"taxonomy":"post_tag","embeddable":true,"href":"https:\/\/www.hashtag.al\/index.php\/wp-json\/wp\/v2\/tags?post=781167"}],"curies":[{"name":"wp","href":"https:\/\/api.w.org\/{rel}","templated":true}]}}