{"id":781127,"date":"2026-01-13T20:29:59","date_gmt":"2026-01-13T19:29:59","guid":{"rendered":"https:\/\/www.hashtag.al\/?p=781127"},"modified":"2026-01-13T20:30:43","modified_gmt":"2026-01-13T19:30:43","slug":"pushtetmbajtesi-misterioz-qe-kontrollon-rreptesisht-spanjen-korporative","status":"publish","type":"post","link":"https:\/\/www.hashtag.al\/index.php\/2026\/01\/13\/pushtetmbajtesi-misterioz-qe-kontrollon-rreptesisht-spanjen-korporative\/","title":{"rendered":"Kush \u00ebsht\u00eb pushtetmbajt\u00ebsi misterioz q\u00eb kontrollon rrept\u00ebsisht Spanj\u00ebn korporative","gt_translate_keys":[{"key":"rendered","format":"text"}]},"content":{"rendered":"<p><img loading=\"lazy\" decoding=\"async\" class=\"aligncenter size-full wp-image-781128\" src=\"https:\/\/www.hashtag.al\/wp-content\/uploads\/2026\/01\/494b4dfaa282200fb1357893462afa77c9b46b94.png\" alt=\"\" width=\"800\" height=\"450\" srcset=\"https:\/\/www.hashtag.al\/wp-content\/uploads\/2026\/01\/494b4dfaa282200fb1357893462afa77c9b46b94.png 800w, https:\/\/www.hashtag.al\/wp-content\/uploads\/2026\/01\/494b4dfaa282200fb1357893462afa77c9b46b94-300x169.png 300w, https:\/\/www.hashtag.al\/wp-content\/uploads\/2026\/01\/494b4dfaa282200fb1357893462afa77c9b46b94-768x432.png 768w\" sizes=\"auto, (max-width: 800px) 100vw, 800px\" \/><\/p>\n<p><span style=\"color: #000000;\">Isidro Fain\u00e9, nj\u00eb 83-vje\u00e7ar i rezervuar n\u00eb pamje, por nd\u00ebr njer\u00ebzit m\u00eb me ndikim n\u00eb Spanj\u00eb, hyri n\u00eb nj\u00eb mbledhje t\u00eb bordit t\u00eb Telef\u00f3nica-s nj\u00eb t\u00eb premte t\u00eb janarit t\u00eb kaluar me nj\u00eb sekret t\u00eb madh. <\/span><\/p>\n<p><span style=\"color: #000000;\">Si drejtor i grupit t\u00eb telekomunikacionit, ai e dinte se at\u00eb pasdite Jos\u00e9 Mar\u00eda \u00c1lvarez-Pallete do t\u00eb shkarkohej nga posti i kryetarit, por zgjodhi t\u00eb mos ia komunikonte k\u00ebt\u00eb informacion njeriut q\u00eb e njihte prej vitesh, sipas burimeve t\u00eb njohura me zhvillimet.<\/span><\/p>\n<p><span style=\"color: #000000;\">Fain\u00e9 drejton Fondacionin Caixa, nj\u00eb struktur\u00eb investimi joortodokse me asete rreth 37 miliard\u00eb euro, e cila \u2013 nj\u00ebsoj si shteti spanjoll \u2013 zot\u00ebron 10 p\u00ebr qind t\u00eb Telef\u00f3nica-s. Nj\u00eb dit\u00eb para shkarkimit, ai kishte zhvilluar nj\u00eb bised\u00eb direkte me kryeministrin Pedro S\u00e1nchez p\u00ebr largimin e \u00c1lvarez-Pallete. Pik\u00ebrisht kjo bised\u00eb vuri n\u00eb l\u00ebvizje at\u00eb q\u00eb u shnd\u00ebrrua n\u00eb shp\u00ebrthimin m\u00eb t\u00eb madh korporativ t\u00eb vitit n\u00eb Spanj\u00eb.<\/span><\/p>\n<p><span style=\"color: #000000;\">Pas k\u00ebtij kontakti vendimtar, Fain\u00e9 u t\u00ebrhoq n\u00eb prapasken\u00eb. Ai shmangu \u00c1lvarez-Pallete gjat\u00eb paradites s\u00eb s\u00eb premtes dhe nuk mori pjes\u00eb personalisht n\u00eb mbledhjen e or\u00ebs 17:00, ku vendimi u b\u00eb zyrtar. N\u00eb vend t\u00eb tij, ishte nj\u00eb n\u00ebnshkrues i autorizuar i Caixa-s q\u00eb mori pjes\u00eb n\u00eb takim, ku nj\u00eb k\u00ebshilltar i af\u00ebrt i S\u00e1nchez-it i komunikoi kryetarit t\u00eb Telef\u00f3nica-s shkarkimin.<\/span><\/p>\n<p><span style=\"color: #000000;\">Ky operacion pasqyron stilin tipik t\u00eb Fain\u00e9: nj\u00eb figur\u00eb introverte, jasht\u00ebzakonisht e kujdesshme, por me uri t\u00eb madhe p\u00ebr pushtet, e cila n\u00eb Spanj\u00eb frym\u00ebzon nj\u00ebkoh\u00ebsisht respekt dhe frik\u00eb.<\/span><\/p>\n<p><span style=\"color: #000000;\">Fain\u00e9 \u00ebsht\u00eb president i nj\u00eb prej fondacioneve filantropike m\u00eb t\u00eb m\u00ebdha n\u00eb Evrop\u00eb, nj\u00eb institucion 121-vje\u00e7ar q\u00eb p\u00ebr nga madh\u00ebsia e aktiveve renditet pas Wellcome Trust dhe Fondacionit Novo Nordisk. N\u00eb k\u00ebt\u00eb pozicion, ai ndjek dy objektiva q\u00eb shpesh p\u00ebrplasen: nga nj\u00ebra an\u00eb, mb\u00ebshtetjen e shtresave m\u00eb t\u00eb rrezikuara t\u00eb shoq\u00ebris\u00eb; nga ana tjet\u00ebr, ruajtjen e nj\u00eb kontrolli t\u00eb fort\u00eb mbi vendet e pun\u00ebs, marr\u00ebveshjet dhe drejtimin strategjik t\u00eb disa prej kompanive m\u00eb t\u00eb m\u00ebdha t\u00eb ekonomis\u00eb s\u00eb kat\u00ebrt m\u00eb t\u00eb madhe t\u00eb Bashkimit Evropian.<\/span><\/p>\n<p><span style=\"color: #000000;\">\u201cAi po p\u00ebrdor nj\u00eb instrument altruist p\u00ebr t\u00eb p\u00ebrqendruar nj\u00eb nivel disproporcional pushteti korporativ,\u201d thot\u00eb nj\u00eb investitor katalanas, rajoni prej nga e ka origjin\u00ebn fondacioni. \u201cK\u00ebtu ekziston nj\u00eb pik\u00ebpyetje serioze.\u201d<\/span><\/p>\n<p><span style=\"color: #000000;\">Ndikimi i Fain\u00e9 nuk lidhet vet\u00ebm me kontrollin e drejtp\u00ebrdrejt\u00eb t\u00eb 37 miliard\u00eb eurove n\u00eb asete, por edhe me fuqin\u00eb e huadh\u00ebnies, reklamimit dhe pun\u00ebsimit q\u00eb ushtrojn\u00eb kompanit\u00eb ku fondacioni ka pjes\u00ebmarrje. Kryesorja nd\u00ebr to \u00ebsht\u00eb CaixaBank, ku fondacioni zot\u00ebron 31 p\u00ebr qind t\u00eb aksioneve, por po ashtu edhe grupi energjetik Naturgy dhe gjiganti i telekomunikacionit Telef\u00f3nica.<\/span><\/p>\n<p><span style=\"color: #000000;\">Pas shkarkimit t\u00eb \u00c1lvarez-Pallete, qeveria spanjolle deklaroi se t\u00eb gjith\u00eb aksionar\u00ebt kryesor\u00eb t\u00eb Telef\u00f3nica-s, p\u00ebrfshir\u00eb Fondacionin Caixa, e kishin mb\u00ebshtetur vendimin. Megjithat\u00eb, nj\u00eb zyrtar i fondacionit k\u00ebmb\u00ebnguli se \u201cn\u00eb asnj\u00eb moment\u201d t\u00eb bised\u00ebs me kryeministrin Fain\u00e9 nuk kishte shprehur dakord\u00ebsin\u00eb e tij. Sipas t\u00eb nj\u00ebjtit burim, Fain\u00e9 e kishte informuar \u00c1lvarez-Pallete \u201cn\u00eb m\u00ebnyr\u00eb private\u201d p\u00ebr largimin e tij. Ish-kryetari i Telef\u00f3nica-s refuzoi t\u00eb komentonte.<\/span><\/p>\n<p><span style=\"color: #000000;\">Autoriteti i Fain\u00e9 forcohet edhe nga qindra miliona euro q\u00eb fondacioni shp\u00ebrndan \u00e7do vit p\u00ebr programe sociale, p\u00ebrfshir\u00eb luft\u00ebn kund\u00ebr varf\u00ebris\u00eb tek f\u00ebmij\u00ebt, trajnimin profesional t\u00eb ish-t\u00eb burgosurve dhe k\u00ebrkimin mjek\u00ebsor. Nj\u00eb prioritet i ve\u00e7ant\u00eb i tij \u00ebsht\u00eb financimi i kujdesit paliativ p\u00ebr pacient\u00ebt me s\u00ebmundje terminale.<\/span><\/p>\n<p><span style=\"color: #000000;\">N\u00eb Spanj\u00eb, emri i Fain\u00e9 \u00ebsht\u00eb pothuajse sinonim i Fondacionit Caixa. \u201c\u00cbsht\u00eb e pazakont\u00eb q\u00eb nj\u00eb entitet kaq i madh t\u00eb varet kaq shum\u00eb nga nj\u00eb individ i vet\u00ebm,\u201d thot\u00eb nj\u00eb figur\u00eb e lart\u00eb e rrethit t\u00eb Caixa-s q\u00eb e njeh prej dekadash. \u201cKjo duhet t\u00eb shqet\u00ebsoj\u00eb k\u00ebdo.\u201d<\/span><\/p>\n<p><span style=\"color: #000000;\">Mosha dhe sh\u00ebndeti i Fain\u00e9 kan\u00eb ushqyer spekulime mbi sa gjat\u00eb ai mund ta ruaj\u00eb ndikimin e tij, nd\u00ebrkoh\u00eb q\u00eb mandati i tij si kryetar ishte n\u00eb prag rinovimi. Edhe pse zyrtarisht vendimi i takon bordit, r\u00ebnd\u00ebsia e tij e ka kthyer procesin n\u00eb nj\u00eb betej\u00eb politike me pesh\u00eb komb\u00ebtare.<\/span><\/p>\n<div id=\"attachment_781129\" style=\"width: 710px\" class=\"wp-caption aligncenter\"><img loading=\"lazy\" decoding=\"async\" aria-describedby=\"caption-attachment-781129\" class=\"size-full wp-image-781129\" src=\"https:\/\/www.hashtag.al\/wp-content\/uploads\/2026\/01\/spanje1.png\" alt=\"\" width=\"700\" height=\"466\" srcset=\"https:\/\/www.hashtag.al\/wp-content\/uploads\/2026\/01\/spanje1.png 700w, https:\/\/www.hashtag.al\/wp-content\/uploads\/2026\/01\/spanje1-300x200.png 300w\" sizes=\"auto, (max-width: 700px) 100vw, 700px\" \/><p id=\"caption-attachment-781129\" class=\"wp-caption-text\"><em><span style=\"color: #0000ff;\">Fondacioni Caixa zot\u00ebron 31% t\u00eb CaixaBank<\/span><\/em><\/p><\/div>\n<p><span style=\"color: #000000;\"><strong>\u201c\u00c7elik dhe spiritualitet\u201d<\/strong><\/span><\/p>\n<p><span style=\"color: #000000;\">Ky portret i Fain\u00e9 bazohet n\u00eb intervista me m\u00eb shum\u00eb se 20 drejtues aktual\u00eb dhe ish-drejtues t\u00eb Caixa-s, zyrtar\u00eb qeveritar\u00eb, investitor\u00eb dhe lider\u00eb biznesi katalanas, shumica e t\u00eb cil\u00ebve fol\u00ebn n\u00eb kushte anonimiteti p\u00ebr t\u00eb shmangur pasoja personale apo profesionale.<\/span><\/p>\n<p><span style=\"color: #000000;\">Ata e p\u00ebrshkruajn\u00eb si nj\u00eb zbulues natyral talentesh dhe mentor q\u00eb ka formuar breza ekzekutiv\u00ebsh p\u00ebrmes nj\u00eb filozofie udh\u00ebheqjeje q\u00eb ai e quan \u201chumaniste\u201d. Shum\u00eb prej tyre bien dakord se Fain\u00e9 \u00ebsht\u00eb jasht\u00ebzakonisht pun\u00ebtor dhe i p\u00ebrqendruar n\u00eb sigurimin e divident\u00ebve nga investimet, me synimin p\u00ebr t\u00eb rritur donacionet filantropike.<\/span><\/p>\n<p><span style=\"color: #000000;\">\u201cQ\u00ebllimi i jet\u00ebs s\u00eb tij \u00ebsht\u00eb t\u00eb ndihmoj\u00eb t\u00eb tjer\u00ebt,\u201d thot\u00eb Jordi Gual, ish-kryetar i CaixaBank dhe sot profesor n\u00eb IESE. \u201cAi e sheh k\u00ebt\u00eb si misionin e tij personal.\u201d Vet\u00eb Fain\u00e9 ka studiuar n\u00eb IESE, nj\u00eb shkoll\u00eb biznesi e lidhur me organizat\u00ebn katolike Opus Dei.<\/span><\/p>\n<p><span style=\"color: #000000;\">T\u00eb tjer\u00eb e p\u00ebrshkruajn\u00eb si t\u00eb pam\u00ebshirsh\u00ebm dhe thell\u00ebsisht mosbesues. Sipas burimeve q\u00eb kan\u00eb punuar drejtp\u00ebrdrejt me t\u00eb, ai ushtron kontroll pothuajse absolut mbi fondacionin, pavar\u00ebsisht strukturave formale t\u00eb qeverisjes. N\u00ebnshkrues ose drejtues q\u00eb perceptoheshin si k\u00ebrc\u00ebnim p\u00ebr autoritetin e tij jan\u00eb larguar, sipas k\u00ebtyre burimeve.<\/span><\/p>\n<p><span style=\"color: #000000;\">Fondacioni Caixa i ka cil\u00ebsuar k\u00ebto p\u00ebrshkrime si \u201copinione subjektive pa baz\u00eb faktike\u201d, duke theksuar se respekton me p\u00ebrpik\u00ebri ligjin spanjoll p\u00ebr fondacionet bankare dhe se institucioni nuk varet nga nj\u00eb person i vet\u00ebm. Ai vuri n\u00eb dukje se bordi p\u00ebrb\u00ebhet nga 15 an\u00ebtar\u00eb, p\u00ebrfshir\u00eb Pablo Isla, ish-kryetar i Inditex dhe aktualisht kryetar i Nestl\u00e9-s.<\/span><\/p>\n<p><span style=\"color: #000000;\">Fain\u00e9 \u00ebsht\u00eb m\u00eb shum\u00eb sesa nj\u00eb figur\u00eb e fuqis\u00eb financiare. N\u00eb Spanj\u00ebn e sotme, historia e tij pasqyron nd\u00ebrthurjen e biznesit jo vet\u00ebm me politik\u00ebn, por edhe me fen\u00eb. Nj\u00eb katolik i devotsh\u00ebm me tet\u00eb f\u00ebmij\u00eb, i cili besohet gjer\u00ebsisht se \u00ebsht\u00eb an\u00ebtar i Opus Dei, ai ndjek mesh\u00ebn pothuajse \u00e7do dit\u00eb, e ka shpallur Jezu Krishtin si frym\u00ebzimin e tij dhe beson se \u201cnj\u00eb or\u00eb pun\u00eb \u00ebsht\u00eb nj\u00eb or\u00eb lutje\u201d.<\/span><\/p>\n<p><span style=\"color: #000000;\">I lindur n\u00eb nj\u00eb familje fshatare analfabete n\u00eb Katalonj\u00eb, Fain\u00e9 filloi pun\u00eb n\u00eb nj\u00eb dyqan riparimi bi\u00e7ikletash n\u00eb Barcelon\u00eb n\u00eb mosh\u00ebn 13-vje\u00e7are. Ai vazhdoi shkollimin, p\u00ebrfundoi universitetin dhe madje u m\u00ebsoi prind\u00ebrve t\u00eb tij shkrim e lexim.<\/span><\/p>\n<div id=\"attachment_781130\" style=\"width: 710px\" class=\"wp-caption aligncenter\"><img loading=\"lazy\" decoding=\"async\" aria-describedby=\"caption-attachment-781130\" class=\"size-full wp-image-781130\" src=\"https:\/\/www.hashtag.al\/wp-content\/uploads\/2026\/01\/spanje2.png\" alt=\"\" width=\"700\" height=\"467\" srcset=\"https:\/\/www.hashtag.al\/wp-content\/uploads\/2026\/01\/spanje2.png 700w, https:\/\/www.hashtag.al\/wp-content\/uploads\/2026\/01\/spanje2-300x200.png 300w\" sizes=\"auto, (max-width: 700px) 100vw, 700px\" \/><p id=\"caption-attachment-781130\" class=\"wp-caption-text\"><em><span style=\"color: #0000ff;\">Ndikimi i Fain\u00e9-s\u00eb rrjedh jo vet\u00ebm nga kontrolli i tij prej 37 miliard\u00eb eurosh, por edhe nga ndikimi i kompanive q\u00eb fondacioni zot\u00ebron pjes\u00ebrisht<\/span><\/em><\/p><\/div>\n<p><span style=\"color: #000000;\">Karriera e tij bankare e \u00e7oi gradualisht n\u00eb krye t\u00eb La Caixa, nj\u00eb bank\u00eb kursimesh rajonale q\u00eb m\u00eb von\u00eb u shnd\u00ebrrua n\u00eb CaixaBank. Ai e udh\u00ebhoqi institucionin gjat\u00eb shp\u00ebrthimit t\u00eb fllusk\u00ebs s\u00eb pronave dhe kriz\u00ebs s\u00eb eurozon\u00ebs. Si e vetmja bank\u00eb kursimesh q\u00eb doli nga ajo periudh\u00eb kryesisht e paprekur, Caixa p\u00ebrfitoi nga blerja e rival\u00ebve n\u00eb v\u00ebshtir\u00ebsi, duke ndihmuar qeverin\u00eb e koh\u00ebs dhe duke p\u00ebrmbushur ambicien e Fain\u00e9 p\u00ebr nd\u00ebrtimin e nj\u00eb perandorie financiare.<\/span><\/p>\n<p><span style=\"color: #000000;\">N\u00eb vitin 2014, kur ligji k\u00ebrkoi q\u00eb banka e kursimeve t\u00eb shnd\u00ebrrohej n\u00eb nj\u00eb huadh\u00ebn\u00ebs tregtar, Fain\u00e9 e shfryt\u00ebzoi riorganizimin p\u00ebr t\u00eb shtuar postin e kryetarit t\u00eb Fondacionit Caixa n\u00eb portofolin e tij. Meq\u00eb fondacioni zot\u00ebronte 59 p\u00ebr qind t\u00eb CaixaBank, ai kishte n\u00eb dor\u00eb kontrollin e aksionarit kryesor t\u00eb bank\u00ebs. Kjo situat\u00eb binte ndesh me rregullat e Bank\u00ebs Qendrore Evropiane dhe, n\u00eb vitin 2016, atij iu k\u00ebrkua t\u00eb hiqte dor\u00eb nga nj\u00eb prej posteve. Fain\u00e9 zgjodhi t\u00eb largohej nga drejtimi i bank\u00ebs dhe t\u00eb mbetej n\u00eb krye t\u00eb fondacionit.<\/span><\/p>\n<p><span style=\"color: #000000;\">Fondacioni Caixa ka rr\u00ebnj\u00eb t\u00eb thella historike. Ai e ka origjin\u00ebn te La Caixa, e themeluar n\u00eb vitin 1904 nga elita e biznesit katalanas dhe mbreti spanjoll p\u00ebr t\u00eb ndihmuar familjet e goditura nga trazirat civile. Me kalimin e dekadave, institucioni evoluoi n\u00eb nj\u00eb mekaniz\u00ebm nxit\u00ebs p\u00ebr kursimin e klas\u00ebs pun\u00ebtore dhe, n\u00eb vitet 1970, nisi investimet n\u00eb kompani t\u00eb listuara.<\/span><\/p>\n<p><span style=\"color: #000000;\"><strong>Nj\u00eb portofol jo konvencional<\/strong><\/span><\/p>\n<p><span style=\"color: #000000;\">Aksionet e fondacionit, t\u00eb menaxhuara p\u00ebrmes CriteriaCaixa, reflektojn\u00eb qart\u00eb preferenc\u00ebn e Fain\u00e9 p\u00ebr stabilitet dhe flukse t\u00eb q\u00ebndrueshme divident\u00ebsh. \u201cAtij i p\u00eblqejn\u00eb investimet e m\u00ebdha dhe t\u00eb thjeshta,\u201d thot\u00eb nj\u00eb person q\u00eb ka punuar ngusht\u00eb me t\u00eb. \u201cMos i fol p\u00ebr ROE apo kthim mbi kapitalin e angazhuar. Q\u00ebndrimi i tij \u00ebsht\u00eb i drejtp\u00ebrdrejt\u00eb: \u2018Dua divident\u00eb. Nga vijn\u00eb divident\u00ebt?\u2019\u201d<\/span><\/p>\n<p><span style=\"color: #000000;\">P\u00ebrgjigjja, n\u00eb shumic\u00ebn e rasteve, gjendet tek kompanit\u00eb e sh\u00ebrbimeve publike si Telef\u00f3nica dhe Naturgy, ku fondacioni zot\u00ebron 26 p\u00ebr qind t\u00eb aksioneve, si dhe te Aig\u00fces de Barcelona, Veolia dhe operatori i parkimeve Interparking.<\/span><\/p>\n<p><span style=\"color: #000000;\">Kritik\u00ebt theksojn\u00eb se portofoli p\u00ebrmban probleme t\u00eb qeverisjes. Marc Murtra, t\u00eb cilin Fain\u00e9 ndihmoi ta instalonte si pasues t\u00eb \u00c1lvarez-Pallete n\u00eb Telef\u00f3nica, \u00ebsht\u00eb nj\u00ebkoh\u00ebsisht an\u00ebtar i bordit t\u00eb Fondacionit Caixa. Po ashtu, Francisco Reyn\u00e9s, kryetar dhe drejtor ekzekutiv i Naturgy, mban nj\u00eb vend n\u00eb bordin e fondacionit dhe \u00ebsht\u00eb z\u00ebvend\u00ebskryetar i CriteriaCaixa. \u201cA \u00ebsht\u00eb normale q\u00eb drejtuesit e kompanive t\u00eb jen\u00eb nj\u00ebkoh\u00ebsisht n\u00eb bordin e institucionit q\u00eb investon tek ata?\u201d pyet nj\u00eb figur\u00eb e lart\u00eb e rrethit t\u00eb Caixa-s.<\/span><\/p>\n<p><span style=\"color: #000000;\">Fondacioni ka deklaruar se k\u00ebto role t\u00eb dyfishta jan\u00eb \u201cplot\u00ebsisht normale dhe t\u00eb ligjshme\u201d dhe se statutet e tij parashikojn\u00eb mekanizma p\u00ebr menaxhimin e \u00e7do konflikti interesi. Murtra dhe Reyn\u00e9s refuzuan t\u00eb komentojn\u00eb.<\/span><\/p>\n<p><span style=\"color: #000000;\">Portofoli mbetet i p\u00ebrqendruar kryesisht n\u00eb Spanj\u00eb, edhe pse \u00ebsht\u00eb diversifikuar pjes\u00ebrisht. Sipas fondacionit, ekspozimi i drejtp\u00ebrdrejt\u00eb nd\u00ebrkomb\u00ebtar \u00ebsht\u00eb rreth 14 p\u00ebr qind, nd\u00ebrsa ekspozimi i t\u00ebrthort\u00eb, p\u00ebrmes operacioneve jasht\u00eb vendit t\u00eb kompanive spanjolle, arrin n\u00eb 35 p\u00ebr qind. Nd\u00ebrkoh\u00eb, investimet n\u00eb teknologjin\u00eb amerikane \u2013 p\u00ebrfshir\u00eb Alphabet, Microsoft dhe Amazon \u2013 vler\u00ebsoheshin n\u00eb rreth 500 milion\u00eb euro n\u00eb mesin e vitit 2025.<\/span><\/p>\n<p><span style=\"color: #000000;\">Megjithat\u00eb, nj\u00eb ish-ekzekutiv n\u00eb nj\u00eb kompani ku fondacioni \u00ebsht\u00eb investitor paralajm\u00ebron se nuk ekziston asnj\u00eb institucion tjet\u00ebr i k\u00ebsaj madh\u00ebsie me nj\u00eb p\u00ebrqendrim kaq t\u00eb lart\u00eb rreziku. Sipas tij, nj\u00eb diversifikim i thell\u00eb do t\u00eb k\u00ebrkonte shitjen e aksioneve kryesore dhe dor\u00ebzimin e vendeve n\u00eb borde \u2013 di\u00e7ka q\u00eb Fain\u00e9 e vler\u00ebson jasht\u00ebzakonisht shum\u00eb.<\/span><\/p>\n<p><span style=\"color: #000000;\">Nj\u00eb prani m\u00eb e madhe jasht\u00eb Spanj\u00ebs do t\u00eb zbehte gjithashtu rolin e fondacionit si nj\u00eb lloj fondi sovran jozyrtar spanjoll. Kjo u pa qart\u00eb kur grupi saudit STC njoftoi n\u00eb vitin 2023 blerjen e 10 p\u00ebr qind t\u00eb Telef\u00f3nica-s: Fondacioni Caixa rriti zot\u00ebrimin e tij p\u00ebr t\u00eb sh\u00ebrbyer si kund\u00ebrpesh\u00eb, s\u00eb bashku me kompanin\u00eb shtet\u00ebrore Sepi. Nj\u00eb situat\u00eb e ngjashme ndodhi kur grupi energjetik i Abu Dhabit, Taqa, hapi bisedime p\u00ebr t\u00eb hyr\u00eb n\u00eb Naturgy, por u t\u00ebrhoq p\u00ebrball\u00eb insistimit t\u00eb fondacionit p\u00ebr ruajtjen e kontrollit spanjoll.<\/span><\/p>\n<p><span style=\"color: #000000;\">Fondacioni, baza e aktiveve t\u00eb t\u00eb cilit \u00ebsht\u00eb pothuajse kat\u00ebr her\u00eb m\u00eb e madhe se ajo e Sepi-t, ka deklaruar se nuk ka nj\u00eb mandat formal p\u00ebr t\u00eb mb\u00ebshtetur ekonomin\u00eb komb\u00ebtare, por pranon se p\u00ebrmasa e tij e b\u00ebn ndikimin e tij pozitiv n\u00eb stabilitetin dhe prosperitetin e vendit t\u00eb pashmangsh\u00ebm.<\/span><\/p>\n<p><span style=\"color: #000000;\"><strong>Beteja p\u00ebr mbijetes\u00eb<\/strong><\/span><\/p>\n<p><span style=\"color: #000000;\">Qasja e Fain\u00e9 ndaj sfidave t\u00eb brendshme ka qen\u00eb e ashp\u00ebr. N\u00eb prill, ai largoi \u00c1ngel Sim\u00f3n, drejtorin ekzekutiv t\u00eb CriteriaCaixa dhe n\u00ebnshkruesin q\u00eb mori pjes\u00eb n\u00eb shkarkimin e kryetarit t\u00eb Telef\u00f3nica-s, pasi Sim\u00f3n po fitonte pesh\u00eb dhe po promovonte ide alternative. Raste t\u00eb ngjashme kishin ndodhur edhe m\u00eb her\u00ebt, p\u00ebrfshir\u00eb dor\u00ebheqjen e detyruar t\u00eb Juan Mar\u00eda Nin n\u00eb vitin 2014. N\u00eb fund t\u00eb vitit 2024, edhe z\u00ebvend\u00ebskryetari i fondacionit, Juan Jos\u00e9 L\u00f3pez Burniol, dha dor\u00ebheqjen pas nj\u00eb p\u00ebrplasjeje me Fain\u00e9.<\/span><\/p>\n<p><span style=\"color: #000000;\">Sipas burimeve t\u00eb brendshme, Fain\u00e9 k\u00ebrkon besnik\u00ebri absolute dhe ka krijuar nj\u00eb klim\u00eb dyshimi n\u00eb nivelet m\u00eb t\u00eb larta t\u00eb institucionit. Ai u k\u00ebrkon disa vizitor\u00ebve t\u00eb l\u00ebn\u00eb telefonat jasht\u00eb zyr\u00ebs dhe mban n\u00ebn v\u00ebzhgim t\u00eb rrept\u00eb rrethin e tij.<\/span><\/p>\n<p><span style=\"color: #000000;\">Edhe pse nuk e ka pranuar kurr\u00eb zyrtarisht an\u00ebtar\u00ebsimin n\u00eb Opus Dei, Fain\u00e9 ka pranuar se ka marr\u00eb pjes\u00eb n\u00eb aktivitete fetare t\u00eb k\u00ebtij grupi. Me afrimin e fundit t\u00eb mandatit t\u00eb tij, mb\u00ebshtetja nga rrjetet e tij fetare dhe institucionale rezultoi vendimtare. Objektivi i tij ishte i qart\u00eb: nj\u00eb mandat tjet\u00ebr. \u201cAi d\u00ebshiron t\u00eb vdes\u00eb me \u00e7izme mbathur,\u201d thot\u00eb nj\u00eb ish-ekzekutiv i nj\u00eb kompanie t\u00eb portofolit t\u00eb Caixa-s.<\/span><\/p>\n<p><span style=\"color: #000000;\">Megjithat\u00eb, Fain\u00e9 ka edhe kund\u00ebrshtar\u00eb t\u00eb fuqish\u00ebm. Separatist\u00ebt katalanas nuk ia kan\u00eb falur zhvendosjen e selis\u00eb s\u00eb fondacionit jasht\u00eb Katalonj\u00ebs n\u00eb kulmin e kriz\u00ebs s\u00eb vitit 2017, edhe pse vendimi u anulua m\u00eb von\u00eb. Po ashtu, partia Socialiste e Pedro S\u00e1nchez-it, e cila mbik\u00ebqyr fondacionet bankare p\u00ebrmes ministris\u00eb s\u00eb ekonomis\u00eb, k\u00ebrkon m\u00eb shum\u00eb transparenc\u00eb dhe qeverisje m\u00eb t\u00eb fort\u00eb.<\/span><\/p>\n<p><span style=\"color: #000000;\">Gjasht\u00eb or\u00eb pas publikimit t\u00eb k\u00ebtij profili, Fondacioni Caixa njoftoi se bordi i tij kishte votuar p\u00ebr rinovimin e mandatit t\u00eb Isidro Fain\u00e9 si kryetar edhe p\u00ebr kat\u00ebr vite t\u00eb tjera. N\u00eb mosh\u00eb t\u00eb thyer, arkitekti i heshtur i pushtetit korporativ spanjoll kishte fituar edhe nj\u00ebher\u00eb betej\u00ebn m\u00eb vendimtare t\u00eb karrier\u00ebs s\u00eb tij.<\/span><\/p>\n<p><span style=\"color: #000000;\"><strong><span style=\"color: #ff0000;\">VINI RE<\/span><\/strong>: Ky material \u00ebsht\u00eb pron\u00ebsi intelektuale e <a style=\"color: #000000;\" href=\"https:\/\/www.ft.com\/content\/708bbf41-a174-4c04-b96d-c6cfeca2a805\"><span style=\"color: #0000ff;\">Financial Times<\/span><\/a><\/span><\/p>\n<p><span style=\"color: #000000;\">P\u00ebrgatiti p\u00ebr <span style=\"color: #0000ff;\">Hashtag.al,<\/span> k.manjani<\/span><\/p>\n","protected":false,"gt_translate_keys":[{"key":"rendered","format":"html"}]},"excerpt":{"rendered":"<p>Isidro Fain\u00e9, nj\u00eb 83-vje\u00e7ar i rezervuar n\u00eb pamje, por nd\u00ebr njer\u00ebzit m\u00eb me ndikim n\u00eb Spanj\u00eb, hyri n\u00eb nj\u00eb mbledhje t\u00eb bordit t\u00eb Telef\u00f3nica-s nj\u00eb t\u00eb premte t\u00eb janarit t\u00eb kaluar me nj\u00eb sekret t\u00eb madh. Si drejtor i grupit t\u00eb telekomunikacionit, ai e dinte se at\u00eb pasdite Jos\u00e9 Mar\u00eda \u00c1lvarez-Pallete do t\u00eb shkarkohej nga [&hellip;]<\/p>\n","protected":false,"gt_translate_keys":[{"key":"rendered","format":"html"}]},"author":51,"featured_media":781128,"comment_status":"closed","ping_status":"open","sticky":false,"template":"","format":"standard","meta":{"footnotes":""},"categories":[22],"tags":[],"class_list":["post-781127","post","type-post","status-publish","format-standard","has-post-thumbnail","hentry","category-ballina"],"gt_translate_keys":[{"key":"link","format":"url"}],"_links":{"self":[{"href":"https:\/\/www.hashtag.al\/index.php\/wp-json\/wp\/v2\/posts\/781127","targetHints":{"allow":["GET"]}}],"collection":[{"href":"https:\/\/www.hashtag.al\/index.php\/wp-json\/wp\/v2\/posts"}],"about":[{"href":"https:\/\/www.hashtag.al\/index.php\/wp-json\/wp\/v2\/types\/post"}],"author":[{"embeddable":true,"href":"https:\/\/www.hashtag.al\/index.php\/wp-json\/wp\/v2\/users\/51"}],"replies":[{"embeddable":true,"href":"https:\/\/www.hashtag.al\/index.php\/wp-json\/wp\/v2\/comments?post=781127"}],"version-history":[{"count":99999,"href":"https:\/\/www.hashtag.al\/index.php\/wp-json\/wp\/v2\/posts\/781127\/revisions"}],"predecessor-version":[{"id":781132,"href":"https:\/\/www.hashtag.al\/index.php\/wp-json\/wp\/v2\/posts\/781127\/revisions\/781132"}],"wp:featuredmedia":[{"embeddable":true,"href":"https:\/\/www.hashtag.al\/index.php\/wp-json\/wp\/v2\/media\/781128"}],"wp:attachment":[{"href":"https:\/\/www.hashtag.al\/index.php\/wp-json\/wp\/v2\/media?parent=781127"}],"wp:term":[{"taxonomy":"category","embeddable":true,"href":"https:\/\/www.hashtag.al\/index.php\/wp-json\/wp\/v2\/categories?post=781127"},{"taxonomy":"post_tag","embeddable":true,"href":"https:\/\/www.hashtag.al\/index.php\/wp-json\/wp\/v2\/tags?post=781127"}],"curies":[{"name":"wp","href":"https:\/\/api.w.org\/{rel}","templated":true}]}}