{"id":781124,"date":"2026-01-13T20:15:53","date_gmt":"2026-01-13T19:15:53","guid":{"rendered":"https:\/\/www.hashtag.al\/?p=781124"},"modified":"2026-01-13T20:15:53","modified_gmt":"2026-01-13T19:15:53","slug":"ish-ministri-polak-i-drejtesise-merr-azil-politik-ne-hungari-rriten-tensionet-varshave-budapest","status":"publish","type":"post","link":"https:\/\/www.hashtag.al\/index.php\/2026\/01\/13\/ish-ministri-polak-i-drejtesise-merr-azil-politik-ne-hungari-rriten-tensionet-varshave-budapest\/","title":{"rendered":"Ish-ministri polak i Drejt\u00ebsis\u00eb merr azil politik n\u00eb Hungari, rriten tensionet Varshav\u00eb\u2013Budapest","gt_translate_keys":[{"key":"rendered","format":"text"}]},"content":{"rendered":"<p><img loading=\"lazy\" decoding=\"async\" class=\"aligncenter size-full wp-image-781125\" src=\"https:\/\/www.hashtag.al\/wp-content\/uploads\/2026\/01\/ziobro.png\" alt=\"\" width=\"700\" height=\"394\" srcset=\"https:\/\/www.hashtag.al\/wp-content\/uploads\/2026\/01\/ziobro.png 700w, https:\/\/www.hashtag.al\/wp-content\/uploads\/2026\/01\/ziobro-300x169.png 300w\" sizes=\"auto, (max-width: 700px) 100vw, 700px\" \/><\/p>\n<p><span style=\"color: #000000;\">Ish-ministrit polak t\u00eb Drejt\u00ebsis\u00eb, Zbigniew Ziobro, i \u00ebsht\u00eb dh\u00ebn\u00eb azil politik nga Hungaria, pasi ai pretendon se po p\u00ebrballet me nj\u00eb ndjekje penale t\u00eb motivuar politikisht n\u00eb Poloni. Vendimi ka p\u00ebrkeq\u00ebsuar m\u00eb tej marr\u00ebdh\u00ebniet tashm\u00eb t\u00eb tensionuara mes Varshav\u00ebs dhe Budapestit.<\/span><\/p>\n<p><span style=\"color: #000000;\">Ziobro, nj\u00eb figur\u00eb ky\u00e7e e ish-qeveris\u00eb s\u00eb krahut t\u00eb djatht\u00eb Ligj dhe Drejt\u00ebsi (PiS), e cila humbi pushtetin n\u00eb vitin 2023 p\u00ebrball\u00eb koalicionit pro-BE t\u00eb udh\u00ebhequr nga Donald Tusk, akuzohet p\u00ebr abuzim me detyr\u00ebn dhe keqp\u00ebrdorim fondesh publike. Gjat\u00eb mandatit t\u00eb tij, ai ishte arkitekti kryesor i reformave n\u00eb drejt\u00ebsi q\u00eb shkaktuan p\u00ebrplasje t\u00eb ashpra me Bashkimin Evropian p\u00ebr shkak t\u00eb shqet\u00ebsimeve mbi shtetin e s\u00eb drejt\u00ebs.<\/span><\/p>\n<p><span style=\"color: #000000;\">Prokuroria polake ka ngritur 26 akuza ndaj Ziobros, p\u00ebrfshir\u00eb abuzim me pushtetin, keqp\u00ebrdorim fondesh dhe drejtimin e nj\u00eb grupi kriminal. Ish-ministri i mohon t\u00eb gjitha akuzat, duke i cil\u00ebsuar ato si hakmarrje politike.<\/span><\/p>\n<p><span style=\"color: #000000;\">\u201cJam objekt i nj\u00eb fushate hakmarrjeje personale nga Donald Tusk dhe rrethi i tij,\u201d shkroi Ziobro n\u00eb rrjetin social X, duke pretenduar se po p\u00ebrballet me \u201cmetoda t\u00eb stilit stalinist\u201d p\u00ebr shtypjen e kund\u00ebrshtar\u00ebve politik\u00eb.<\/span><\/p>\n<p><span style=\"color: #000000;\"><strong>Vendimi i Budapestit<\/strong><\/span><\/p>\n<p><span style=\"color: #000000;\">Qeveria e kryeministrit hungarez Viktor Orb\u00e1n i dha azil Ziobros vet\u00ebm disa dit\u00eb p\u00ebrpara se prokuror\u00ebt polak\u00eb t\u00eb pritej t\u00eb k\u00ebrkonin nj\u00eb urdh\u00ebr-arresti nd\u00ebrkomb\u00ebtar. Ziobro nuk i \u00ebsht\u00eb p\u00ebrgjigjur thirrjeve t\u00eb p\u00ebrs\u00ebritura p\u00ebr t\u2019u paraqitur para drejt\u00ebsis\u00eb dhe ka q\u00ebndruar n\u00eb Hungari, duke p\u00ebrmendur edhe arsye sh\u00ebndet\u00ebsore.<\/span><\/p>\n<p><span style=\"color: #000000;\">Avokati i tij, Bartosz Lewandowski, tha se azili u dha p\u00ebr shkak t\u00eb \u201cshkeljeve serioze t\u00eb t\u00eb drejtave dhe lirive themelore\u201d me t\u00eb cilat klienti i tij, sipas tij, po p\u00ebrballet n\u00eb Poloni.<\/span><\/p>\n<p><span style=\"color: #000000;\"><strong>P\u00ebrplasje politike dhe diplomatike<\/strong><\/span><\/p>\n<p><span style=\"color: #000000;\">Orb\u00e1n ka qen\u00eb p\u00ebr vite nj\u00eb aleat i ngusht\u00eb i PiS-it, por marr\u00ebdh\u00ebniet mes dy vendeve u ftoh\u00ebn pas vitit 2022, kur Hungaria mbajti q\u00ebndrime m\u00eb t\u00eb buta ndaj Rusis\u00eb pas pushtimit t\u00eb Ukrain\u00ebs. Rikthimi i Donald Tuskut n\u00eb pushtet e ka thelluar m\u00eb tej p\u00ebrplasjen politike mes Varshav\u00ebs dhe Budapestit.<\/span><\/p>\n<p><span style=\"color: #000000;\">N\u00eb n\u00ebntor, parlamenti polak votoi heqjen e imunitetit parlamentar t\u00eb Ziobros. N\u00ebse shpallet fajtor p\u00ebr t\u00eb gjitha akuzat, ai mund t\u00eb p\u00ebrballet me deri n\u00eb 25 vjet burg.<\/span><\/p>\n<p><span style=\"color: #000000;\">Vendimi i Hungaris\u00eb u d\u00ebnua ashp\u00ebr nga qeveria polake. Ministri i Jasht\u00ebm Rados\u0142aw Sikorski reagoi me ironi n\u00eb X, duke pyetur: \u201cStacioni i radh\u00ebs Minsku apo Moska?\u201d, n\u00eb nj\u00eb referenc\u00eb t\u00eb drejtp\u00ebrdrejt\u00eb ndaj marr\u00ebdh\u00ebnieve t\u00eb ngushta t\u00eb Orb\u00e1nit me Rusin\u00eb.<\/span><\/p>\n<p><span style=\"color: #000000;\"><strong>Sfondi i reformave n\u00eb drejt\u00ebsi<\/strong><\/span><\/p>\n<p><span style=\"color: #000000;\">Ky nuk \u00ebsht\u00eb rasti i par\u00eb i till\u00eb. N\u00eb vitin 2024, Hungaria i dha azil edhe Marcin Romanowskit, ish-z\u00ebvend\u00ebsminist\u00ebr i Drejt\u00ebsis\u00eb n\u00ebn drejtimin e Ziobros.<\/span><\/p>\n<p><span style=\"color: #000000;\">Reformat e nd\u00ebrmarra nga Ziobro n\u00eb sistemin gjyq\u00ebsor \u00e7uan n\u00eb bllokimin e miliarda eurove fonde t\u00eb BE-s\u00eb p\u00ebr Polonin\u00eb. Pas ardhjes n\u00eb pushtet, Tusk u zotua t\u00eb rikthente shtetin e s\u00eb drejt\u00ebs, \u00e7ka b\u00ebri q\u00eb Brukseli t\u00eb zhbllokonte fondet. Megjithat\u00eb, zbatimi i reformave t\u00eb reja ka hasur pengesa, pasi Presidenti Karol Nawrocki, i lidhur me PiS-in, ka p\u00ebrdorur veton p\u00ebr t\u00eb bllokuar disa nisma ligjore t\u00eb qeveris\u00eb, shkruan <span style=\"color: #0000ff;\"><a style=\"color: #0000ff;\" href=\"https:\/\/www.ft.com\/content\/a947ac05-b490-4481-be2a-65e6e32d0f55\">Financial Times<\/a><\/span>.<\/span><\/p>\n","protected":false,"gt_translate_keys":[{"key":"rendered","format":"html"}]},"excerpt":{"rendered":"<p>Ish-ministrit polak t\u00eb Drejt\u00ebsis\u00eb, Zbigniew Ziobro, i \u00ebsht\u00eb dh\u00ebn\u00eb azil politik nga Hungaria, pasi ai pretendon se po p\u00ebrballet me nj\u00eb ndjekje penale t\u00eb motivuar politikisht n\u00eb Poloni. Vendimi ka p\u00ebrkeq\u00ebsuar m\u00eb tej marr\u00ebdh\u00ebniet tashm\u00eb t\u00eb tensionuara mes Varshav\u00ebs dhe Budapestit. Ziobro, nj\u00eb figur\u00eb ky\u00e7e e ish-qeveris\u00eb s\u00eb krahut t\u00eb djatht\u00eb Ligj dhe Drejt\u00ebsi (PiS), [&hellip;]<\/p>\n","protected":false,"gt_translate_keys":[{"key":"rendered","format":"html"}]},"author":51,"featured_media":781125,"comment_status":"closed","ping_status":"open","sticky":false,"template":"","format":"standard","meta":{"footnotes":""},"categories":[53],"tags":[],"class_list":["post-781124","post","type-post","status-publish","format-standard","has-post-thumbnail","hentry","category-fast-foodi"],"gt_translate_keys":[{"key":"link","format":"url"}],"_links":{"self":[{"href":"https:\/\/www.hashtag.al\/index.php\/wp-json\/wp\/v2\/posts\/781124","targetHints":{"allow":["GET"]}}],"collection":[{"href":"https:\/\/www.hashtag.al\/index.php\/wp-json\/wp\/v2\/posts"}],"about":[{"href":"https:\/\/www.hashtag.al\/index.php\/wp-json\/wp\/v2\/types\/post"}],"author":[{"embeddable":true,"href":"https:\/\/www.hashtag.al\/index.php\/wp-json\/wp\/v2\/users\/51"}],"replies":[{"embeddable":true,"href":"https:\/\/www.hashtag.al\/index.php\/wp-json\/wp\/v2\/comments?post=781124"}],"version-history":[{"count":99999,"href":"https:\/\/www.hashtag.al\/index.php\/wp-json\/wp\/v2\/posts\/781124\/revisions"}],"predecessor-version":[{"id":781126,"href":"https:\/\/www.hashtag.al\/index.php\/wp-json\/wp\/v2\/posts\/781124\/revisions\/781126"}],"wp:featuredmedia":[{"embeddable":true,"href":"https:\/\/www.hashtag.al\/index.php\/wp-json\/wp\/v2\/media\/781125"}],"wp:attachment":[{"href":"https:\/\/www.hashtag.al\/index.php\/wp-json\/wp\/v2\/media?parent=781124"}],"wp:term":[{"taxonomy":"category","embeddable":true,"href":"https:\/\/www.hashtag.al\/index.php\/wp-json\/wp\/v2\/categories?post=781124"},{"taxonomy":"post_tag","embeddable":true,"href":"https:\/\/www.hashtag.al\/index.php\/wp-json\/wp\/v2\/tags?post=781124"}],"curies":[{"name":"wp","href":"https:\/\/api.w.org\/{rel}","templated":true}]}}