{"id":780992,"date":"2026-01-13T08:01:56","date_gmt":"2026-01-13T07:01:56","guid":{"rendered":"https:\/\/www.hashtag.al\/?p=780992"},"modified":"2026-01-13T08:01:56","modified_gmt":"2026-01-13T07:01:56","slug":"nato-dhe-qeveria-lokale-kerkojne-forcimin-e-mbrojtjes-mes-deklaratave-te-trump-per-groenlanden","status":"publish","type":"post","link":"https:\/\/www.hashtag.al\/index.php\/2026\/01\/13\/nato-dhe-qeveria-lokale-kerkojne-forcimin-e-mbrojtjes-mes-deklaratave-te-trump-per-groenlanden\/","title":{"rendered":"NATO dhe qeveria lokale k\u00ebrkojn\u00eb forcimin e mbrojtjes mes deklaratave t\u00eb Trump p\u00ebr Groenland\u00ebn","gt_translate_keys":[{"key":"rendered","format":"text"}]},"content":{"rendered":"<p data-start=\"110\" data-end=\"321\"><span style=\"color: #000000;\"><img loading=\"lazy\" decoding=\"async\" class=\"size-full wp-image-780993 aligncenter\" src=\"https:\/\/www.hashtag.al\/wp-content\/uploads\/2026\/01\/IMG_5413.webp\" alt=\"\" width=\"1366\" height=\"768\" srcset=\"https:\/\/www.hashtag.al\/wp-content\/uploads\/2026\/01\/IMG_5413.webp 1366w, https:\/\/www.hashtag.al\/wp-content\/uploads\/2026\/01\/IMG_5413-300x169.webp 300w, https:\/\/www.hashtag.al\/wp-content\/uploads\/2026\/01\/IMG_5413-1024x576.webp 1024w, https:\/\/www.hashtag.al\/wp-content\/uploads\/2026\/01\/IMG_5413-768x432.webp 768w\" sizes=\"auto, (max-width: 1366px) 100vw, 1366px\" \/><br \/>\nPresidenti amerikan Donald Trump ka k\u00ebmb\u00ebngulur se Groenlanda duhet t\u00eb vihet n\u00ebn kontrollin e Shteteve t\u00eb Bashkuara, duke argumentuar se territori autonom danez \u00ebsht\u00eb thelb\u00ebsor p\u00ebr sigurin\u00eb komb\u00ebtare t\u00eb SHBA-s\u00eb, p\u00ebrcjell <span style=\"color: #0000ff;\"><a style=\"color: #0000ff;\" href=\"https:\/\/www.euronews.com\/2026\/01\/12\/greenland-and-nato-vow-to-boost-arctic-security-after-trumps-annexation-threats\">Euronews<\/a><\/span>.<\/span><\/p>\n<p data-start=\"323\" data-end=\"542\"><span style=\"color: #000000;\">N\u00eb k\u00ebt\u00eb kontekst, NATO dhe qeveria e Groenland\u00ebs deklaruan t\u00eb h\u00ebn\u00ebn se synojn\u00eb t\u00eb punojn\u00eb p\u00ebr forcimin e mbrojtjes s\u00eb ishullit, me shpres\u00ebn p\u00ebr t\u00eb dekurajuar \u00e7do p\u00ebrpjekje t\u00eb mundshme p\u00ebr aneksim nga ana e Uashingtonit.<\/span><\/p>\n<p data-start=\"544\" data-end=\"766\"><span style=\"color: #000000;\">Tensionet u shtuan edhe m\u00eb tej t\u00eb diel\u00ebn, kur Trump deklaroi se SHBA do ta merrte Groenland\u00ebn \u201cn\u00eb nj\u00eb m\u00ebnyr\u00eb apo n\u00eb nj\u00eb tjet\u00ebr\u201d, duke ironizuar mbrojtjen e ishullit, p\u00ebr t\u00eb cil\u00ebn tha se p\u00ebrb\u00ebhej vet\u00ebm nga \u201cdy slita qensh\u201d.<\/span><\/p>\n<p data-start=\"768\" data-end=\"1025\"><span style=\"color: #000000;\">P\u00ebrball\u00eb perspektiv\u00ebs s\u00eb aneksimit me forc\u00eb, kryeministri i Groenland\u00ebs, Jens-Frederik Nielsen, tha se shpresat e tij jan\u00eb te NATO.<\/span><br data-start=\"899\" data-end=\"902\" \/><span style=\"color: #000000;\">\u201cSiguria dhe mbrojtja jon\u00eb i p\u00ebrkasin NATO-s. Kjo \u00ebsht\u00eb nj\u00eb vij\u00eb themelore dhe e pal\u00ebkundur\u201d, shkroi ai n\u00eb rrjetet sociale.<\/span><\/p>\n<p data-start=\"1027\" data-end=\"1242\"><span style=\"color: #000000;\">Nielsen shtoi se qeveria e tij do t\u00eb punoj\u00eb q\u00eb zhvillimi i mbrojtjes n\u00eb dhe rreth Groenland\u00ebs t\u00eb b\u00ebhet n\u00eb bashk\u00ebpunim t\u00eb ngusht\u00eb me NATO-n, n\u00eb dialog me aleat\u00ebt, p\u00ebrfshir\u00eb SHBA-n\u00eb, si dhe n\u00eb koordinim me Danimark\u00ebn.<\/span><\/p>\n<p data-start=\"1244\" data-end=\"1572\"><span style=\"color: #000000;\">Edhe sekretari i p\u00ebrgjithsh\u00ebm i NATO-s, Mark Rutte, deklaroi t\u00eb h\u00ebn\u00ebn se aleanca po punon p\u00ebr \u201chapat e ardhsh\u00ebm\u201d p\u00ebr forcimin e siguris\u00eb n\u00eb Arktik. Sipas diplomat\u00ebve t\u00eb NATO-s, disa vende an\u00ebtare po hedhin ide p\u00ebr nisjen e nj\u00eb misioni t\u00eb ri n\u00eb rajon, megjith\u00ebse diskutimet jan\u00eb ende n\u00eb faz\u00eb fillestare dhe pa propozime konkrete.<\/span><\/p>\n<p data-start=\"1574\" data-end=\"1910\"><span style=\"color: #000000;\">Nd\u00ebrkoh\u00eb, kryeministrja daneze Mette Frederiksen ka paralajm\u00ebruar se \u00e7do sulm i armatosur amerikan ndaj Groenland\u00ebs do t\u00eb n\u00ebnkuptonte fundin e NATO-s. N\u00eb p\u00ebrpjekje p\u00ebr t\u00eb qet\u00ebsuar Uashingtonin, Kopenhaga ka rritur ndjesh\u00ebm investimet n\u00eb sigurin\u00eb e rajonit, duke alokuar rreth 90 miliard\u00eb korona daneze (11 miliard\u00eb euro) p\u00ebr vitin 2025.<\/span><\/p>\n<p data-start=\"1912\" data-end=\"2429\"><span style=\"color: #000000;\">Groenlanda, me rreth 57 mij\u00eb banor\u00eb, \u00ebsht\u00eb territor i gjer\u00eb, i pasur me burime minerare kryesisht t\u00eb pashfryt\u00ebzuara dhe me nj\u00eb pozicion strategjik. Q\u00eb nga Lufta e Dyt\u00eb Bot\u00ebrore dhe Lufta e Ftoht\u00eb, ishulli ka strehuar disa baza ushtarake amerikane, por sot vet\u00ebm nj\u00eb e till\u00eb mbetet aktive. Sipas Rutte, Danimarka nuk do t\u00eb kishte problem me nj\u00eb prani m\u00eb t\u00eb madhe ushtarake amerikane n\u00eb ishull, pasi nj\u00eb marr\u00ebveshje e vitit 1951, e p\u00ebrdit\u00ebsuar n\u00eb 2004, i lejon SHBA-s\u00eb t\u00eb d\u00ebrgoj\u00eb trupa duke njoftuar thjesht Danimark\u00ebn.<\/span><\/p>\n<p data-start=\"2431\" data-end=\"2714\"><span style=\"color: #000000;\">N\u00eb frontin diplomatik, Danimarka po p\u00ebrgatitet p\u00ebr nj\u00eb takim k\u00ebt\u00eb jav\u00eb n\u00eb Uashington mes p\u00ebrfaq\u00ebsuesve danez\u00eb, atyre t\u00eb Groenland\u00ebs dhe Sekretarit amerikan t\u00eb Shtetit, Marco Rubio. Mediat raportojn\u00eb se Kopenhaga synon t\u00eb paraqitet me nj\u00eb q\u00ebndrim t\u00eb unifikuar p\u00ebrpara pal\u00ebs amerikane.<\/span><\/p>\n<p data-start=\"2716\" data-end=\"3037\"><span style=\"color: #000000;\">Qeveria e Groenland\u00ebs deklaroi t\u00eb h\u00ebn\u00ebn se \u201cnuk mund t\u00eb pranoj\u00eb n\u00eb asnj\u00eb rrethan\u00eb\u201d nj\u00eb marrje t\u00eb ishullit nga SHBA. Sondazhet tregojn\u00eb se shumica d\u00ebrrmuese e banor\u00ebve e kund\u00ebrshtojn\u00eb nj\u00eb skenar t\u00eb till\u00eb.<\/span><br data-start=\"2919\" data-end=\"2922\" \/><span style=\"color: #000000;\">\u201cNe kemi qen\u00eb koloni p\u00ebr shum\u00eb vite. Nuk jemi gati t\u00eb b\u00ebhemi s\u00ebrish koloni\u201d, tha p\u00ebr AFP peshkatari Julius Nielsen.<\/span><\/p>\n<p data-start=\"3039\" data-end=\"3250\" data-is-last-node=\"\" data-is-only-node=\"\"><span style=\"color: #000000;\">Nd\u00ebrkoh\u00eb, nj\u00eb delegacion dypartiak i Kongresit amerikan, i kryesuar nga senatori Chris Coons, pritet t\u00eb vizitoj\u00eb Kopenhag\u00ebn k\u00ebt\u00eb jav\u00eb, n\u00eb p\u00ebrpjekje p\u00ebr t\u00eb treguar unitet mes Shteteve t\u00eb Bashkuara dhe Danimark\u00ebs.<\/span><\/p>\n","protected":false,"gt_translate_keys":[{"key":"rendered","format":"html"}]},"excerpt":{"rendered":"<p>Presidenti amerikan Donald Trump ka k\u00ebmb\u00ebngulur se Groenlanda duhet t\u00eb vihet n\u00ebn kontrollin e Shteteve t\u00eb Bashkuara, duke argumentuar se territori autonom danez \u00ebsht\u00eb thelb\u00ebsor p\u00ebr sigurin\u00eb komb\u00ebtare t\u00eb SHBA-s\u00eb, p\u00ebrcjell Euronews. N\u00eb k\u00ebt\u00eb kontekst, NATO dhe qeveria e Groenland\u00ebs deklaruan t\u00eb h\u00ebn\u00ebn se synojn\u00eb t\u00eb punojn\u00eb p\u00ebr forcimin e mbrojtjes s\u00eb ishullit, me shpres\u00ebn [&hellip;]<\/p>\n","protected":false,"gt_translate_keys":[{"key":"rendered","format":"html"}]},"author":32,"featured_media":780993,"comment_status":"closed","ping_status":"open","sticky":false,"template":"","format":"standard","meta":{"footnotes":""},"categories":[53],"tags":[],"class_list":["post-780992","post","type-post","status-publish","format-standard","has-post-thumbnail","hentry","category-fast-foodi"],"gt_translate_keys":[{"key":"link","format":"url"}],"_links":{"self":[{"href":"https:\/\/www.hashtag.al\/index.php\/wp-json\/wp\/v2\/posts\/780992","targetHints":{"allow":["GET"]}}],"collection":[{"href":"https:\/\/www.hashtag.al\/index.php\/wp-json\/wp\/v2\/posts"}],"about":[{"href":"https:\/\/www.hashtag.al\/index.php\/wp-json\/wp\/v2\/types\/post"}],"author":[{"embeddable":true,"href":"https:\/\/www.hashtag.al\/index.php\/wp-json\/wp\/v2\/users\/32"}],"replies":[{"embeddable":true,"href":"https:\/\/www.hashtag.al\/index.php\/wp-json\/wp\/v2\/comments?post=780992"}],"version-history":[{"count":99999,"href":"https:\/\/www.hashtag.al\/index.php\/wp-json\/wp\/v2\/posts\/780992\/revisions"}],"predecessor-version":[{"id":780994,"href":"https:\/\/www.hashtag.al\/index.php\/wp-json\/wp\/v2\/posts\/780992\/revisions\/780994"}],"wp:featuredmedia":[{"embeddable":true,"href":"https:\/\/www.hashtag.al\/index.php\/wp-json\/wp\/v2\/media\/780993"}],"wp:attachment":[{"href":"https:\/\/www.hashtag.al\/index.php\/wp-json\/wp\/v2\/media?parent=780992"}],"wp:term":[{"taxonomy":"category","embeddable":true,"href":"https:\/\/www.hashtag.al\/index.php\/wp-json\/wp\/v2\/categories?post=780992"},{"taxonomy":"post_tag","embeddable":true,"href":"https:\/\/www.hashtag.al\/index.php\/wp-json\/wp\/v2\/tags?post=780992"}],"curies":[{"name":"wp","href":"https:\/\/api.w.org\/{rel}","templated":true}]}}