{"id":780959,"date":"2026-01-12T22:13:06","date_gmt":"2026-01-12T21:13:06","guid":{"rendered":"https:\/\/www.hashtag.al\/?p=780959"},"modified":"2026-01-12T22:13:06","modified_gmt":"2026-01-12T21:13:06","slug":"te-pakten-648-te-vrare-ne-protestat-ne-iran-pahlavi-i-ben-thirrje-trumpit-per-nderhyrje","status":"publish","type":"post","link":"https:\/\/www.hashtag.al\/index.php\/2026\/01\/12\/te-pakten-648-te-vrare-ne-protestat-ne-iran-pahlavi-i-ben-thirrje-trumpit-per-nderhyrje\/","title":{"rendered":"T\u00eb pakt\u00ebn 648 t\u00eb vrar\u00eb n\u00eb protestat n\u00eb Iran, Pahlavi i b\u00ebn thirrje Trumpit p\u00ebr nd\u00ebrhyrje","gt_translate_keys":[{"key":"rendered","format":"text"}]},"content":{"rendered":"<p><img loading=\"lazy\" decoding=\"async\" class=\"aligncenter size-full wp-image-780960\" src=\"https:\/\/www.hashtag.al\/wp-content\/uploads\/2026\/01\/BJIeGsfHZe_0_0_850_479_0_x-large.jpg\" alt=\"\" width=\"850\" height=\"479\" srcset=\"https:\/\/www.hashtag.al\/wp-content\/uploads\/2026\/01\/BJIeGsfHZe_0_0_850_479_0_x-large.jpg 850w, https:\/\/www.hashtag.al\/wp-content\/uploads\/2026\/01\/BJIeGsfHZe_0_0_850_479_0_x-large-300x169.jpg 300w, https:\/\/www.hashtag.al\/wp-content\/uploads\/2026\/01\/BJIeGsfHZe_0_0_850_479_0_x-large-768x433.jpg 768w\" sizes=\"auto, (max-width: 850px) 100vw, 850px\" \/><\/p>\n<p><span style=\"color: #000000;\">T\u00eb pakt\u00ebn 648 protestues jan\u00eb vrar\u00eb n\u00eb Iran q\u00eb nga shp\u00ebrthimi i demonstratave antiqeveritare, sipas organizat\u00ebs Iran Human Rights. Mes viktimave raportohet se jan\u00eb edhe n\u00ebnt\u00eb t\u00eb mitur, nd\u00ebrsa mij\u00ebra persona t\u00eb tjer\u00eb jan\u00eb plagosur. Shifra t\u00eb tjera, ende t\u00eb paverifikuara, flasin p\u00ebr mbi 1,000 t\u00eb vdekur, nd\u00ebrsa disa vler\u00ebsime e \u00e7ojn\u00eb numrin edhe mbi 6,000.<\/span><\/p>\n<p><span style=\"color: #000000;\">N\u00eb k\u00ebt\u00eb kontekst tensioni, princi i kuror\u00ebs iranian n\u00eb m\u00ebrgim, Reza Pahlavi, i konsideruar gjer\u00ebsisht jasht\u00eb Iranit si figura simbolike e protestave, i ka b\u00ebr\u00eb thirrje presidentit amerikan Donald Trump q\u00eb t\u00eb veproj\u00eb. N\u00eb nj\u00eb mesazh t\u00eb publikuar n\u00eb rrjetin X, Pahlavi deklaroi se \u201ctani \u00ebsht\u00eb koha p\u00ebr t\u00eb vepruar\u201d p\u00ebr t\u2019i dh\u00ebn\u00eb fund sundimit t\u00eb ajatollah\u00ebve, duke shtuar se regjimi iranian \u00ebsht\u00eb i dob\u00ebsuar dhe se populli \u00ebsht\u00eb gati p\u00ebr ta p\u00ebrmbysur.<\/span><\/p>\n<p><span style=\"color: #000000;\">\u201cPopulli nuk ka nevoj\u00eb p\u00ebr trupa t\u00eb huaja n\u00eb terren, por p\u00ebr veprimin e liderit t\u00eb bot\u00ebs s\u00eb lir\u00eb,\u201d shkroi ai, duke paralajm\u00ebruar se negociatat me regjimin aktual nuk do t\u00eb sjellin paqe, nd\u00ebrsa mb\u00ebshtetja e menj\u00ebhershme p\u00ebr protestuesit, sipas tij, mund t\u00eb shp\u00ebtoj\u00eb mij\u00ebra jet\u00eb dhe t\u00eb garantoj\u00eb stabilitet afatgjat\u00eb n\u00eb rajon.<\/span><\/p>\n<p><img loading=\"lazy\" decoding=\"async\" class=\"aligncenter size-full wp-image-780961\" src=\"https:\/\/www.hashtag.al\/wp-content\/uploads\/2026\/01\/ryVkellBZx_0_0_850_479_0_x-large.jpg\" alt=\"\" width=\"850\" height=\"479\" srcset=\"https:\/\/www.hashtag.al\/wp-content\/uploads\/2026\/01\/ryVkellBZx_0_0_850_479_0_x-large.jpg 850w, https:\/\/www.hashtag.al\/wp-content\/uploads\/2026\/01\/ryVkellBZx_0_0_850_479_0_x-large-300x169.jpg 300w, https:\/\/www.hashtag.al\/wp-content\/uploads\/2026\/01\/ryVkellBZx_0_0_850_479_0_x-large-768x433.jpg 768w\" sizes=\"auto, (max-width: 850px) 100vw, 850px\" \/><\/p>\n<p><span style=\"color: #000000;\">Vala e fundit e protestave shp\u00ebrtheu t\u00eb enjten, pas thirrjes s\u00eb Pahlavit q\u00eb qytetar\u00ebt t\u00eb dilnin n\u00eb rrug\u00eb n\u00eb or\u00ebn 20:00. Ai shpalli nj\u00eb \u201cfaz\u00eb t\u00eb re t\u00eb kryengritjes komb\u00ebtare\u201d p\u00ebr rr\u00ebzimin e Republik\u00ebs Islamike, duke paralajm\u00ebruar se institucionet dhe zyrtar\u00ebt e p\u00ebrfshir\u00eb n\u00eb propagand\u00ebn e regjimit konsiderohen objektiva legjitime t\u00eb rezistenc\u00ebs.<\/span><\/p>\n<p><span style=\"color: #000000;\">Nd\u00ebrkoh\u00eb, presidenti amerikan Donald Trump ka sinjalizuar mund\u00ebsin\u00eb e rikthimit n\u00eb bisedime me Teheranin p\u00ebr marr\u00ebveshjen b\u00ebrthamore, duke b\u00ebr\u00eb t\u00eb ditur se Irani ka propozuar negociata t\u00eb reja. Nga ana tjet\u00ebr, ai paralajm\u00ebroi regjimin iranian kund\u00ebr p\u00ebrdorimit t\u00eb dhun\u00ebs ndaj protestuesve, duke theksuar se SHBA do t\u00eb p\u00ebrgjigjet me forc\u00eb n\u00ebse situata p\u00ebrshkall\u00ebzohet.<\/span><\/p>\n<p><span style=\"color: #000000;\">Autoritetet iraniane kan\u00eb hedhur posht\u00eb akuzat p\u00ebr humbje masive jete. Ministri i Jasht\u00ebm, Abbas Araghchi, akuzoi Trumpin p\u00ebr nxitjen e dhun\u00ebs dhe deklaroi se situata n\u00eb vend \u00ebsht\u00eb \u201cplot\u00ebsisht n\u00ebn kontroll\u201d. Paralelisht, Teherani ka organizuar manifestime pro-regjimit, t\u00eb cilat mediat shtet\u00ebrore i kan\u00eb p\u00ebrshkruar si marshime masive n\u00eb disa provinca.<\/span><\/p>\n<p><img loading=\"lazy\" decoding=\"async\" class=\"aligncenter size-full wp-image-780962\" src=\"https:\/\/www.hashtag.al\/wp-content\/uploads\/2026\/01\/HkE0RvMrWg_0_0_836_681_0_x-large.jpg\" alt=\"\" width=\"835\" height=\"681\" srcset=\"https:\/\/www.hashtag.al\/wp-content\/uploads\/2026\/01\/HkE0RvMrWg_0_0_836_681_0_x-large.jpg 835w, https:\/\/www.hashtag.al\/wp-content\/uploads\/2026\/01\/HkE0RvMrWg_0_0_836_681_0_x-large-300x245.jpg 300w, https:\/\/www.hashtag.al\/wp-content\/uploads\/2026\/01\/HkE0RvMrWg_0_0_836_681_0_x-large-768x626.jpg 768w\" sizes=\"auto, (max-width: 835px) 100vw, 835px\" \/><\/p>\n<p><span style=\"color: #000000;\">Udh\u00ebheq\u00ebsi Suprem, Ajatollah Ali Khamenei, vler\u00ebsoi tubimet mb\u00ebshtet\u00ebse, duke i cil\u00ebsuar si nj\u00eb mesazh t\u00eb qart\u00eb p\u00ebr kund\u00ebrshtar\u00ebt e jasht\u00ebm t\u00eb Iranit. Nd\u00ebrkoh\u00eb, zyrtar\u00eb t\u00eb lart\u00eb iranian\u00eb kan\u00eb paralajm\u00ebruar se vendi \u00ebsht\u00eb i gatsh\u00ebm t\u00eb p\u00ebrballet edhe me nj\u00eb skenar ushtarak, n\u00ebse k\u00ebrc\u00ebnimet nga Uashingtoni materializohen.<\/span><\/p>\n<p><span style=\"color: #000000;\">Situata n\u00eb terren mbetet e paqart\u00eb edhe p\u00ebr shkak t\u00eb bllokimit pothuajse total t\u00eb internetit, i cili ka zgjatur prej disa dit\u00ebsh. Sipas NetBlocks, lidhja n\u00eb Iran ka r\u00ebn\u00eb n\u00eb rreth 1% t\u00eb niveleve normale. Organizatat e t\u00eb drejtave t\u00eb njeriut raportojn\u00eb p\u00ebr arrestimin e mbi 10,600 personave dhe p\u00ebr rreth 600 protesta t\u00eb zhvilluara n\u00eb t\u00eb 31 provincat e vendit gjat\u00eb dy jav\u00ebve t\u00eb fundit, shkruan <span style=\"color: #0000ff;\"><a style=\"color: #0000ff;\" href=\"https:\/\/www.ynetnews.com\/article\/sy00k0izb11g#autoplay\">Ynet<\/a><\/span>.<\/span><\/p>\n<p><img loading=\"lazy\" decoding=\"async\" class=\"aligncenter size-full wp-image-780963\" src=\"https:\/\/www.hashtag.al\/wp-content\/uploads\/2026\/01\/ryDSR8bBZe_0_0_608_475_0_x-large.jpg\" alt=\"\" width=\"608\" height=\"475\" srcset=\"https:\/\/www.hashtag.al\/wp-content\/uploads\/2026\/01\/ryDSR8bBZe_0_0_608_475_0_x-large.jpg 608w, https:\/\/www.hashtag.al\/wp-content\/uploads\/2026\/01\/ryDSR8bBZe_0_0_608_475_0_x-large-300x234.jpg 300w\" sizes=\"auto, (max-width: 608px) 100vw, 608px\" \/><\/p>\n","protected":false,"gt_translate_keys":[{"key":"rendered","format":"html"}]},"excerpt":{"rendered":"<p>T\u00eb pakt\u00ebn 648 protestues jan\u00eb vrar\u00eb n\u00eb Iran q\u00eb nga shp\u00ebrthimi i demonstratave antiqeveritare, sipas organizat\u00ebs Iran Human Rights. Mes viktimave raportohet se jan\u00eb edhe n\u00ebnt\u00eb t\u00eb mitur, nd\u00ebrsa mij\u00ebra persona t\u00eb tjer\u00eb jan\u00eb plagosur. Shifra t\u00eb tjera, ende t\u00eb paverifikuara, flasin p\u00ebr mbi 1,000 t\u00eb vdekur, nd\u00ebrsa disa vler\u00ebsime e \u00e7ojn\u00eb numrin edhe mbi [&hellip;]<\/p>\n","protected":false,"gt_translate_keys":[{"key":"rendered","format":"html"}]},"author":51,"featured_media":780960,"comment_status":"closed","ping_status":"open","sticky":false,"template":"","format":"standard","meta":{"footnotes":""},"categories":[53],"tags":[],"class_list":["post-780959","post","type-post","status-publish","format-standard","has-post-thumbnail","hentry","category-fast-foodi"],"gt_translate_keys":[{"key":"link","format":"url"}],"_links":{"self":[{"href":"https:\/\/www.hashtag.al\/index.php\/wp-json\/wp\/v2\/posts\/780959","targetHints":{"allow":["GET"]}}],"collection":[{"href":"https:\/\/www.hashtag.al\/index.php\/wp-json\/wp\/v2\/posts"}],"about":[{"href":"https:\/\/www.hashtag.al\/index.php\/wp-json\/wp\/v2\/types\/post"}],"author":[{"embeddable":true,"href":"https:\/\/www.hashtag.al\/index.php\/wp-json\/wp\/v2\/users\/51"}],"replies":[{"embeddable":true,"href":"https:\/\/www.hashtag.al\/index.php\/wp-json\/wp\/v2\/comments?post=780959"}],"version-history":[{"count":99999,"href":"https:\/\/www.hashtag.al\/index.php\/wp-json\/wp\/v2\/posts\/780959\/revisions"}],"predecessor-version":[{"id":780964,"href":"https:\/\/www.hashtag.al\/index.php\/wp-json\/wp\/v2\/posts\/780959\/revisions\/780964"}],"wp:featuredmedia":[{"embeddable":true,"href":"https:\/\/www.hashtag.al\/index.php\/wp-json\/wp\/v2\/media\/780960"}],"wp:attachment":[{"href":"https:\/\/www.hashtag.al\/index.php\/wp-json\/wp\/v2\/media?parent=780959"}],"wp:term":[{"taxonomy":"category","embeddable":true,"href":"https:\/\/www.hashtag.al\/index.php\/wp-json\/wp\/v2\/categories?post=780959"},{"taxonomy":"post_tag","embeddable":true,"href":"https:\/\/www.hashtag.al\/index.php\/wp-json\/wp\/v2\/tags?post=780959"}],"curies":[{"name":"wp","href":"https:\/\/api.w.org\/{rel}","templated":true}]}}