{"id":780956,"date":"2026-01-12T22:03:50","date_gmt":"2026-01-12T21:03:50","guid":{"rendered":"https:\/\/www.hashtag.al\/?p=780956"},"modified":"2026-01-12T22:03:50","modified_gmt":"2026-01-12T21:03:50","slug":"ne-pd-eshte-shkaterruar-meritokracia-demokratet-ne-baze-si-pyet-njeri-salianji","status":"publish","type":"post","link":"https:\/\/www.hashtag.al\/index.php\/2026\/01\/12\/ne-pd-eshte-shkaterruar-meritokracia-demokratet-ne-baze-si-pyet-njeri-salianji\/","title":{"rendered":"\u201cN\u00eb PD \u00ebsht\u00eb shkat\u00ebrruar meritokracia, demokrat\u00ebt n\u00eb baz\u00eb s\u2019i pyet njeri\u201d &#8211; Salianji","gt_translate_keys":[{"key":"rendered","format":"text"}]},"content":{"rendered":"<p><img loading=\"lazy\" decoding=\"async\" class=\"aligncenter size-full wp-image-780957\" src=\"https:\/\/www.hashtag.al\/wp-content\/uploads\/2026\/01\/salianji.jpeg\" alt=\"\" width=\"1200\" height=\"630\" srcset=\"https:\/\/www.hashtag.al\/wp-content\/uploads\/2026\/01\/salianji.jpeg 1200w, https:\/\/www.hashtag.al\/wp-content\/uploads\/2026\/01\/salianji-300x158.jpeg 300w, https:\/\/www.hashtag.al\/wp-content\/uploads\/2026\/01\/salianji-1024x538.jpeg 1024w, https:\/\/www.hashtag.al\/wp-content\/uploads\/2026\/01\/salianji-768x403.jpeg 768w\" sizes=\"auto, (max-width: 1200px) 100vw, 1200px\" \/><\/p>\n<p><span style=\"color: #000000;\">Ervin Salianji ngriti shqet\u00ebsimin se demokrar\u00ebt n\u00eb baz\u00eb nuk i pyet njeri. <\/span><\/p>\n<p><span style=\"color: #000000;\">I ftuar n\u00eb emisionin \u201cT\u00eb Paekspozuarit\u201d, ish-deputeti tha se njer\u00ebzit jan\u00eb t\u00eb pak\u00ebnaqur me qeverin\u00eb, po edhe me drejtuesit e PD-s\u00eb p\u00ebr shkak t\u00eb arroganc\u00ebs s\u00eb k\u00ebtyre t\u00eb fundit. <\/span><\/p>\n<p><span style=\"color: #000000;\">Salianji theksoi gjithashtu se n\u00eb PD \u00ebsht\u00eb shkat\u00ebrruar meritokracia.<\/span><\/p>\n<p><span style=\"color: #000000;\"><em>\u201cJan\u00eb takime q\u00eb i b\u00ebj vet\u00eb. Un\u00eb shkoj nj\u00eb dit\u00eb para, diskutoj me ta, pyes si e mendojn\u00eb. Por ata sot nuk i pyet asnjeri, duket sikur i kan\u00eb pun\u00ebtor\u00eb. Marrin nj\u00eb mandat dhe ikin. Nuk p\u00ebrballen me ask\u00ebnd. Pak\u00ebnaq\u00ebsin\u00eb e kan\u00eb me t\u00eb gjith\u00eb se PD nuk b\u00ebhet k\u00ebshtu. E tregojn\u00eb votat. Ne nuk b\u00ebjm\u00eb nj\u00eb mandat deputeti me votat q\u00eb u mor\u00ebn. Ne kemi nxjerr\u00eb m\u00eb par\u00eb 7-8 deputet\u00eb n\u00eb ato zona. Njer\u00ebzit jan\u00eb t\u00eb pak\u00ebnaqur me qeverin\u00eb, por thon\u00eb se nuk duan q\u00eb t\u00eb vij\u00eb dikush q\u00eb nuk na pyet n\u00eb sht\u00ebpin\u00eb ton\u00eb, me t\u00eb nj\u00ebjt\u00ebn arroganc\u00eb si PS. Jan\u00eb pa pun\u00eb, marrin gjoba nga tatimet, nga policia dhe jan\u00eb t\u00eb shmangur. Dhe kur vjen puna p\u00ebr deputet\u00eb, vijn\u00eb njer\u00ebz q\u00eb nuk i njohin fare. \u00cbsht\u00eb shkat\u00ebrruar meritokracia n\u00eb PD. Le t\u00eb b\u00ebhen me primare. Nga ana tjet\u00ebr ndryshe thon\u00eb paradite ndryshe pasditeve, si p\u00ebr SPAK-un dhe p\u00ebr SHBA-t\u00eb. Kandidat\u00ebt p\u00ebr bashkin\u00eb duhen nxjerr\u00eb nj\u00eb vit para.\u201d<\/em> &#8211; tha Salianji.<\/span><\/p>\n","protected":false,"gt_translate_keys":[{"key":"rendered","format":"html"}]},"excerpt":{"rendered":"<p>Ervin Salianji ngriti shqet\u00ebsimin se demokrar\u00ebt n\u00eb baz\u00eb nuk i pyet njeri. I ftuar n\u00eb emisionin \u201cT\u00eb Paekspozuarit\u201d, ish-deputeti tha se njer\u00ebzit jan\u00eb t\u00eb pak\u00ebnaqur me qeverin\u00eb, po edhe me drejtuesit e PD-s\u00eb p\u00ebr shkak t\u00eb arroganc\u00ebs s\u00eb k\u00ebtyre t\u00eb fundit. Salianji theksoi gjithashtu se n\u00eb PD \u00ebsht\u00eb shkat\u00ebrruar meritokracia. \u201cJan\u00eb takime q\u00eb i b\u00ebj [&hellip;]<\/p>\n","protected":false,"gt_translate_keys":[{"key":"rendered","format":"html"}]},"author":51,"featured_media":780957,"comment_status":"closed","ping_status":"open","sticky":false,"template":"","format":"standard","meta":{"footnotes":""},"categories":[65],"tags":[],"class_list":["post-780956","post","type-post","status-publish","format-standard","has-post-thumbnail","hentry","category-lajme"],"gt_translate_keys":[{"key":"link","format":"url"}],"_links":{"self":[{"href":"https:\/\/www.hashtag.al\/index.php\/wp-json\/wp\/v2\/posts\/780956","targetHints":{"allow":["GET"]}}],"collection":[{"href":"https:\/\/www.hashtag.al\/index.php\/wp-json\/wp\/v2\/posts"}],"about":[{"href":"https:\/\/www.hashtag.al\/index.php\/wp-json\/wp\/v2\/types\/post"}],"author":[{"embeddable":true,"href":"https:\/\/www.hashtag.al\/index.php\/wp-json\/wp\/v2\/users\/51"}],"replies":[{"embeddable":true,"href":"https:\/\/www.hashtag.al\/index.php\/wp-json\/wp\/v2\/comments?post=780956"}],"version-history":[{"count":99999,"href":"https:\/\/www.hashtag.al\/index.php\/wp-json\/wp\/v2\/posts\/780956\/revisions"}],"predecessor-version":[{"id":780958,"href":"https:\/\/www.hashtag.al\/index.php\/wp-json\/wp\/v2\/posts\/780956\/revisions\/780958"}],"wp:featuredmedia":[{"embeddable":true,"href":"https:\/\/www.hashtag.al\/index.php\/wp-json\/wp\/v2\/media\/780957"}],"wp:attachment":[{"href":"https:\/\/www.hashtag.al\/index.php\/wp-json\/wp\/v2\/media?parent=780956"}],"wp:term":[{"taxonomy":"category","embeddable":true,"href":"https:\/\/www.hashtag.al\/index.php\/wp-json\/wp\/v2\/categories?post=780956"},{"taxonomy":"post_tag","embeddable":true,"href":"https:\/\/www.hashtag.al\/index.php\/wp-json\/wp\/v2\/tags?post=780956"}],"curies":[{"name":"wp","href":"https:\/\/api.w.org\/{rel}","templated":true}]}}