{"id":780859,"date":"2026-01-12T12:01:59","date_gmt":"2026-01-12T11:01:59","guid":{"rendered":"https:\/\/www.hashtag.al\/?p=780859"},"modified":"2026-01-12T12:01:59","modified_gmt":"2026-01-12T11:01:59","slug":"rama-shqiperia-ka-ndertuar-reputacion-pozitiv-ne-garat-nderkombetare-per-energjine","status":"publish","type":"post","link":"https:\/\/www.hashtag.al\/index.php\/2026\/01\/12\/rama-shqiperia-ka-ndertuar-reputacion-pozitiv-ne-garat-nderkombetare-per-energjine\/","title":{"rendered":"Rama: Shqip\u00ebria ka nd\u00ebrtuar reputacion pozitiv n\u00eb garat nd\u00ebrkomb\u00ebtare p\u00ebr energjin\u00eb","gt_translate_keys":[{"key":"rendered","format":"text"}]},"content":{"rendered":"<p data-start=\"176\" data-end=\"393\"><img loading=\"lazy\" decoding=\"async\" class=\"aligncenter size-full wp-image-780860\" src=\"https:\/\/www.hashtag.al\/wp-content\/uploads\/2026\/01\/1768210752_edirama.jpg\" alt=\"\" width=\"780\" height=\"440\" srcset=\"https:\/\/www.hashtag.al\/wp-content\/uploads\/2026\/01\/1768210752_edirama.jpg 780w, https:\/\/www.hashtag.al\/wp-content\/uploads\/2026\/01\/1768210752_edirama-300x169.jpg 300w, https:\/\/www.hashtag.al\/wp-content\/uploads\/2026\/01\/1768210752_edirama-768x433.jpg 768w\" sizes=\"auto, (max-width: 780px) 100vw, 780px\" \/><\/p>\n<p data-start=\"176\" data-end=\"393\"><span style=\"color: #000000;\">Kryeministri Edi Rama deklaroi se Shqip\u00ebria ka nd\u00ebrtuar nj\u00eb reputacion t\u00eb besuesh\u00ebm nd\u00ebrkomb\u00ebtar n\u00eb garat p\u00ebr investime n\u00eb sektorin energjitik, duke theksuar se proceset kan\u00eb qen\u00eb t\u00eb ndershme dhe transparente.<\/span><\/p>\n<p data-start=\"645\" data-end=\"866\"><span style=\"color: #000000;\">Ai shtoi se edhe investitor\u00ebt amerikan\u00eb kan\u00eb dh\u00ebn\u00eb d\u00ebshmi pozitive p\u00ebr bashk\u00ebpunimin me institucionet shqiptare, duke theksuar se qeveria ka qen\u00eb pran\u00eb tyre n\u00eb \u00e7do hap, p\u00ebrfshir\u00eb tejkalimin e v\u00ebshtir\u00ebsive n\u00eb nivel vendor.<\/span><\/p>\n<p><span style=\"color: #000000;\"><em>\u201cNe nd\u00ebrkoh\u00eb kemi realizuar nj\u00eb proces besueshm\u00ebrie. Sektori energjitik \u00ebsht\u00eb sektor i garave nd\u00ebrkomb\u00ebtare dhe me reputacion t\u00eb r\u00ebnd\u00ebsish\u00ebm nd\u00ebrkomb\u00ebtar.<\/em><\/span><\/p>\n<p><span style=\"color: #000000;\"><em>Dhe m\u00eb vjen mir\u00eb ta n\u00ebnvizoj meq\u00eb jemi n\u00eb nj\u00eb faz\u00eb ku fjala korrupsion \u00ebsht\u00eb n\u00eb k\u00ebpuc\u00ebt e mod\u00ebs, q\u00eb po nuk e nxor\u00ebm nga goja nuk \u00ebsht\u00eb n\u00eb mod\u00eb, n\u00eb k\u00ebt\u00eb sektor nuk ka nj\u00eb kompani t\u00eb vetme serioze q\u00eb ka marr\u00eb pjes\u00eb n\u00eb k\u00ebto gara e t\u00eb ket\u00eb shprehur nj\u00eb rezerv\u00eb sado t\u00eb vog\u00ebl lidhur me integritetin e garave dhe proceset e stabilizuara n\u00eb k\u00ebt\u00eb sektor.<\/em><\/span><\/p>\n<p><span style=\"color: #000000;\"><em>T\u00eb nj\u00ebjt\u00ebn d\u00ebshmi ta japin fare mir\u00eb amerikan\u00ebt q\u00eb jan\u00eb k\u00ebtu nga sektori privat, sepse jo vet\u00ebm q\u00eb nuk kan\u00eb ndeshur n\u00eb Tiran\u00eb asnj\u00eb penges\u00eb t\u00eb k\u00ebsaj natyre, por e kan\u00eb pasur qeverin\u00eb n\u00eb krah n\u00eb \u00e7do hap edhe p\u00ebr t\u00eb kaluar pengesa absurd n\u00eb nivelin vendor ku \u00ebsht\u00eb e mir\u00ebkuptueshme p\u00ebr nj\u00eb bashki t\u00eb vog\u00ebl, t\u00eb pam\u00ebsuar n\u00eb futjen e territorit t\u00eb projekte t\u00eb nj\u00eb ariu kaq t\u00eb madh q\u00eb t\u00eb kishte dhe ndrotje, ngurrim, rezerva etj. Por sot jemi k\u00ebtu\u201d,<\/em> tha Rama<\/span><\/p>\n","protected":false,"gt_translate_keys":[{"key":"rendered","format":"html"}]},"excerpt":{"rendered":"<p>Kryeministri Edi Rama deklaroi se Shqip\u00ebria ka nd\u00ebrtuar nj\u00eb reputacion t\u00eb besuesh\u00ebm nd\u00ebrkomb\u00ebtar n\u00eb garat p\u00ebr investime n\u00eb sektorin energjitik, duke theksuar se proceset kan\u00eb qen\u00eb t\u00eb ndershme dhe transparente. Ai shtoi se edhe investitor\u00ebt amerikan\u00eb kan\u00eb dh\u00ebn\u00eb d\u00ebshmi pozitive p\u00ebr bashk\u00ebpunimin me institucionet shqiptare, duke theksuar se qeveria ka qen\u00eb pran\u00eb tyre n\u00eb \u00e7do [&hellip;]<\/p>\n","protected":false,"gt_translate_keys":[{"key":"rendered","format":"html"}]},"author":49,"featured_media":780860,"comment_status":"closed","ping_status":"open","sticky":false,"template":"","format":"standard","meta":{"footnotes":""},"categories":[65],"tags":[],"class_list":["post-780859","post","type-post","status-publish","format-standard","has-post-thumbnail","hentry","category-lajme"],"gt_translate_keys":[{"key":"link","format":"url"}],"_links":{"self":[{"href":"https:\/\/www.hashtag.al\/index.php\/wp-json\/wp\/v2\/posts\/780859","targetHints":{"allow":["GET"]}}],"collection":[{"href":"https:\/\/www.hashtag.al\/index.php\/wp-json\/wp\/v2\/posts"}],"about":[{"href":"https:\/\/www.hashtag.al\/index.php\/wp-json\/wp\/v2\/types\/post"}],"author":[{"embeddable":true,"href":"https:\/\/www.hashtag.al\/index.php\/wp-json\/wp\/v2\/users\/49"}],"replies":[{"embeddable":true,"href":"https:\/\/www.hashtag.al\/index.php\/wp-json\/wp\/v2\/comments?post=780859"}],"version-history":[{"count":99999,"href":"https:\/\/www.hashtag.al\/index.php\/wp-json\/wp\/v2\/posts\/780859\/revisions"}],"predecessor-version":[{"id":780862,"href":"https:\/\/www.hashtag.al\/index.php\/wp-json\/wp\/v2\/posts\/780859\/revisions\/780862"}],"wp:featuredmedia":[{"embeddable":true,"href":"https:\/\/www.hashtag.al\/index.php\/wp-json\/wp\/v2\/media\/780860"}],"wp:attachment":[{"href":"https:\/\/www.hashtag.al\/index.php\/wp-json\/wp\/v2\/media?parent=780859"}],"wp:term":[{"taxonomy":"category","embeddable":true,"href":"https:\/\/www.hashtag.al\/index.php\/wp-json\/wp\/v2\/categories?post=780859"},{"taxonomy":"post_tag","embeddable":true,"href":"https:\/\/www.hashtag.al\/index.php\/wp-json\/wp\/v2\/tags?post=780859"}],"curies":[{"name":"wp","href":"https:\/\/api.w.org\/{rel}","templated":true}]}}