{"id":780834,"date":"2026-01-12T09:36:55","date_gmt":"2026-01-12T08:36:55","guid":{"rendered":"https:\/\/www.hashtag.al\/?p=780834"},"modified":"2026-01-12T09:36:55","modified_gmt":"2026-01-12T08:36:55","slug":"ndryshime-ne-nivel-drejtuesish-ne-policine-e-shtetit","status":"publish","type":"post","link":"https:\/\/www.hashtag.al\/index.php\/2026\/01\/12\/ndryshime-ne-nivel-drejtuesish-ne-policine-e-shtetit\/","title":{"rendered":"Ndryshime n\u00eb nivel drejtuesish n\u00eb Policin\u00eb e Shtetit","gt_translate_keys":[{"key":"rendered","format":"text"}]},"content":{"rendered":"<p><span style=\"color: #000000;\"><img loading=\"lazy\" decoding=\"async\" class=\"size-full wp-image-756613 aligncenter\" src=\"https:\/\/www.hashtag.al\/wp-content\/uploads\/2025\/08\/policia-e-shtetit-shqiperi.jpg\" alt=\"\" width=\"900\" height=\"506\" srcset=\"https:\/\/www.hashtag.al\/wp-content\/uploads\/2025\/08\/policia-e-shtetit-shqiperi.jpg 900w, https:\/\/www.hashtag.al\/wp-content\/uploads\/2025\/08\/policia-e-shtetit-shqiperi-300x169.jpg 300w, https:\/\/www.hashtag.al\/wp-content\/uploads\/2025\/08\/policia-e-shtetit-shqiperi-768x432.jpg 768w\" sizes=\"auto, (max-width: 900px) 100vw, 900px\" \/><br \/>\nJan\u00eb b\u00ebr\u00eb ndryshime n\u00eb nivel drejtuesish n\u00eb Policin\u00eb e Shtetit.<\/span><\/p>\n<p><span style=\"color: #000000;\">Sipas informacioneve t\u00eb raportuara nga News 24, Vilson Bala \u00ebsht\u00eb em\u00ebruar Drejtor i Drejtoris\u00eb Vendore t\u00eb Policis\u00eb Kor\u00e7\u00eb. Nd\u00ebrkoh\u00eb, Islor Islami \u00ebsht\u00eb caktuar p\u00ebrkoh\u00ebsisht Drejtor i Drejtoris\u00eb Vendore t\u00eb Policis\u00eb Lezh\u00eb, nd\u00ebrsa Afrim Tafa \u00ebsht\u00eb em\u00ebruar p\u00ebrkoh\u00ebsisht n\u00eb krye t\u00eb Drejtoris\u00eb Vendore t\u00eb Policis\u00eb Durr\u00ebs.<\/span><\/p>\n<p><span style=\"color: #000000;\">Gjithashtu, Drejtori i P\u00ebrgjithsh\u00ebm i Policis\u00eb s\u00eb Shtetit, Drejtues Madhor Ilir Proda, i ka revokuar dor\u00ebheqjen Drejtorit t\u00eb DVP Elbasan, Drejtues Fatmir Hoxha, p\u00ebr shkak t\u00eb rezultateve t\u00eb larta t\u00eb arritura gjat\u00eb fundvitit 2025. Si pasoj\u00eb, Hoxha do t\u00eb vijoj\u00eb detyr\u00ebn si Drejtor i Drejtoris\u00eb Vendore t\u00eb Policis\u00eb Elbasan.<\/span><\/p>\n","protected":false,"gt_translate_keys":[{"key":"rendered","format":"html"}]},"excerpt":{"rendered":"<p>Jan\u00eb b\u00ebr\u00eb ndryshime n\u00eb nivel drejtuesish n\u00eb Policin\u00eb e Shtetit. Sipas informacioneve t\u00eb raportuara nga News 24, Vilson Bala \u00ebsht\u00eb em\u00ebruar Drejtor i Drejtoris\u00eb Vendore t\u00eb Policis\u00eb Kor\u00e7\u00eb. Nd\u00ebrkoh\u00eb, Islor Islami \u00ebsht\u00eb caktuar p\u00ebrkoh\u00ebsisht Drejtor i Drejtoris\u00eb Vendore t\u00eb Policis\u00eb Lezh\u00eb, nd\u00ebrsa Afrim Tafa \u00ebsht\u00eb em\u00ebruar p\u00ebrkoh\u00ebsisht n\u00eb krye t\u00eb Drejtoris\u00eb Vendore t\u00eb Policis\u00eb Durr\u00ebs. [&hellip;]<\/p>\n","protected":false,"gt_translate_keys":[{"key":"rendered","format":"html"}]},"author":32,"featured_media":756613,"comment_status":"closed","ping_status":"open","sticky":false,"template":"","format":"standard","meta":{"footnotes":""},"categories":[65,1],"tags":[],"class_list":["post-780834","post","type-post","status-publish","format-standard","has-post-thumbnail","hentry","category-lajme","category-uncategorized"],"gt_translate_keys":[{"key":"link","format":"url"}],"_links":{"self":[{"href":"https:\/\/www.hashtag.al\/index.php\/wp-json\/wp\/v2\/posts\/780834","targetHints":{"allow":["GET"]}}],"collection":[{"href":"https:\/\/www.hashtag.al\/index.php\/wp-json\/wp\/v2\/posts"}],"about":[{"href":"https:\/\/www.hashtag.al\/index.php\/wp-json\/wp\/v2\/types\/post"}],"author":[{"embeddable":true,"href":"https:\/\/www.hashtag.al\/index.php\/wp-json\/wp\/v2\/users\/32"}],"replies":[{"embeddable":true,"href":"https:\/\/www.hashtag.al\/index.php\/wp-json\/wp\/v2\/comments?post=780834"}],"version-history":[{"count":99999,"href":"https:\/\/www.hashtag.al\/index.php\/wp-json\/wp\/v2\/posts\/780834\/revisions"}],"predecessor-version":[{"id":780837,"href":"https:\/\/www.hashtag.al\/index.php\/wp-json\/wp\/v2\/posts\/780834\/revisions\/780837"}],"wp:featuredmedia":[{"embeddable":true,"href":"https:\/\/www.hashtag.al\/index.php\/wp-json\/wp\/v2\/media\/756613"}],"wp:attachment":[{"href":"https:\/\/www.hashtag.al\/index.php\/wp-json\/wp\/v2\/media?parent=780834"}],"wp:term":[{"taxonomy":"category","embeddable":true,"href":"https:\/\/www.hashtag.al\/index.php\/wp-json\/wp\/v2\/categories?post=780834"},{"taxonomy":"post_tag","embeddable":true,"href":"https:\/\/www.hashtag.al\/index.php\/wp-json\/wp\/v2\/tags?post=780834"}],"curies":[{"name":"wp","href":"https:\/\/api.w.org\/{rel}","templated":true}]}}