{"id":780797,"date":"2026-01-11T22:27:33","date_gmt":"2026-01-11T21:27:33","guid":{"rendered":"https:\/\/www.hashtag.al\/?p=780797"},"modified":"2026-01-11T22:27:33","modified_gmt":"2026-01-11T21:27:33","slug":"vjehrra-e-ish-nusja-e-djalit-akuza-njera-tjetres-gjenden-tre-femijet-e-mitur-ne-nje-banese-ne-durres-nderhyjne-autoritetet","status":"publish","type":"post","link":"https:\/\/www.hashtag.al\/index.php\/2026\/01\/11\/vjehrra-e-ish-nusja-e-djalit-akuza-njera-tjetres-gjenden-tre-femijet-e-mitur-ne-nje-banese-ne-durres-nderhyjne-autoritetet\/","title":{"rendered":"Vjehrra e ish-nusja e djalit akuza nj\u00ebra-tjetr\u00ebs, gjenden tre f\u00ebmij\u00ebt e mitur n\u00eb nj\u00eb banes\u00eb n\u00eb Durr\u00ebs, nd\u00ebrhyjn\u00eb autoritetet","gt_translate_keys":[{"key":"rendered","format":"text"}]},"content":{"rendered":"<p><img loading=\"lazy\" decoding=\"async\" class=\"aligncenter size-full wp-image-780798\" src=\"https:\/\/www.hashtag.al\/wp-content\/uploads\/2026\/01\/0-4.jpg\" alt=\"\" width=\"751\" height=\"423\" srcset=\"https:\/\/www.hashtag.al\/wp-content\/uploads\/2026\/01\/0-4.jpg 751w, https:\/\/www.hashtag.al\/wp-content\/uploads\/2026\/01\/0-4-300x169.jpg 300w\" sizes=\"auto, (max-width: 751px) 100vw, 751px\" \/><\/p>\n<p><span style=\"color: #000000;\">Tre f\u00ebmij\u00eb t\u00eb mitur, t\u00eb moshave 5, 10 dhe 12 vje\u00e7 jan\u00eb gjetur t\u00eb braktisur n\u00eb nj\u00eb banes\u00eb n\u00eb pkazhin e Durr\u00ebsit. Ata dyshohet se kishin disa dit\u00eb pa ngr\u00ebn\u00eb dhe dy prej tyre kishin mbi nj\u00eb muaj q\u00eb nuk shkonin n\u00eb shkoll\u00eb.<\/span><\/p>\n<p><span style=\"color: #000000;\">Pas sinjalizimit nga mediat, policia dhe Ministria e Sh\u00ebndet\u00ebsis\u00eb I kan\u00eb d\u00ebrtguar fillimisht f\u00ebmij\u00ebt n\u00eb spitalin e Durr\u00ebsit p\u00ebr trajtim dhe m\u00eb pas do vendoset se \u00e7far\u00eb do b\u00ebhet me ta.<\/span><\/p>\n<p><span style=\"color: #000000;\">E \u00ebma e f\u00ebmij\u00ebve, Blerina B. \u00ebsht\u00eb procesuar penalisht nd\u00ebrsa denoncimi ndaj saj \u00ebsht\u00eb b\u00ebr\u00eb nga ish-vjehrra me iniciale D.V. Sipas k\u00ebsaj t\u00eb fundit, ish-nusja e djalit kishte l\u00ebn\u00eb vet\u00ebm f\u00ebmij\u00ebt n\u00eb banes\u00eb.<\/span><\/p>\n<p><span style=\"color: #000000;\">F\u00ebmij\u00ebt jan\u00eb d\u00ebrguar n\u00eb Qendr\u00ebn e Mbrojtjes s\u00eb F\u00ebmij\u00ebve n\u00eb Durr\u00ebs ku do vendoset m\u00eb tej p\u00ebr t\u00eb ardhmen e tyre.<\/span><\/p>\n<p><span style=\"color: #000000;\">Nd\u00ebrkoh\u00eb n\u00ebna e f\u00ebmij\u00ebve ka deklaruar se punonte si banakiere dhe merrte nj\u00eb pag\u00eb prej 400 mij\u00eb lek\u00ebsh nd\u00ebrkoh\u00eb q\u00eb vet\u00ebm qiraja merrte m\u00eb shum\u00eb se gjysm\u00ebn e pages\u00ebs.<\/span><\/p>\n<p><span style=\"color: #000000;\"><em>\u201cE kam t\u00eb pamundur q\u00eb t\u00eb rri me f\u00ebmij\u00ebt se s\u2019kam t\u00eb ardhura me se t\u00eb paguaj qeran\u00eb dhe t\u2019i ushqej<\/em><\/span><\/p>\n<p><span style=\"color: #000000;\"><em>Ky \u00ebsht\u00eb kurth nga ish- vjehrra e cila m\u00eb ka paditur se braktis f\u00ebmij\u00ebt . Si mund ta b\u00ebj\u00eb k\u00ebt\u00eb kur un\u00eb vet\u00eb punoj? M\u00eb ka hyr\u00eb pa leje n\u00eb sht\u00ebpi dhe ka m\u00ebsuar f\u00ebmijet t\u00eb flasin keq kund\u00ebr meje. Nuk e di por kjo \u00ebsht\u00eb e patolerueshme si vjen n\u00eb sht\u00ebpin\u00eb time pa leje dhe m\u00eb denoncon n\u00eb polici?\u201d<\/em> &#8211; ka th\u00ebn\u00eb ajo, raporton <a href=\"https:\/\/www.balkanweb.com\/braktisi-3-femijet-ne-durres-gjyshja-paditi-nusen-nis-procedimi-penal-per-33-vjecaren-te-miturit-dergohen-ne-qendren-e-mbrojtjes-se-femijeve\/#gsc.tab=0\">BW<\/a>.<\/span><\/p>\n<p><span style=\"color: #000000;\">Ajo ka deklaruar se nuk do i l\u00ebr\u00eb f\u00ebmij\u00ebt n\u00eb jetimore nd\u00ebrsa ka rr\u00ebfyer se \u00ebsht\u00eb ndar\u00eb nga i shoqi i cli \u00ebsht\u00eb d\u00ebnuar n\u00eb Itali me 5 vite burg.<\/span><\/p>\n<p><span style=\"color: #000000;\"><em>\u201cDoli nga burgu dhe ka paguar p\u00ebr f\u00ebmij\u00ebt 180 mije lek\u00eb t\u00eb vjetra. Si mund t\u2019i ushqej f\u00ebmij\u00ebt me 180 mij\u00eb t\u00eb vjetra n\u00eb muaj? Un\u00eb f\u00ebmijet nuk i braktis kurr\u00eb se jam n\u00ebn\u00eb . Djali i dyte vuan nga epilepsia dhe kam shkuar n\u00eb spitale p\u00ebr kurim p\u00ebr nj\u00eb koh\u00eb t\u00eb gjat\u00eb tani \u00ebsht\u00eb m\u00eb mir\u00eb. Veshk\u00ebn e shes e femijet nuk i l\u00eb! Tani m\u00eb mor\u00ebn n\u00eb pyetje n\u00eb polici se m\u00eb denoncoi vjehrra do hapen gjyqe dhe d\u00ebgjova se do m\u00eb mar\u00eb shteti f\u00ebmijet. F\u00ebmij\u00ebt nuk i l\u00eb n\u00eb jetimore\u201d,<\/em> thot\u00eb gruaja.<\/span><\/p>\n","protected":false,"gt_translate_keys":[{"key":"rendered","format":"html"}]},"excerpt":{"rendered":"<p>Tre f\u00ebmij\u00eb t\u00eb mitur, t\u00eb moshave 5, 10 dhe 12 vje\u00e7 jan\u00eb gjetur t\u00eb braktisur n\u00eb nj\u00eb banes\u00eb n\u00eb pkazhin e Durr\u00ebsit. Ata dyshohet se kishin disa dit\u00eb pa ngr\u00ebn\u00eb dhe dy prej tyre kishin mbi nj\u00eb muaj q\u00eb nuk shkonin n\u00eb shkoll\u00eb. Pas sinjalizimit nga mediat, policia dhe Ministria e Sh\u00ebndet\u00ebsis\u00eb I kan\u00eb d\u00ebrtguar [&hellip;]<\/p>\n","protected":false,"gt_translate_keys":[{"key":"rendered","format":"html"}]},"author":51,"featured_media":780798,"comment_status":"closed","ping_status":"open","sticky":false,"template":"","format":"standard","meta":{"footnotes":""},"categories":[65],"tags":[],"class_list":["post-780797","post","type-post","status-publish","format-standard","has-post-thumbnail","hentry","category-lajme"],"gt_translate_keys":[{"key":"link","format":"url"}],"_links":{"self":[{"href":"https:\/\/www.hashtag.al\/index.php\/wp-json\/wp\/v2\/posts\/780797","targetHints":{"allow":["GET"]}}],"collection":[{"href":"https:\/\/www.hashtag.al\/index.php\/wp-json\/wp\/v2\/posts"}],"about":[{"href":"https:\/\/www.hashtag.al\/index.php\/wp-json\/wp\/v2\/types\/post"}],"author":[{"embeddable":true,"href":"https:\/\/www.hashtag.al\/index.php\/wp-json\/wp\/v2\/users\/51"}],"replies":[{"embeddable":true,"href":"https:\/\/www.hashtag.al\/index.php\/wp-json\/wp\/v2\/comments?post=780797"}],"version-history":[{"count":99999,"href":"https:\/\/www.hashtag.al\/index.php\/wp-json\/wp\/v2\/posts\/780797\/revisions"}],"predecessor-version":[{"id":780799,"href":"https:\/\/www.hashtag.al\/index.php\/wp-json\/wp\/v2\/posts\/780797\/revisions\/780799"}],"wp:featuredmedia":[{"embeddable":true,"href":"https:\/\/www.hashtag.al\/index.php\/wp-json\/wp\/v2\/media\/780798"}],"wp:attachment":[{"href":"https:\/\/www.hashtag.al\/index.php\/wp-json\/wp\/v2\/media?parent=780797"}],"wp:term":[{"taxonomy":"category","embeddable":true,"href":"https:\/\/www.hashtag.al\/index.php\/wp-json\/wp\/v2\/categories?post=780797"},{"taxonomy":"post_tag","embeddable":true,"href":"https:\/\/www.hashtag.al\/index.php\/wp-json\/wp\/v2\/tags?post=780797"}],"curies":[{"name":"wp","href":"https:\/\/api.w.org\/{rel}","templated":true}]}}