{"id":780629,"date":"2026-01-10T14:42:36","date_gmt":"2026-01-10T13:42:36","guid":{"rendered":"https:\/\/www.hashtag.al\/?p=780629"},"modified":"2026-01-10T14:42:36","modified_gmt":"2026-01-10T13:42:36","slug":"berisha-kush-mendon-se-ramen-e-heqin-amerikanet-gabon-do-vazhdojme-protestat","status":"publish","type":"post","link":"https:\/\/www.hashtag.al\/index.php\/2026\/01\/10\/berisha-kush-mendon-se-ramen-e-heqin-amerikanet-gabon-do-vazhdojme-protestat\/","title":{"rendered":"Berisha: Kush mendon se Ram\u00ebn e heqin amerikan\u00ebt, gabon &#8211; do vazhdojm\u00eb protestat","gt_translate_keys":[{"key":"rendered","format":"text"}]},"content":{"rendered":"<p><span style=\"color: #000000;\"><img loading=\"lazy\" decoding=\"async\" class=\"alignnone size-full wp-image-780630\" src=\"https:\/\/www.hashtag.al\/wp-content\/uploads\/2026\/01\/Screenshot-2026-01-10-052222.png\" alt=\"\" width=\"716\" height=\"385\" srcset=\"https:\/\/www.hashtag.al\/wp-content\/uploads\/2026\/01\/Screenshot-2026-01-10-052222.png 716w, https:\/\/www.hashtag.al\/wp-content\/uploads\/2026\/01\/Screenshot-2026-01-10-052222-300x161.png 300w\" sizes=\"auto, (max-width: 716px) 100vw, 716px\" \/><\/span><\/p>\n<p><span style=\"color: #000000;\">Kryetari i Partis\u00eb Demokratike, Sali Berisha, deklaroi gjat\u00eb mbledhjes s\u00eb Kryesis\u00eb s\u00eb PD se protestat mbeten rruga e vetme p\u00ebr largimin e qeveris\u00eb s\u00eb kryeministrit Edi Rama.<\/span><\/p>\n<p><span style=\"color: #000000;\">\u00a0Ai tha se opozita nuk duhet t\u00eb ushqej\u00eb iluzione se ndryshimi politik n\u00eb vend mund t\u00eb vij\u00eb nga nd\u00ebrhyrjet e partner\u00ebve nd\u00ebrkomb\u00ebtar\u00eb.<\/span><\/p>\n<p><span style=\"color: #000000;\"><em>\u201cN\u00ebse ne presim q\u00eb Edi Ram\u00ebn do ta marrin dosjet dhe krimi me vete, gabohemi. Ai do t\u00eb keqp\u00ebrdor\u00eb t\u00eb gjith\u00eb pushtetin p\u00ebr t\u2019u mbrojtur,\u201d<\/em> u shpreh Berisha.<\/span><\/p>\n<p><span style=\"color: #000000;\">Sipas tij, pritshm\u00ebria se Rama do t\u00eb p\u00ebrballej me drejt\u00ebsin\u00eb amerikane nuk \u00ebsht\u00eb realiste, pasi, si\u00e7 tha, \u00e7\u00ebshtjet jan\u00eb komplekse dhe zgjidhja nuk do t\u00eb vij\u00eb nga jasht\u00eb.<\/span><\/p>\n<p><span style=\"color: #000000;\"><em>\u00a0\u201cKush mendon se Ram\u00ebn e heqin amerikan\u00ebt, gabon. Ata q\u00eb duhet t\u2019i p\u00ebrvishen, duhet t\u00eb jen\u00eb qytetar\u00ebt<\/em>,\u201d shtoi ai, duke p\u00ebrmendur shtat\u00eb rezoluta nd\u00ebrkomb\u00ebtare, t\u00eb cilat sipas tij e \u201cdamkosin Ram\u00ebn nj\u00ebsoj si Maduron\u201d.<\/span><\/p>\n<p><span style=\"color: #000000;\">Berisha theksoi se gjat\u00eb mbledhjes s\u00eb Kryesis\u00eb do t\u00eb p\u00ebrcaktohet data e protest\u00ebs s\u00eb ardhshme, nd\u00ebrsa shtoi se PD duhet t\u00eb kaloj\u00eb n\u00eb nj\u00eb faz\u00eb protestash t\u00eb vazhdueshme.<\/span><\/p>\n<p><span style=\"color: #000000;\"><em>\u201cKoha p\u00ebr protesta ka kaluar. Duhet t\u00eb p\u00ebrcaktojm\u00eb dat\u00ebn e protest\u00ebs s\u00eb ardhshme duke theksuar se rruga e vetme p\u00ebr largimin e k\u00ebsaj qeverie \u00ebsht\u00eb protesta e pand\u00ebrprer\u00eb,\u201d<\/em> deklaroi kreu i PD-s\u00eb.<\/span><\/p>\n<p><span style=\"color: #000000;\">Ai akuzoi edhe nj\u00ebher\u00eb qeverin\u00eb p\u00ebr korrupsion, duke p\u00ebrmendur rastin e AKSHI-t dhe tenderat q\u00eb sipas tij kontrollohen nga \u201cLinda e Surrelit me Lind\u00ebn e AKSHI-t\u201d.<\/span><\/p>\n<p>&nbsp;<\/p>\n<p>&nbsp;<\/p>\n","protected":false,"gt_translate_keys":[{"key":"rendered","format":"html"}]},"excerpt":{"rendered":"<p>Kryetari i Partis\u00eb Demokratike, Sali Berisha, deklaroi gjat\u00eb mbledhjes s\u00eb Kryesis\u00eb s\u00eb PD se protestat mbeten rruga e vetme p\u00ebr largimin e qeveris\u00eb s\u00eb kryeministrit Edi Rama. \u00a0Ai tha se opozita nuk duhet t\u00eb ushqej\u00eb iluzione se ndryshimi politik n\u00eb vend mund t\u00eb vij\u00eb nga nd\u00ebrhyrjet e partner\u00ebve nd\u00ebrkomb\u00ebtar\u00eb. \u201cN\u00ebse ne presim q\u00eb Edi Ram\u00ebn [&hellip;]<\/p>\n","protected":false,"gt_translate_keys":[{"key":"rendered","format":"html"}]},"author":32,"featured_media":780630,"comment_status":"closed","ping_status":"open","sticky":false,"template":"","format":"standard","meta":{"footnotes":""},"categories":[65],"tags":[],"class_list":["post-780629","post","type-post","status-publish","format-standard","has-post-thumbnail","hentry","category-lajme"],"gt_translate_keys":[{"key":"link","format":"url"}],"_links":{"self":[{"href":"https:\/\/www.hashtag.al\/index.php\/wp-json\/wp\/v2\/posts\/780629","targetHints":{"allow":["GET"]}}],"collection":[{"href":"https:\/\/www.hashtag.al\/index.php\/wp-json\/wp\/v2\/posts"}],"about":[{"href":"https:\/\/www.hashtag.al\/index.php\/wp-json\/wp\/v2\/types\/post"}],"author":[{"embeddable":true,"href":"https:\/\/www.hashtag.al\/index.php\/wp-json\/wp\/v2\/users\/32"}],"replies":[{"embeddable":true,"href":"https:\/\/www.hashtag.al\/index.php\/wp-json\/wp\/v2\/comments?post=780629"}],"version-history":[{"count":99999,"href":"https:\/\/www.hashtag.al\/index.php\/wp-json\/wp\/v2\/posts\/780629\/revisions"}],"predecessor-version":[{"id":780631,"href":"https:\/\/www.hashtag.al\/index.php\/wp-json\/wp\/v2\/posts\/780629\/revisions\/780631"}],"wp:featuredmedia":[{"embeddable":true,"href":"https:\/\/www.hashtag.al\/index.php\/wp-json\/wp\/v2\/media\/780630"}],"wp:attachment":[{"href":"https:\/\/www.hashtag.al\/index.php\/wp-json\/wp\/v2\/media?parent=780629"}],"wp:term":[{"taxonomy":"category","embeddable":true,"href":"https:\/\/www.hashtag.al\/index.php\/wp-json\/wp\/v2\/categories?post=780629"},{"taxonomy":"post_tag","embeddable":true,"href":"https:\/\/www.hashtag.al\/index.php\/wp-json\/wp\/v2\/tags?post=780629"}],"curies":[{"name":"wp","href":"https:\/\/api.w.org\/{rel}","templated":true}]}}